{"id":600013,"date":"2025-12-15T03:56:26","date_gmt":"2025-12-15T03:56:26","guid":{"rendered":"https:\/\/www.europesays.com\/fr\/600013\/"},"modified":"2025-12-15T03:56:26","modified_gmt":"2025-12-15T03:56:26","slug":"une-banderole-anti-police-deployee-a-la-guillotiere-une-jeune-femme-dans-le-viseur-des-enqueteurs","status":"publish","type":"post","link":"https:\/\/www.europesays.com\/fr\/600013\/","title":{"rendered":"une banderole anti-police d\u00e9ploy\u00e9e \u00e0 la Guilloti\u00e8re, une jeune femme dans le viseur des enqu\u00eateurs"},"content":{"rendered":"<p itemprop=\"description\"><strong>Ce samedi, l&rsquo;ultra-gauche c\u00e9l\u00e9brait l&rsquo;ACAB Day, puisque le 13\/12 correspond \u00e0 la position des lettres dans l&rsquo;alphabet de l&rsquo;acronyme de All Cops are Bastards.<\/strong><\/p>\n<p>A la Guilloti\u00e8re \u00e0 Lyon, une banderole a ainsi \u00e9t\u00e9 d\u00e9ploy\u00e9e place Gabriel P\u00e9ri. On pouvait y lire \u00ab\u00a01312 ACAB Day, les violences de la police sont syst\u00e9miques\u00a0\u00bb.<\/p>\n<p>Selon nos informations, les forces de l&rsquo;ordre ont \u00e9t\u00e9 d\u00e9p\u00each\u00e9es sur place pour enqu\u00eater et retirer la banderole accroch\u00e9e au deuxi\u00e8me \u00e9tage d&rsquo;un immeuble. Mais alors que les agents avaient plac\u00e9 une \u00e9chelle pour s&rsquo;en emparer, une personne cagoule et v\u00eatue de noire apparaissait \u00e0 une fen\u00eatre et d\u00e9crochait la b\u00e2che.<\/p>\n<p>Les policiers ont ensuite fait irruption dans l&rsquo;immeuble pour confronter la jeune femme de 24 ans, d\u00e9j\u00e0 connue de la justice. Apr\u00e8s avoir r\u00e9cup\u00e9r\u00e9 la banderole, ils lui ont remis une convocation pour se pr\u00e9senter au commissariat d\u00e8s lundi.\u00a0<\/p>\n","protected":false},"excerpt":{"rendered":"Ce samedi, l&rsquo;ultra-gauche c\u00e9l\u00e9brait l&rsquo;ACAB Day, puisque le 13\/12 correspond \u00e0 la position des lettres dans l&rsquo;alphabet de&hellip;\n","protected":false},"author":2,"featured_media":600014,"comment_status":"","ping_status":"","sticky":false,"template":"","format":"standard","meta":{"footnotes":""},"categories":[1889],"tags":[1111,11,2813,2190,2430,1109,251,1112,2811,1777,674,118,1011,27,1922,1110,1114,2428,2810,12,241,316,25,2812,517,800],"class_list":{"0":"post-600013","1":"post","2":"type-post","3":"status-publish","4":"format-standard","5":"has-post-thumbnail","7":"category-lyon","8":"tag-actu","9":"tag-actualites","10":"tag-article","11":"tag-asvel","12":"tag-auvergne-rhone-alpes","13":"tag-breves","14":"tag-culture","15":"tag-depeches","16":"tag-economique","17":"tag-eu","18":"tag-europe","19":"tag-faits-divers","20":"tag-fr","21":"tag-france","22":"tag-info","23":"tag-informations","24":"tag-infos","25":"tag-lyon","26":"tag-lyonmag","27":"tag-news","28":"tag-ol","29":"tag-politique","30":"tag-republique-francaise","31":"tag-sociale","32":"tag-sport","33":"tag-transports"},"share_on_mastodon":{"url":"https:\/\/pubeurope.com\/@fr\/115721573813892970","error":""},"_links":{"self":[{"href":"https:\/\/www.europesays.com\/fr\/wp-json\/wp\/v2\/posts\/600013","targetHints":{"allow":["GET"]}}],"collection":[{"href":"https:\/\/www.europesays.com\/fr\/wp-json\/wp\/v2\/posts"}],"about":[{"href":"https:\/\/www.europesays.com\/fr\/wp-json\/wp\/v2\/types\/post"}],"author":[{"embeddable":true,"href":"https:\/\/www.europesays.com\/fr\/wp-json\/wp\/v2\/users\/2"}],"replies":[{"embeddable":true,"href":"https:\/\/www.europesays.com\/fr\/wp-json\/wp\/v2\/comments?post=600013"}],"version-history":[{"count":0,"href":"https:\/\/www.europesays.com\/fr\/wp-json\/wp\/v2\/posts\/600013\/revisions"}],"wp:featuredmedia":[{"embeddable":true,"href":"https:\/\/www.europesays.com\/fr\/wp-json\/wp\/v2\/media\/600014"}],"wp:attachment":[{"href":"https:\/\/www.europesays.com\/fr\/wp-json\/wp\/v2\/media?parent=600013"}],"wp:term":[{"taxonomy":"category","embeddable":true,"href":"https:\/\/www.europesays.com\/fr\/wp-json\/wp\/v2\/categories?post=600013"},{"taxonomy":"post_tag","embeddable":true,"href":"https:\/\/www.europesays.com\/fr\/wp-json\/wp\/v2\/tags?post=600013"}],"curies":[{"name":"wp","href":"https:\/\/api.w.org\/{rel}","templated":true}]}}