{"id":600051,"date":"2025-12-15T04:25:09","date_gmt":"2025-12-15T04:25:09","guid":{"rendered":"https:\/\/www.europesays.com\/fr\/600051\/"},"modified":"2025-12-15T04:25:09","modified_gmt":"2025-12-15T04:25:09","slug":"on-a-regarde-les-images-on-ne-comprend-pas-le-scenario-miraculeux-de-lom-agace-monaco-sur-fond-de-polemique-arbitrale-rmc-sport","status":"publish","type":"post","link":"https:\/\/www.europesays.com\/fr\/600051\/","title":{"rendered":"&quot;On a regard\u00e9 les images, on ne comprend pas&quot;: le sc\u00e9nario miraculeux de l&#039;OM agace Monaco sur fond de pol\u00e9mique arbitrale &#8211; RMC Sport"},"content":{"rendered":"<ol>\n<li><a href=\"https:\/\/news.google.com\/rss\/articles\/CBMi_gFBVV95cUxQUWxERE5WX2NIV05ud0dGdnlfS1hTZFFMaHBpXzAtV2RIWWRjZGlOSDlDb3ZVaE9uOWVOaFBuaHphbjdhTWpqWk1NZlBmTUdRY2t0ZHM1LWpac2NjcEZfYk1mVFlvQWItcmlENFdoalk3dlZjZ29TTUlEWVZWZ1VXLTQ2XzQ3NnE5c2FtQS0tWWFKbl9yekpEQ3ZVczhXUlVpMVVobWozMW5uM0V1aXF3dndWRGFNOUVOaFdHeDJoSmtFb2tPMGpKenRUa19OVzFEc1lfakxVUy02SW9rVkpNYkNaY3dPeV9acFNjdzVlQm5JN2VHNmcwSlFCTXFNdw?oc=5\" target=\"_blank\" rel=\"noopener\">\u00ab\u00a0On a regard\u00e9 les images, on ne comprend pas\u00a0\u00bb: le sc\u00e9nario miraculeux de l&rsquo;OM agace Monaco sur fond de pol\u00e9mique arbitrale<\/a>&nbsp;&nbsp;RMC Sport<\/li>\n<li><a href=\"https:\/\/news.google.com\/rss\/articles\/CBMixAFBVV95cUxOd2MtMGJUN1pNcGVBQm9fcDV1OVBkOUFCbF9xMHF1V3BQd3Jnd0ZmSjkwWW1KcVV0Q3g1Q3dZSGtPLWdzQ2FXdzBydUtGanZOb1UxbHhhVG5SMXpraUkwbzFjcjhLcGpoTXYySm4tYzRkdjJoUi1WTEt5YjROdE0wWk5kVldKaUpzQkx2b05jSGJNaEdkREIzNGl5UVJkdnFWTW9jcW1LOW1zWDllVUpMWmFCUm5uQnpJV1hCanFycVRpYWZs?oc=5\" target=\"_blank\" rel=\"noopener\">Deux buts annul\u00e9s avec le VAR et un paquet de sauvetages : l&rsquo;OM revient de loin pour battre Monaco<\/a>&nbsp;&nbsp;L&rsquo;\u00c9quipe<\/li>\n<li><a href=\"https:\/\/news.google.com\/rss\/articles\/CBMi1wFBVV95cUxNclQ4NFFCYU94M19oRlRkcV81TkJpSWpPNkY5RkRWSlpKdkZDaWFsQWRvQjJZUzdISjJRNzA1TXh6RlZrcjhSbnd3eVhzUnpjSnp6QndTclg0WjFUdGV4MzZVd2tJSlhZYUZDWktXX0JJVGdaaXNzOC16VXFGemNrcTdqQUItWG5XM3lENWJ4aHRvdFdEaVNJT2lBTmZwVk1FaVFjc0NiallTVEFBeUJ2X09CVGN3MjVsSkFZWEF6QS1lZ0tVU2RQNGJjUEMxVWF3Y0hwWnlXUQ?oc=5\" target=\"_blank\" rel=\"noopener\">Ligue 1 \u250216e journ\u00e9e \u2502Mason Greenwood lib\u00e8re l&rsquo;OM contre Monaco (1-0)<\/a>&nbsp;&nbsp;Eurosport<\/li>\n<li><a href=\"https:\/\/news.google.com\/rss\/articles\/CBMi9wFBVV95cUxOdnk3SnRpZFZ5eUQ3Rnd5OUdoQUkzNndqd1VCSDNTQ0Z3eEFETlAzZE5TblBOOTlXazVFdDJEMVBFUXd0eHZYUlJsSkpWRnNRN0ZBbHpnd3F3TUpNN2RNU05iUHVMR21ZYkVvdmNjTmR5aWpPbmNTS2dLZzVRc3I3OE9lNExTWVBtdlNoZmROMWVJOTFjV1pRUHB4MnUwZ2R6ZHdOc3Vmc3hGNDJxbmdELXlxZ0dGWVV4Nm96QU9hX0JsWE8xU0Z1cmJiNzI2OUs3eGdDUVBjZE1Fc3RHMlVBMUtZNzkzN0RxWmpjSzNncnU5cXdhNkhB?oc=5\" target=\"_blank\" rel=\"noopener\">OM &#8211; AS Monaco : Marseille retrouve le podium apr\u00e8s un nouveau but de Green\u2026<\/a>&nbsp;&nbsp;20 Minutes<\/li>\n<li><a href=\"https:\/\/news.google.com\/rss\/articles\/CBMikgFBVV95cUxOdkZFeWdTbE1WdVQxb29fX1FJU1pleng4Tml5YV9IeXJnTjRScjV0cU1sekNyRXBzRDJyaDhpSmg1V05admdROV9LaERGUTdkU2hrUkRHUjE4UDhGYmRhaE41c0J2TjRTRXRFek5ONnczbjIzbi1aVlZKbXpxZ2dFQjBUQ1IzaGdhYXptS1lJXzFKQQ?oc=5\" target=\"_blank\" rel=\"noopener\">Les supporters de l\u2019OM d\u00e9zinguent la LFP !<\/a>&nbsp;&nbsp;Foot Mercato<\/li>\n<\/ol>\n","protected":false},"excerpt":{"rendered":"\u00ab\u00a0On a regard\u00e9 les images, on ne comprend pas\u00a0\u00bb: le sc\u00e9nario miraculeux de l&rsquo;OM agace Monaco sur fond&hellip;\n","protected":false},"author":2,"featured_media":395849,"comment_status":"","ping_status":"","sticky":false,"template":"","format":"standard","meta":{"footnotes":""},"categories":[1410],"tags":[63,1011,27,60],"class_list":{"0":"post-600051","1":"post","2":"type-post","3":"status-publish","4":"format-standard","5":"has-post-thumbnail","7":"category-football","8":"tag-football","9":"tag-fr","10":"tag-france","11":"tag-sports"},"share_on_mastodon":{"url":"https:\/\/pubeurope.com\/@fr\/115721687818259048","error":""},"_links":{"self":[{"href":"https:\/\/www.europesays.com\/fr\/wp-json\/wp\/v2\/posts\/600051","targetHints":{"allow":["GET"]}}],"collection":[{"href":"https:\/\/www.europesays.com\/fr\/wp-json\/wp\/v2\/posts"}],"about":[{"href":"https:\/\/www.europesays.com\/fr\/wp-json\/wp\/v2\/types\/post"}],"author":[{"embeddable":true,"href":"https:\/\/www.europesays.com\/fr\/wp-json\/wp\/v2\/users\/2"}],"replies":[{"embeddable":true,"href":"https:\/\/www.europesays.com\/fr\/wp-json\/wp\/v2\/comments?post=600051"}],"version-history":[{"count":0,"href":"https:\/\/www.europesays.com\/fr\/wp-json\/wp\/v2\/posts\/600051\/revisions"}],"wp:featuredmedia":[{"embeddable":true,"href":"https:\/\/www.europesays.com\/fr\/wp-json\/wp\/v2\/media\/395849"}],"wp:attachment":[{"href":"https:\/\/www.europesays.com\/fr\/wp-json\/wp\/v2\/media?parent=600051"}],"wp:term":[{"taxonomy":"category","embeddable":true,"href":"https:\/\/www.europesays.com\/fr\/wp-json\/wp\/v2\/categories?post=600051"},{"taxonomy":"post_tag","embeddable":true,"href":"https:\/\/www.europesays.com\/fr\/wp-json\/wp\/v2\/tags?post=600051"}],"curies":[{"name":"wp","href":"https:\/\/api.w.org\/{rel}","templated":true}]}}