{"id":600109,"date":"2025-12-15T05:10:13","date_gmt":"2025-12-15T05:10:13","guid":{"rendered":"https:\/\/www.europesays.com\/fr\/600109\/"},"modified":"2025-12-15T05:10:13","modified_gmt":"2025-12-15T05:10:13","slug":"castanet-tolosan-la-nature-a-lencre-de-myriam-galinier","status":"publish","type":"post","link":"https:\/\/www.europesays.com\/fr\/600109\/","title":{"rendered":"Castanet-Tolosan. La nature \u00e0 l\u2019encre de Myriam Galinier"},"content":{"rendered":"<p>L\u2019exposition de Myriam Galinier, inaugur\u00e9e jeudi 11 d\u00e9cembre \u00e0 la salle Dauriac de la mairie de Castanet, se d\u00e9couvre jusqu\u2019au 16 janvier. Pr\u00e9sent\u00e9e par Catherine Labroux, \u00e9lue \u00e0 la Culture, elle met en lumi\u00e8re une artiste transdisciplinaire, po\u00e8te et auteure-interpr\u00e8te, qui fait dialoguer litt\u00e9rature et arts visuels. Inspir\u00e9e par l\u2019\u0153uvre de Matsuo Bash\u00f4, ma\u00eetre du ha\u00efku japonais du XVIIe si\u00e8cle, l\u2019artiste a con\u00e7u une s\u00e9rie d\u2019encres m\u00ealant \u00e9criture, nature et mouvement, fruit de plus de trois ans de travail. Elle revendique \u00ab\u00a0une pratique de l\u2019\u00e9pure, sans repr\u00e9sentation humaine, o\u00f9 le geste compte autant que la trace laiss\u00e9e\u00a0\u00bb. Ancienne judokate, elle avoue y retrouver la qu\u00eate du mouvement parfait. Ses outils, glan\u00e9s lors de ses promenades \u2013 bois, aiguilles de pin \u2013 s\u2019accordent \u00e0 des m\u00e9diums naturels comme l\u2019encre de Chine, le brou de noix ou de pin et l\u2019aquarelle en touches color\u00e9es. L\u2019ensemble compose une \u0153uvre m\u00e9ditative, silencieuse et profond\u00e9ment apaisante.<\/p>\n","protected":false},"excerpt":{"rendered":"L\u2019exposition de Myriam Galinier, inaugur\u00e9e jeudi 11 d\u00e9cembre \u00e0 la salle Dauriac de la mairie de Castanet, se&hellip;\n","protected":false},"author":2,"featured_media":600110,"comment_status":"","ping_status":"","sticky":false,"template":"","format":"standard","meta":{"footnotes":""},"categories":[2816],"tags":[1111,11,71257,872,1777,674,1349,1011,27,2722,12,2680,25,2312],"class_list":{"0":"post-600109","1":"post","2":"type-post","3":"status-publish","4":"format-standard","5":"has-post-thumbnail","7":"category-toulouse","8":"tag-actu","9":"tag-actualites","10":"tag-castanettolosan","11":"tag-culture-et-loisirs","12":"tag-eu","13":"tag-europe","14":"tag-expositions","15":"tag-fr","16":"tag-france","17":"tag-haute-garonne","18":"tag-news","19":"tag-occitanie","20":"tag-republique-francaise","21":"tag-toulouse"},"share_on_mastodon":{"url":"https:\/\/pubeurope.com\/@fr\/115721864750389854","error":""},"_links":{"self":[{"href":"https:\/\/www.europesays.com\/fr\/wp-json\/wp\/v2\/posts\/600109","targetHints":{"allow":["GET"]}}],"collection":[{"href":"https:\/\/www.europesays.com\/fr\/wp-json\/wp\/v2\/posts"}],"about":[{"href":"https:\/\/www.europesays.com\/fr\/wp-json\/wp\/v2\/types\/post"}],"author":[{"embeddable":true,"href":"https:\/\/www.europesays.com\/fr\/wp-json\/wp\/v2\/users\/2"}],"replies":[{"embeddable":true,"href":"https:\/\/www.europesays.com\/fr\/wp-json\/wp\/v2\/comments?post=600109"}],"version-history":[{"count":0,"href":"https:\/\/www.europesays.com\/fr\/wp-json\/wp\/v2\/posts\/600109\/revisions"}],"wp:featuredmedia":[{"embeddable":true,"href":"https:\/\/www.europesays.com\/fr\/wp-json\/wp\/v2\/media\/600110"}],"wp:attachment":[{"href":"https:\/\/www.europesays.com\/fr\/wp-json\/wp\/v2\/media?parent=600109"}],"wp:term":[{"taxonomy":"category","embeddable":true,"href":"https:\/\/www.europesays.com\/fr\/wp-json\/wp\/v2\/categories?post=600109"},{"taxonomy":"post_tag","embeddable":true,"href":"https:\/\/www.europesays.com\/fr\/wp-json\/wp\/v2\/tags?post=600109"}],"curies":[{"name":"wp","href":"https:\/\/api.w.org\/{rel}","templated":true}]}}