{"id":600122,"date":"2025-12-15T05:19:44","date_gmt":"2025-12-15T05:19:44","guid":{"rendered":"https:\/\/www.europesays.com\/fr\/600122\/"},"modified":"2025-12-15T05:19:44","modified_gmt":"2025-12-15T05:19:44","slug":"gros-coup-darret-pour-anne-hidalgo-dans-sa-reconversion-apres-les-municipales-de-2026","status":"publish","type":"post","link":"https:\/\/www.europesays.com\/fr\/600122\/","title":{"rendered":"gros coup d\u2019arr\u00eat pour Anne Hidalgo dans sa reconversion apr\u00e8s les municipales de 2026"},"content":{"rendered":"<p>                    Par<br \/>\n        <strong><br \/>\n            <a href=\"https:\/\/actu.fr\/auteur\/thomas-martin\" title=\"Consulter tous les articles de Thomas Martin\" target=\"_blank\" rel=\"noopener\">Thomas Martin<\/a><br \/>\n                    <\/strong><\/p>\n<p>        Publi\u00e9 le<\/p>\n<p>            13 d\u00e9c. 2025 \u00e0 10h50        <\/p>\n<p>La maire de Paris esp\u00e9rait que 2026 soit l\u2019ann\u00e9e de sa reconversion internationale apr\u00e8s les <a href=\"https:\/\/actu.fr\/tag\/municipales-2026\" target=\"_blank\" rel=\"noopener\">\u00e9lections municipales<\/a> auxquelles elle ne se repr\u00e9sentera pas. Mais <a href=\"https:\/\/actu.fr\/tag\/anne-hidalgo\" target=\"_blank\" rel=\"noopener\">Anne Hidalgo<\/a> vient d\u2019essuyer un revers majeur : elle n\u2019a pas \u00e9t\u00e9 choisie pour diriger le Haut-Commissariat des Nations unies pour les r\u00e9fugi\u00e9s (HCR), un poste prestigieux bas\u00e9 \u00e0 Gen\u00e8ve qui aurait marqu\u00e9 un tournant dans sa carri\u00e8re.\u00a0<\/p>\n<p>Pas le \u00ab\u00a0niveau requis\u00a0\u00bb ?\u00a0<\/p>\n<p class=\" wall-content\">Sur ce dossier, Anne Hidalgo avait pourtant mis les moyens. Elle a men\u00e9 une campagne active \u00e0 l\u2019international ces derniers mois, multipliant les d\u00e9placements \u00e0 New York, en Suisse ou encore en Afrique pour convaincre les responsables onusiens de la retenir.\u00a0<\/p>\n<p class=\" wall-content\">Mais, au final, c\u2019est l\u2019ancien pr\u00e9sident irakien Barham Saleh qui a \u00e9t\u00e9 choisi par le secr\u00e9taire g\u00e9n\u00e9ral de l\u2019ONU, Antonio Guterres, pour succ\u00e9der \u00e0 l\u2019Italien Filippo Grandi au 1er janvier.<\/p>\n<p class=\" wall-content\">Cette nomination doit encore \u00eatre valid\u00e9e formellement par l\u2019Assembl\u00e9e g\u00e9n\u00e9rale des Nations unies, une \u00e9tape consid\u00e9r\u00e9e comme une simple formalit\u00e9.\u00a0<\/p>\n<p class=\" wall-content\">Selon des sources internes cit\u00e9es par <a href=\"https:\/\/www.lefigaro.fr\/politique\/anne-hidalgo-echoue-a-prendre-la-tete-du-haut-commissariat-aux-refugies-de-l-onu-20251212\" target=\"_blank\" rel=\"noopener\">Le Figaro<\/a>, la candidature d\u2019Anne Hidalgo n\u2019aurait jamais \u00e9t\u00e9 jug\u00e9e au \u201cniveau requis\u201d pour ce r\u00f4le, ce qui explique son \u00e9chec.\u00a0<\/p>\n<p class=\" wall-content\">Personnalisez votre actualit\u00e9 en ajoutant vos villes et m\u00e9dias en favori avec <a href=\"https:\/\/moncompte.actu.fr\" title=\"D\u00e9couvez Mon Actu\" rel=\"nofollow noopener\" data-trk=\"{&quot;cta&quot;:{&quot;action&quot;:&quot;https:\\\/\\\/moncompte.actu.fr&quot;,&quot;category&quot;:&quot;mon compte&quot;,&quot;from&quot;:&quot;article footer&quot;,&quot;name&quot;:&quot;Mon actu&quot;,&quot;type&quot;:&quot;cta&quot;}}\" target=\"_blank\">Mon Actu<\/a>.<\/p>\n","protected":false},"excerpt":{"rendered":"Par Thomas Martin Publi\u00e9 le 13 d\u00e9c. 2025 \u00e0 10h50 La maire de Paris esp\u00e9rait que 2026 soit&hellip;\n","protected":false},"author":2,"featured_media":600123,"comment_status":"","ping_status":"","sticky":false,"template":"","format":"standard","meta":{"footnotes":""},"categories":[1592],"tags":[1111,11,2618,4188,1777,674,1011,27,662,3434,12,626,316,25],"class_list":{"0":"post-600122","1":"post","2":"type-post","3":"status-publish","4":"format-standard","5":"has-post-thumbnail","7":"category-ile-de-france","8":"tag-actu","9":"tag-actualites","10":"tag-anne-hidalgo","11":"tag-elections-municipales","12":"tag-eu","13":"tag-europe","14":"tag-fr","15":"tag-france","16":"tag-ile-de-france","17":"tag-municipales-2026","18":"tag-news","19":"tag-paris","20":"tag-politique","21":"tag-republique-francaise"},"share_on_mastodon":{"url":"https:\/\/pubeurope.com\/@fr\/115721900191263056","error":""},"_links":{"self":[{"href":"https:\/\/www.europesays.com\/fr\/wp-json\/wp\/v2\/posts\/600122","targetHints":{"allow":["GET"]}}],"collection":[{"href":"https:\/\/www.europesays.com\/fr\/wp-json\/wp\/v2\/posts"}],"about":[{"href":"https:\/\/www.europesays.com\/fr\/wp-json\/wp\/v2\/types\/post"}],"author":[{"embeddable":true,"href":"https:\/\/www.europesays.com\/fr\/wp-json\/wp\/v2\/users\/2"}],"replies":[{"embeddable":true,"href":"https:\/\/www.europesays.com\/fr\/wp-json\/wp\/v2\/comments?post=600122"}],"version-history":[{"count":0,"href":"https:\/\/www.europesays.com\/fr\/wp-json\/wp\/v2\/posts\/600122\/revisions"}],"wp:featuredmedia":[{"embeddable":true,"href":"https:\/\/www.europesays.com\/fr\/wp-json\/wp\/v2\/media\/600123"}],"wp:attachment":[{"href":"https:\/\/www.europesays.com\/fr\/wp-json\/wp\/v2\/media?parent=600122"}],"wp:term":[{"taxonomy":"category","embeddable":true,"href":"https:\/\/www.europesays.com\/fr\/wp-json\/wp\/v2\/categories?post=600122"},{"taxonomy":"post_tag","embeddable":true,"href":"https:\/\/www.europesays.com\/fr\/wp-json\/wp\/v2\/tags?post=600122"}],"curies":[{"name":"wp","href":"https:\/\/api.w.org\/{rel}","templated":true}]}}