{"id":600134,"date":"2025-12-15T05:25:20","date_gmt":"2025-12-15T05:25:20","guid":{"rendered":"https:\/\/www.europesays.com\/fr\/600134\/"},"modified":"2025-12-15T05:25:20","modified_gmt":"2025-12-15T05:25:20","slug":"steve-witkoff-evoque-beaucoup-de-progres-apres-sa-rencontre-ce-dimanche-avec-volodymyr-zelensky","status":"publish","type":"post","link":"https:\/\/www.europesays.com\/fr\/600134\/","title":{"rendered":"Steve Witkoff \u00e9voque \u00ab\u00a0beaucoup de progr\u00e8s\u00a0\u00bb,\u00a0\u00bb apr\u00e8s sa rencontre ce dimanche avec Volodymyr Zelensky"},"content":{"rendered":"<p><img loading=\"lazy\" decoding=\"async\" src=\"https:\/\/www.europesays.com\/fr\/wp-content\/uploads\/2025\/12\/Guerre-en-Ukraine-Steve-Witkoff-evoque-beaucoup-de-progres-apres-sa-rencontre-ce-dimanche-avec-Volod.webp\" width=\"1200\" height=\"675\" alt=\"placeholder video\"\/><\/p>\n<p>L&rsquo;Ukraine et les \u00c9tats-Unis vont se retrouver ce lundi \u00e0 Berlin afin de poursuivre les pourparlers entam\u00e9s ce dimanche.5 heures de discussions et d\u00e9j\u00e0 \u00ab\u00a0beaucoup de progr\u00e8s\u00a0\u00bb a estim\u00e9 l&rsquo;\u00e9missaire am\u00e9ricain, Steve Witkoff. Kiev cherche toujours \u00e0 convaincre Washington qu&rsquo;un cessez-le-feu doit intervenir en Ukraine sans les concessions territoriales pr\u00e9alables qu&rsquo;exige la Russie et que pr\u00e9voyait le plan de paix initial.\u00a0<\/p>\n<p>Aujourd&rsquo;hui \u00e0 06h14 | Dur\u00e9e : 0:23<\/p>\n","protected":false},"excerpt":{"rendered":"L&rsquo;Ukraine et les \u00c9tats-Unis vont se retrouver ce lundi \u00e0 Berlin afin de poursuivre les pourparlers entam\u00e9s ce&hellip;\n","protected":false},"author":2,"featured_media":600135,"comment_status":"","ping_status":"","sticky":false,"template":"","format":"standard","meta":{"footnotes":""},"categories":[1590],"tags":[11,1777,674,12,220],"class_list":{"0":"post-600134","1":"post","2":"type-post","3":"status-publish","4":"format-standard","5":"has-post-thumbnail","7":"category-ukraine","8":"tag-actualites","9":"tag-eu","10":"tag-europe","11":"tag-news","12":"tag-ukraine"},"share_on_mastodon":{"url":"https:\/\/pubeurope.com\/@fr\/115721924410618149","error":""},"_links":{"self":[{"href":"https:\/\/www.europesays.com\/fr\/wp-json\/wp\/v2\/posts\/600134","targetHints":{"allow":["GET"]}}],"collection":[{"href":"https:\/\/www.europesays.com\/fr\/wp-json\/wp\/v2\/posts"}],"about":[{"href":"https:\/\/www.europesays.com\/fr\/wp-json\/wp\/v2\/types\/post"}],"author":[{"embeddable":true,"href":"https:\/\/www.europesays.com\/fr\/wp-json\/wp\/v2\/users\/2"}],"replies":[{"embeddable":true,"href":"https:\/\/www.europesays.com\/fr\/wp-json\/wp\/v2\/comments?post=600134"}],"version-history":[{"count":0,"href":"https:\/\/www.europesays.com\/fr\/wp-json\/wp\/v2\/posts\/600134\/revisions"}],"wp:featuredmedia":[{"embeddable":true,"href":"https:\/\/www.europesays.com\/fr\/wp-json\/wp\/v2\/media\/600135"}],"wp:attachment":[{"href":"https:\/\/www.europesays.com\/fr\/wp-json\/wp\/v2\/media?parent=600134"}],"wp:term":[{"taxonomy":"category","embeddable":true,"href":"https:\/\/www.europesays.com\/fr\/wp-json\/wp\/v2\/categories?post=600134"},{"taxonomy":"post_tag","embeddable":true,"href":"https:\/\/www.europesays.com\/fr\/wp-json\/wp\/v2\/tags?post=600134"}],"curies":[{"name":"wp","href":"https:\/\/api.w.org\/{rel}","templated":true}]}}