{"id":600140,"date":"2025-12-15T05:28:18","date_gmt":"2025-12-15T05:28:18","guid":{"rendered":"https:\/\/www.europesays.com\/fr\/600140\/"},"modified":"2025-12-15T05:28:18","modified_gmt":"2025-12-15T05:28:18","slug":"mondial-de-handball-la-norvege-sacree-championne-en-battant-lallemagne-en-finale-sport","status":"publish","type":"post","link":"https:\/\/www.europesays.com\/fr\/600140\/","title":{"rendered":"Mondial de handball. La Norv\u00e8ge sacr\u00e9e championne en battant l\u2019Allemagne en finale . Sport"},"content":{"rendered":"<p>Apr\u00e8s la petite finale du Mondial de handball ce dimanche 14\u00a0d\u00e9cembre 2025, remport\u00e9e par l\u2019\u00e9quipe de France, la Norv\u00e8ge et <a href=\"https:\/\/www.ouest-france.fr\/sport\/handball\/championnats-du-monde\/direct-france-allemagne-suivez-le-match-des-bleues-en-demi-finale-du-mondial-de-handball-en-live-620dbf53-d3c9-437f-84a1-18cdc362644e\" target=\"_blank\" rel=\"noopener\">l\u2019Allemagne<\/a> se retrouvaient pour la grande finale du tournoi. Ce sont les Scandinaves qui l\u2019ont emport\u00e9, difficilement dans un match serr\u00e9 (20-23). C\u2019est la cinqui\u00e8me fois qu\u2019elles remportent la comp\u00e9tition.<\/p>\n<p>Un match ind\u00e9cis jusqu\u2019au bout<\/p>\n<p>En premi\u00e8re p\u00e9riode, les deux s\u00e9lections se sont rendues coup pour coup, sans qu\u2019aucune ne parvienne \u00e0 prendre un s\u00e9rieux avantage. Ce sont les Allemandes, malgr\u00e9 tout, qui sont parvenues, un temps, \u00e0 prendre deux buts d\u2019avance, mais les Norv\u00e9giennes recollaient juste avant la pause et c\u2019est sur un score de parit\u00e9 que les deux \u00e9quipes rentraient aux vestiaires (11-11).<\/p>\n<p>D\u00e8s le d\u00e9but du second acte, les championnes olympiques et d\u2019Europe en titre essaient de prendre un petit matelas d\u2019avance, mais sans r\u00e9ussite, car Allemandes et Norv\u00e9giennes se sont tenues \u00e0 un, deux, voire trois points d\u2019\u00e9cart. La diff\u00e9rence s\u2019est faite dans les trois derni\u00e8res minutes du match (19-22, 58\u2019).<\/p>\n<p>Les Allemandes doivent se contenter de l\u2019argent et ne devront encore attendre avant de r\u00e9\u00e9diter la performance de 1993, o\u00f9 elle avait \u00e9t\u00e9 sacr\u00e9e.<\/p>\n<p>\u00a0<\/p>\n","protected":false},"excerpt":{"rendered":"Apr\u00e8s la petite finale du Mondial de handball ce dimanche 14\u00a0d\u00e9cembre 2025, remport\u00e9e par l\u2019\u00e9quipe de France, la&hellip;\n","protected":false},"author":2,"featured_media":600141,"comment_status":"","ping_status":"","sticky":false,"template":"","format":"standard","meta":{"footnotes":""},"categories":[1587],"tags":[1111,11,672,3809,1465,1804,1805,1803,1777,674,63,1801,1792,1922,1781,12,1802,479,517,1470],"class_list":{"0":"post-600140","1":"post","2":"type-post","3":"status-publish","4":"format-standard","5":"has-post-thumbnail","7":"category-allemagne","8":"tag-actu","9":"tag-actualites","10":"tag-allemagne","11":"tag-ball","12":"tag-basket","13":"tag-bundesrepublik-deutschland","14":"tag-de","15":"tag-deutschland","16":"tag-eu","17":"tag-europe","18":"tag-football","19":"tag-germany","20":"tag-handball","21":"tag-info","22":"tag-lorient","23":"tag-news","24":"tag-republique-federale-dallemagne","25":"tag-rugby","26":"tag-sport","27":"tag-volley"},"share_on_mastodon":{"url":"https:\/\/pubeurope.com\/@fr\/115721935479831931","error":""},"_links":{"self":[{"href":"https:\/\/www.europesays.com\/fr\/wp-json\/wp\/v2\/posts\/600140","targetHints":{"allow":["GET"]}}],"collection":[{"href":"https:\/\/www.europesays.com\/fr\/wp-json\/wp\/v2\/posts"}],"about":[{"href":"https:\/\/www.europesays.com\/fr\/wp-json\/wp\/v2\/types\/post"}],"author":[{"embeddable":true,"href":"https:\/\/www.europesays.com\/fr\/wp-json\/wp\/v2\/users\/2"}],"replies":[{"embeddable":true,"href":"https:\/\/www.europesays.com\/fr\/wp-json\/wp\/v2\/comments?post=600140"}],"version-history":[{"count":0,"href":"https:\/\/www.europesays.com\/fr\/wp-json\/wp\/v2\/posts\/600140\/revisions"}],"wp:featuredmedia":[{"embeddable":true,"href":"https:\/\/www.europesays.com\/fr\/wp-json\/wp\/v2\/media\/600141"}],"wp:attachment":[{"href":"https:\/\/www.europesays.com\/fr\/wp-json\/wp\/v2\/media?parent=600140"}],"wp:term":[{"taxonomy":"category","embeddable":true,"href":"https:\/\/www.europesays.com\/fr\/wp-json\/wp\/v2\/categories?post=600140"},{"taxonomy":"post_tag","embeddable":true,"href":"https:\/\/www.europesays.com\/fr\/wp-json\/wp\/v2\/tags?post=600140"}],"curies":[{"name":"wp","href":"https:\/\/api.w.org\/{rel}","templated":true}]}}