{"id":600152,"date":"2025-12-15T05:37:11","date_gmt":"2025-12-15T05:37:11","guid":{"rendered":"https:\/\/www.europesays.com\/fr\/600152\/"},"modified":"2025-12-15T05:37:11","modified_gmt":"2025-12-15T05:37:11","slug":"la-meilleure-audience-tele-en-2025-cest-un-match-de-rugby-et-pas-nimporte-lequel","status":"publish","type":"post","link":"https:\/\/www.europesays.com\/fr\/600152\/","title":{"rendered":"La meilleure audience t\u00e9l\u00e9 en 2025, c&rsquo;est un match de rugby (et pas n&rsquo;importe lequel)"},"content":{"rendered":"<p>                    Par<br \/>\n        <strong><br \/>\n            <a href=\"https:\/\/actu.fr\/auteur\/clement-mazella\" title=\"Consulter tous les articles de Cl\u00e9ment Mazella\" target=\"_blank\" rel=\"noopener\">Cl\u00e9ment Mazella<\/a><br \/>\n                    <\/strong><\/p>\n<p>        Publi\u00e9 le<\/p>\n<p>            14 d\u00e9c. 2025 \u00e0 14h33        <\/p>\n<p>9,8 millions de t\u00e9l\u00e9spectateurs : voici la <strong>meilleure audience t\u00e9l\u00e9 en 2025<\/strong>. Et \u00e7a concerne un match de <a href=\"https:\/\/actu.fr\/rugby\/\" target=\"_blank\" rel=\"noopener\">rugby<\/a>.<\/p>\n<p>Meilleure audience t\u00e9l\u00e9 : le XV de France sacr\u00e9<\/p>\n<p class=\" wall-content\">Comme mentionn\u00e9 par <a href=\"https:\/\/www.cnews.fr\/france\/2025-12-13\/television-voici-la-meilleure-audience-de-lannee-2025-et-ce-nest-pas-le-sacre-du\" target=\"_blank\" rel=\"noopener\">CNews<\/a> et <a href=\"https:\/\/www.leparisien.fr\/culture-loisirs\/tv\/rugby-psg-hpi-les-enfoires-quels-programmes-dominent-le-top-100-des-audiences-de-la-tele-en-2025-14-12-2025-77JHTBYGUVFF5IGX5MK2PALT2M.php\" target=\"_blank\" rel=\"noopener\">Le Parisien<\/a>, <strong>le match du XV de France contre l\u2019\u00c9cosse<\/strong>, le 15 mars, figure en t\u00eate du classement des meilleures audiences t\u00e9l\u00e9 en 2025.<\/p>\n<p class=\" wall-content\">Une rencontre, diffus\u00e9e en prime time sur France 2, qui avait vu Antoine Dupont et ses co\u00e9quipiers remporter le <a href=\"https:\/\/actu.fr\/rugby\/tournoi-des-6-nations\" target=\"_blank\" rel=\"noopener\">Tournoi des 6 Nations<\/a>.\u00a0<\/p>\n<p class=\" wall-content\">Si l\u2019ann\u00e9e 2025 n\u2019est pas termin\u00e9e, le podium des meilleures audiences t\u00e9l\u00e9 ne devrait plus bouger. En 2e position, on retrouve le sacre du PSG en finale de Ligue des Champions, diffus\u00e9e sur M6 (8,8 millions). Il se classe devant le spectacle annuel des Enfoir\u00e9s qui a r\u00e9uni 8,4 millions de t\u00e9l\u00e9spectateurs sur TF1.<\/p>\n<p>Record d\u2019audience pour le rugby f\u00e9minin<\/p>\n<p class=\" wall-content\">C\u2019est une premi\u00e8re place de prestige pour le rugby, qui confirme qu\u2019il attire un public toujours plus nombreux lors des rendez-vous du <a href=\"https:\/\/actu.fr\/rugby\/xv-de-france\" target=\"_blank\" rel=\"noopener\">XV de France<\/a>.<\/p>\n<p class=\" wall-content\">Signalons que le XV de France F\u00e9minin avait r\u00e9alis\u00e9 la meilleure audience de son histoire lors de la Coupe du monde lors de la demi-finale perdue par les Bleues contre l\u2019Angleterre (3,8 millions de t\u00e9l\u00e9spectateurs).<\/p>\n<p class=\" wall-content\">Personnalisez votre actualit\u00e9 en ajoutant vos villes et m\u00e9dias en favori avec <a href=\"https:\/\/moncompte.actu.fr\" title=\"D\u00e9couvez Mon Actu\" rel=\"nofollow noopener\" data-trk=\"{&quot;cta&quot;:{&quot;action&quot;:&quot;https:\\\/\\\/moncompte.actu.fr&quot;,&quot;category&quot;:&quot;mon compte&quot;,&quot;from&quot;:&quot;article footer&quot;,&quot;name&quot;:&quot;Mon actu&quot;,&quot;type&quot;:&quot;cta&quot;}}\" target=\"_blank\">Mon Actu<\/a>.<\/p>\n","protected":false},"excerpt":{"rendered":"Par Cl\u00e9ment Mazella Publi\u00e9 le 14 d\u00e9c. 2025 \u00e0 14h33 9,8 millions de t\u00e9l\u00e9spectateurs : voici la meilleure&hellip;\n","protected":false},"author":2,"featured_media":600153,"comment_status":"","ping_status":"","sticky":false,"template":"","format":"standard","meta":{"footnotes":""},"categories":[1416],"tags":[12116,1011,27,3788,479,1468,60,252,513],"class_list":{"0":"post-600152","1":"post","2":"type-post","3":"status-publish","4":"format-standard","5":"has-post-thumbnail","7":"category-rugby","8":"tag-ffr","9":"tag-fr","10":"tag-france","11":"tag-pro","12":"tag-rugby","13":"tag-rugby-football","14":"tag-sports","15":"tag-television","16":"tag-xv-de-france"},"share_on_mastodon":{"url":"https:\/\/pubeurope.com\/@fr\/115721970823757908","error":""},"_links":{"self":[{"href":"https:\/\/www.europesays.com\/fr\/wp-json\/wp\/v2\/posts\/600152","targetHints":{"allow":["GET"]}}],"collection":[{"href":"https:\/\/www.europesays.com\/fr\/wp-json\/wp\/v2\/posts"}],"about":[{"href":"https:\/\/www.europesays.com\/fr\/wp-json\/wp\/v2\/types\/post"}],"author":[{"embeddable":true,"href":"https:\/\/www.europesays.com\/fr\/wp-json\/wp\/v2\/users\/2"}],"replies":[{"embeddable":true,"href":"https:\/\/www.europesays.com\/fr\/wp-json\/wp\/v2\/comments?post=600152"}],"version-history":[{"count":0,"href":"https:\/\/www.europesays.com\/fr\/wp-json\/wp\/v2\/posts\/600152\/revisions"}],"wp:featuredmedia":[{"embeddable":true,"href":"https:\/\/www.europesays.com\/fr\/wp-json\/wp\/v2\/media\/600153"}],"wp:attachment":[{"href":"https:\/\/www.europesays.com\/fr\/wp-json\/wp\/v2\/media?parent=600152"}],"wp:term":[{"taxonomy":"category","embeddable":true,"href":"https:\/\/www.europesays.com\/fr\/wp-json\/wp\/v2\/categories?post=600152"},{"taxonomy":"post_tag","embeddable":true,"href":"https:\/\/www.europesays.com\/fr\/wp-json\/wp\/v2\/tags?post=600152"}],"curies":[{"name":"wp","href":"https:\/\/api.w.org\/{rel}","templated":true}]}}