{"id":600158,"date":"2025-12-15T05:44:14","date_gmt":"2025-12-15T05:44:14","guid":{"rendered":"https:\/\/www.europesays.com\/fr\/600158\/"},"modified":"2025-12-15T05:44:14","modified_gmt":"2025-12-15T05:44:14","slug":"le-probleme-il","status":"publish","type":"post","link":"https:\/\/www.europesays.com\/fr\/600158\/","title":{"rendered":"\u00ab Le probl\u00e8me ? Il&#8230;"},"content":{"rendered":"<p>\t\t\t\t<img width=\"1400\" height=\"800\" src=\"https:\/\/www.europesays.com\/fr\/wp-content\/uploads\/2025\/12\/mathilde-seigner-laurent-gerra-e1765732365344.jpg\" class=\"attachment-full size-full wp-post-image\" alt=\"Mathilde Seigner et Laurent Gerra\" decoding=\"async\" fetchpriority=\"high\"  \/>\t\t\t\t<\/p>\n<p>\n\t\t\t\t\tTF1 (DR) \/ France TV (DR)\t\t\t\t<\/p>\n<p class=\"has-text-color has-small-font-size\" style=\"color:#747474\">Par <a href=\"https:\/\/www.parlons-basket.com\/biographie-auteur-elsa-girard-basset\/\" target=\"_blank\" rel=\"noopener\">Elsa Girard-Basset<\/a> |\u00a0Journaliste web<\/p>\n<p><strong><strong><strong>Avant de trouver une stabilit\u00e9 durable, Mathilde Seigner a connu plusieurs histoires tr\u00e8s m\u00e9diatis\u00e9es. L\u2019une d\u2019elles, particuli\u00e8rement marquante, l\u2019a li\u00e9e pendant trois ans \u00e0 Laurent Gerra. Une relation intense, suivie d\u2019une rupture douloureuse, sur laquelle l\u2019actrice est revenue sans d\u00e9tour. Avec le recul et une sinc\u00e9rit\u00e9 d\u00e9sarmante.<\/strong><\/strong><\/strong><\/p>\n<p>Figure bien connue du cin\u00e9ma fran\u00e7ais, Mathilde Seigner a longtemps fait la une autant pour ses r\u00f4les que pour sa vie sentimentale. \u00c0 la fin des ann\u00e9es 1990, l\u2019actrice partage sa vie avec Laurent Gerra, alors en pleine ascension m\u00e9diatique. Entre 1998 et 2001, leur couple intrigue autant qu\u2019il fascine, tant leurs personnalit\u00e9s semblent \u00e0 la fois compatibles et explosives. Une passion forte, mais instable, qui finit par s\u2019achever dans la douleur.<\/p>\n<p>Des ann\u00e9es plus tard, invit\u00e9e du Divan de Marc-Olivier Fogiel en 2015, la com\u00e9dienne est revenue longuement sur cette relation. Sans chercher \u00e0 se d\u00e9douaner, elle a reconnu que leur ressemblance avait sans doute jou\u00e9 contre eux, tout comme le contexte de notori\u00e9t\u00e9 grandissante de l\u2019imitateur \u00e0 l\u2019\u00e9poque :<\/p>\n<p>\u00ab Laurent et moi, on se ressemble beau\u00adcoup. On pour\u00adrait \u00eatre fr\u00e8re et s\u0153ur et en fait, et le probl\u00e8me il \u00e9tait l\u00e0. \u00c0 l\u2019\u00e9poque, moi je n\u2019\u00e9tais pas facile, j\u2019avais un carac\u00adt\u00e8re \u00e9pouvan\u00adtable, en plus il \u00e9tait plus connu que moi, donc \u00e7a me faisait souf\u00adfrir. \u00bb<\/p>\n<p>Une lucidit\u00e9 qui n\u2019efface pas la peine ressentie au moment de la rupture. Toujours face \u00e0 Marc-Olivier Fogiel, Mathilde Seigner confiait \u00e0 quel point la fin de leur histoire avait \u00e9t\u00e9 difficile \u00e0 encaisser, d\u2019autant plus que les circonstances n\u2019avaient rien d\u2019apais\u00e9es :<\/p>\n<p>\u00ab J\u2019ai eu beau\u00adcoup de chagrin, d\u2019autant plus que sans remuer tout \u00e7a (il serait furieux parce que lui quand il fait des \u00e9mis\u00adsions, il ne prononce m\u00eame pas des noms de femme, il n\u2019aime pas du tout cette esp\u00e8ce de d\u00e9bal\u00adlage), mais \u00e7a s\u2019\u00e9tait fait dans des condi\u00adtions tr\u00e8s difficiles. \u00bb<\/p>\n<p>Si le temps avait sembl\u00e9 apaiser les tensions, un \u00e9pisode survenu en 2018 a raviv\u00e9 les crispations. Apr\u00e8s une arrestation de l\u2019actrice pour conduite en \u00e9tat d\u2019ivresse, Laurent Gerra s\u2019\u00e9tait permis une plaisanterie \u00e0 ce sujet dans l\u2019une de ses chroniques. Une sortie qui avait profond\u00e9ment agac\u00e9 son ex-compagne, comme elle l\u2019expliquait ensuite dans les colonnes de Gala :<\/p>\n<p>\u00ab J\u2019ai trouv\u00e9 que \u00e7a manquait d\u2019\u00e9l\u00e9gance. De plus, ce n\u2019\u00e9tait pas dr\u00f4le\u2026 Mais je lui ai dit directement. \u00bb<\/p>\n<p>Entre attachement, ranc\u0153urs et franchise, l\u2019histoire entre Mathilde Seigner et Laurent Gerra illustre la complexit\u00e9 des relations passionnelles sous le feu des projecteurs. Des ann\u00e9es apr\u00e8s leur s\u00e9paration, l\u2019actrice n\u2019a jamais cherch\u00e9 \u00e0 r\u00e9\u00e9crire le pass\u00e9, pr\u00e9f\u00e9rant en livrer une lecture honn\u00eate, avec ses failles, ses regrets et ce qu\u2019il en reste d\u2019\u00e9motion.<\/p>\n","protected":false},"excerpt":{"rendered":"TF1 (DR) \/ France TV (DR) Par Elsa Girard-Basset |\u00a0Journaliste web Avant de trouver une stabilit\u00e9 durable, Mathilde&hellip;\n","protected":false},"author":2,"featured_media":600159,"comment_status":"","ping_status":"","sticky":false,"template":"","format":"standard","meta":{"footnotes":""},"categories":[1359],"tags":[58,59,1011,27,6098,67113,973],"class_list":{"0":"post-600158","1":"post","2":"type-post","3":"status-publish","4":"format-standard","5":"has-post-thumbnail","7":"category-people","8":"tag-divertissement","9":"tag-entertainment","10":"tag-fr","11":"tag-france","12":"tag-laurent-gerra","13":"tag-mathilde-seigner","14":"tag-people"},"share_on_mastodon":{"url":"https:\/\/pubeurope.com\/@fr\/115721999691778731","error":""},"_links":{"self":[{"href":"https:\/\/www.europesays.com\/fr\/wp-json\/wp\/v2\/posts\/600158","targetHints":{"allow":["GET"]}}],"collection":[{"href":"https:\/\/www.europesays.com\/fr\/wp-json\/wp\/v2\/posts"}],"about":[{"href":"https:\/\/www.europesays.com\/fr\/wp-json\/wp\/v2\/types\/post"}],"author":[{"embeddable":true,"href":"https:\/\/www.europesays.com\/fr\/wp-json\/wp\/v2\/users\/2"}],"replies":[{"embeddable":true,"href":"https:\/\/www.europesays.com\/fr\/wp-json\/wp\/v2\/comments?post=600158"}],"version-history":[{"count":0,"href":"https:\/\/www.europesays.com\/fr\/wp-json\/wp\/v2\/posts\/600158\/revisions"}],"wp:featuredmedia":[{"embeddable":true,"href":"https:\/\/www.europesays.com\/fr\/wp-json\/wp\/v2\/media\/600159"}],"wp:attachment":[{"href":"https:\/\/www.europesays.com\/fr\/wp-json\/wp\/v2\/media?parent=600158"}],"wp:term":[{"taxonomy":"category","embeddable":true,"href":"https:\/\/www.europesays.com\/fr\/wp-json\/wp\/v2\/categories?post=600158"},{"taxonomy":"post_tag","embeddable":true,"href":"https:\/\/www.europesays.com\/fr\/wp-json\/wp\/v2\/tags?post=600158"}],"curies":[{"name":"wp","href":"https:\/\/api.w.org\/{rel}","templated":true}]}}