{"id":600164,"date":"2025-12-15T05:48:28","date_gmt":"2025-12-15T05:48:28","guid":{"rendered":"https:\/\/www.europesays.com\/fr\/600164\/"},"modified":"2025-12-15T05:48:28","modified_gmt":"2025-12-15T05:48:28","slug":"theodora-denonce-lusage-de-sa-musique-par-jordan-bardella-linfo-re","status":"publish","type":"post","link":"https:\/\/www.europesays.com\/fr\/600164\/","title":{"rendered":"Theodora d\u00e9nonce l\u2019usage de sa musique par Jordan Bardella &#8211; LINFO.re"},"content":{"rendered":"<p>Theodora a vivement r\u00e9agi apr\u00e8s la diffusion de l\u2019un de ses titres dans une vid\u00e9o publi\u00e9e par Jordan Bardella. La chanteuse conteste cette utilisation et d\u00e9nonce une r\u00e9cup\u00e9ration politique de son travail artistique.<\/p>\n<p>\t\t\t\t\t\t<strong>Une utilisation musicale qui provoque une r\u00e9action ferme<\/strong><\/p>\n<p>Un titre r\u00e9cent de <strong>Theodora<\/strong>, issu d\u2019un projet avec Disiz, a rencontr\u00e9 un grand succ\u00e8s sur les plateformes musicales. Cette chanson, \u2019Melodrama\u2019, a servi d\u2019accompagnement sonore \u00e0 une vid\u00e9o diffus\u00e9e fin novembre par <a href=\"https:\/\/www.linfo.re\/tags\/descriptionjordan-bardella\" target=\"_blank\" rel=\"noopener\"><strong>Jordan Bardella<\/strong><\/a>. Le contenu, largement partag\u00e9 sur TikTok, a rapidement attir\u00e9 l\u2019attention de la star. Elle a per\u00e7u cette association comme une r\u00e9cup\u00e9ration politique contraire \u00e0 ses convictions personnelles et artistiques.<\/p>\n<p>&gt; \u00c0 lire aussi\u00a0: <a href=\"https:\/\/www.linfo.re\/france\/politique\/perquisition-au-qg-du-rn-j-bardella-evoque-un-harcelement\" target=\"_blank\" rel=\"noopener\"><strong>Perquisition au QG du RN\u00a0: J. Bardella \u00e9voque un \u2019harc\u00e8lement\u2019<\/strong><\/a><\/p>\n<p><strong>Une prise de position assum\u00e9e<\/strong><\/p>\n<p><strong>Theodora <\/strong>a exprim\u00e9 son opposition \u00e0 cette utilisation via les r\u00e9seaux sociaux. Elle a d\u00e9nonc\u00e9 une contradiction entre le message politique port\u00e9 et son identit\u00e9. Dans une story publi\u00e9e le 12 d\u00e9cembre, l\u2019artiste ass\u00e8ne\u00a0: \u00ab\u00a0je ne partagerai jamais vos id\u00e9es, vos valeurs, ni vos projets politiques n\u00e9fastes, dangereux et profond\u00e9ment m\u00e9prisants envers des personnes comme moi\u00a0\u00bb.<\/p>\n<p>&gt; Toute l\u2019<a href=\"https:\/\/www.linfo.re\/magazine\/people\/\" target=\"_blank\" rel=\"noopener\"><strong>actu people sur LINFO.re<\/strong><\/a><\/p>\n<p>Sources\u00a0: RTL, BFMTV<\/p>\n<blockquote class=\"tiktok-embed\" cite=\"https:\/\/www.tiktok.com\/@jordanbardella\/video\/7578111557410819350\" data-video-id=\"7578111557410819350\" style=\"max-width: 605px;min-width: 325px;\"><p>  <a target=\"_blank\" title=\"@jordanbardella\" href=\"https:\/\/www.tiktok.com\/@jordanbardella?refer=embed\" rel=\"noopener\">@jordanbardella<\/a> <\/p>\n<p>\u270c\ud83c\udffb\ud83c\uddeb\ud83c\uddf7<\/p>\n<p> <a target=\"_blank\" title=\"\u266c son original - Jordan Bardella\" href=\"https:\/\/www.tiktok.com\/music\/son-original-7578111549719776022?refer=embed\" rel=\"noopener\">\u266c son original &#8211; Jordan Bardella<\/a><\/p>\n<\/blockquote>\n<p>                    <script async src=\"\/\/www.tiktok.com\/embed.js\"><\/script><\/p>\n","protected":false},"excerpt":{"rendered":"Theodora a vivement r\u00e9agi apr\u00e8s la diffusion de l\u2019un de ses titres dans une vid\u00e9o publi\u00e9e par Jordan&hellip;\n","protected":false},"author":2,"featured_media":600165,"comment_status":"","ping_status":"","sticky":false,"template":"","format":"standard","meta":{"footnotes":""},"categories":[1355],"tags":[47,58,59,1011,27,1922,1077,1031,1361,873,973],"class_list":{"0":"post-600164","1":"post","2":"type-post","3":"status-publish","4":"format-standard","5":"has-post-thumbnail","7":"category-musique","8":"tag-actualite","9":"tag-divertissement","10":"tag-entertainment","11":"tag-fr","12":"tag-france","13":"tag-info","14":"tag-jordan-bardella","15":"tag-magazine","16":"tag-music","17":"tag-musique","18":"tag-people"},"share_on_mastodon":{"url":"https:\/\/pubeurope.com\/@fr\/115722014290605131","error":""},"_links":{"self":[{"href":"https:\/\/www.europesays.com\/fr\/wp-json\/wp\/v2\/posts\/600164","targetHints":{"allow":["GET"]}}],"collection":[{"href":"https:\/\/www.europesays.com\/fr\/wp-json\/wp\/v2\/posts"}],"about":[{"href":"https:\/\/www.europesays.com\/fr\/wp-json\/wp\/v2\/types\/post"}],"author":[{"embeddable":true,"href":"https:\/\/www.europesays.com\/fr\/wp-json\/wp\/v2\/users\/2"}],"replies":[{"embeddable":true,"href":"https:\/\/www.europesays.com\/fr\/wp-json\/wp\/v2\/comments?post=600164"}],"version-history":[{"count":0,"href":"https:\/\/www.europesays.com\/fr\/wp-json\/wp\/v2\/posts\/600164\/revisions"}],"wp:featuredmedia":[{"embeddable":true,"href":"https:\/\/www.europesays.com\/fr\/wp-json\/wp\/v2\/media\/600165"}],"wp:attachment":[{"href":"https:\/\/www.europesays.com\/fr\/wp-json\/wp\/v2\/media?parent=600164"}],"wp:term":[{"taxonomy":"category","embeddable":true,"href":"https:\/\/www.europesays.com\/fr\/wp-json\/wp\/v2\/categories?post=600164"},{"taxonomy":"post_tag","embeddable":true,"href":"https:\/\/www.europesays.com\/fr\/wp-json\/wp\/v2\/tags?post=600164"}],"curies":[{"name":"wp","href":"https:\/\/api.w.org\/{rel}","templated":true}]}}