{"id":600174,"date":"2025-12-15T05:55:11","date_gmt":"2025-12-15T05:55:11","guid":{"rendered":"https:\/\/www.europesays.com\/fr\/600174\/"},"modified":"2025-12-15T05:55:11","modified_gmt":"2025-12-15T05:55:11","slug":"120-a-150-e-de-plus-a-noel-votre-facture-risque-detre-salee-voici-les-raisons-de-cette-flambee","status":"publish","type":"post","link":"https:\/\/www.europesays.com\/fr\/600174\/","title":{"rendered":"\u00ab\u00a0120 \u00e0 150 \u20ac de plus\u00a0\u00bb : \u00c0 No\u00ebl, votre facture risque d&rsquo;\u00eatre sal\u00e9e : voici les raisons de cette flamb\u00e9e"},"content":{"rendered":"<p class=\"ed__a-p ed__bdy__l\">En Alsace, d\u00e9corer l&rsquo;ext\u00e9rieur de sa maison pendant No\u00ebl est une tradition bien ancr\u00e9e mais l&rsquo;addition est sal\u00e9e. \u00c0 Wintzenbach dans le Bas-Rhin, Rapha\u00ebl a fait de son jardin un v\u00e9ritable spectacle de No\u00ebl : des guirlandes partout, des illuminations, une cabane pour le p\u00e8re No\u00ebl et un grand sapin avec 8 000 lumi\u00e8res.<\/p>\n<p>            Publicit\u00e9, votre contenu continue ci-dessous<\/p>\n<p>            Publicit\u00e9<\/p>\n<p>La facture d&rsquo;\u00e9lectricit\u00e9 grimpe pendant les f\u00eates de No\u00ebl<\/p>\n<p class=\"ed__a-p ed__bdy__l\">Face \u00e0 la cam\u00e9ra de TF1, il \u00e9value le co\u00fbt de cette parenth\u00e8se magique : \u00ab\u00a0Pour les six semaines o\u00f9 c&rsquo;est allum\u00e9, je dirais 120 \u00e0 150 \u20ac de plus par rapport \u00e0 d&rsquo;autres mois de l&rsquo;ann\u00e9e.\u00a0\u00bb Le budget est cons\u00e9quent, certes, mais Rapha\u00ebl l&rsquo;assume pour pr\u00e9server une tradition et \u00e9merveiller les passants, petits comme grands.<\/p>\n<p class=\"ed__a-p ed__bdy__l\">M\u00eame \u00e0 plus petite \u00e9chelle, les d\u00e9corations lumineuses de No\u00ebl p\u00e8sent sur le portefeuille. Rien que quatre guirlandes suffisent \u00e0 ajouter 6 \u20ac sur la facture mensuelle d&rsquo;apr\u00e8s les calculs de LeLynx. Le comparateur recommande les ampoules LED qui sont moins gourmandes en \u00e9nergie pour limiter les d\u00e9g\u00e2ts.<\/p>\n<p class=\"ed__a-p ed__bdy__l\">La cuisine est aussi un autre poste de d\u00e9pense pendant les f\u00eates. Le four tourne \u00e0 plein r\u00e9gime pendant des heures et peut ajouter 2 \u20ac de consommation en plus. Les plaques de cuisson sont prises d&rsquo;assaut pour les entr\u00e9es, accompagnements et desserts et ajoutent en moyenne 3 \u20ac \u00e0 la facture.<\/p>\n<p class=\"ed__a-p ed__bdy__l\">\u00c0 Saint-M\u00e9dard-sur-Ille en Ille-et-Vilaine, Philippe a \u00e9pluch\u00e9 ses relev\u00e9s de l&rsquo;an dernier pour l&rsquo;\u00e9quipe de TF1 : \u00ab\u00a0Le lundi 23, j&rsquo;\u00e9tais \u00e0 6,55 \u20ac, et le mardi 24, j&rsquo;\u00e9tais \u00e0 14,35 \u20ac : \u00e7a fait 8,20 \u20ac de diff\u00e9rence\u00a0\u00bb. Un \u00e9cart que l&rsquo;homme accepte : \u00ab\u00a0Mais c&rsquo;est No\u00ebl, donc on se fait plaisir.\u00a0\u00bb Pour lui, le principal coupable est \u00ab\u00a0le four pour faire cuire la dinde\u00a0\u00bb.<\/p>\n<p class=\"ed__a-p ed__bdy__l\">Pour ceux qui accueilleront la famille et les amis les 24 et 25 d\u00e9cembre, les petites d\u00e9penses ajout\u00e9es l&rsquo;une par-dessus l&rsquo;autre repr\u00e9sentent parfois un surco\u00fbt de 24 euros. Au total, juste le jour de No\u00ebl co\u00fbte en moyenne 29 % plus en \u00e9lectricit\u00e9 qu&rsquo;un jour d&rsquo;hiver comme les autres.<\/p>\n<p>Le chauffage est l&rsquo;un des responsables de la flamb\u00e9e<\/p>\n<p class=\"ed__a-p ed__bdy__l\">\u00ab\u00a0Si on utilise des appareils qui sont gourmands en \u00e9nergie, on peut rapidement faire monter sa facture d&rsquo;\u00e9lectricit\u00e9\u00a0\u00bb, explique Arthur Martiano, directeur g\u00e9n\u00e9ral de LeLynx, au micro de TF1.<\/p>\n<p class=\"ed__a-p ed__bdy__l\">Le responsable du comparateur pointe aussi le chauffage du doigt : \u00ab\u00a0Le chauffage aussi est un des \u00e9l\u00e9ments essentiels qui vont faire gonfler la facture d&rsquo;\u00e9lectricit\u00e9 et la consommation lorsqu&rsquo;ils sont utilis\u00e9s de mani\u00e8re intense pendant ces p\u00e9riodes de festivit\u00e9.\u00a0\u00bb<\/p>\n","protected":false},"excerpt":{"rendered":"En Alsace, d\u00e9corer l&rsquo;ext\u00e9rieur de sa maison pendant No\u00ebl est une tradition bien ancr\u00e9e mais l&rsquo;addition est sal\u00e9e.&hellip;\n","protected":false},"author":2,"featured_media":600175,"comment_status":"","ping_status":"","sticky":false,"template":"","format":"standard","meta":{"footnotes":""},"categories":[6],"tags":[35,33,34,1011,27],"class_list":{"0":"post-600174","1":"post","2":"type-post","3":"status-publish","4":"format-standard","5":"has-post-thumbnail","7":"category-economie","8":"tag-business","9":"tag-economie","10":"tag-economy","11":"tag-fr","12":"tag-france"},"share_on_mastodon":{"url":"https:\/\/pubeurope.com\/@fr\/115722041798230214","error":""},"_links":{"self":[{"href":"https:\/\/www.europesays.com\/fr\/wp-json\/wp\/v2\/posts\/600174","targetHints":{"allow":["GET"]}}],"collection":[{"href":"https:\/\/www.europesays.com\/fr\/wp-json\/wp\/v2\/posts"}],"about":[{"href":"https:\/\/www.europesays.com\/fr\/wp-json\/wp\/v2\/types\/post"}],"author":[{"embeddable":true,"href":"https:\/\/www.europesays.com\/fr\/wp-json\/wp\/v2\/users\/2"}],"replies":[{"embeddable":true,"href":"https:\/\/www.europesays.com\/fr\/wp-json\/wp\/v2\/comments?post=600174"}],"version-history":[{"count":0,"href":"https:\/\/www.europesays.com\/fr\/wp-json\/wp\/v2\/posts\/600174\/revisions"}],"wp:featuredmedia":[{"embeddable":true,"href":"https:\/\/www.europesays.com\/fr\/wp-json\/wp\/v2\/media\/600175"}],"wp:attachment":[{"href":"https:\/\/www.europesays.com\/fr\/wp-json\/wp\/v2\/media?parent=600174"}],"wp:term":[{"taxonomy":"category","embeddable":true,"href":"https:\/\/www.europesays.com\/fr\/wp-json\/wp\/v2\/categories?post=600174"},{"taxonomy":"post_tag","embeddable":true,"href":"https:\/\/www.europesays.com\/fr\/wp-json\/wp\/v2\/tags?post=600174"}],"curies":[{"name":"wp","href":"https:\/\/api.w.org\/{rel}","templated":true}]}}