{"id":600176,"date":"2025-12-15T05:56:14","date_gmt":"2025-12-15T05:56:14","guid":{"rendered":"https:\/\/www.europesays.com\/fr\/600176\/"},"modified":"2025-12-15T05:56:14","modified_gmt":"2025-12-15T05:56:14","slug":"au-maroc-des-inondations-soudaines-provoquent-la-mort-de-21-personnes","status":"publish","type":"post","link":"https:\/\/www.europesays.com\/fr\/600176\/","title":{"rendered":"Au Maroc, des inondations soudaines provoquent la mort de 21\u00a0personnes"},"content":{"rendered":"\n<p class=\"article__paragraph  \">Des inondations soudaines provoqu\u00e9es par de fortes pluies ayant entra\u00een\u00e9 des infiltrations dans plusieurs habitations et commerces ont caus\u00e9 la mort d\u2019au moins 21\u00a0personnes, dimanche 14\u00a0d\u00e9cembre, \u00e0 Safi, sur la c\u00f4te atlantique du Maroc. C\u2019est le plus lourd bilan pour des intemp\u00e9ries de ce type depuis une d\u00e9cennie dans le pays.<\/p>\n<p class=\"article__paragraph  \">La province de Safi, situ\u00e9e \u00e0 environ 300 kilom\u00e8tres au sud de Rabat, a \u00e9t\u00e9 touch\u00e9e par de \u00ab\u00a0tr\u00e8s fortes pr\u00e9cipitations orageuses\u00a0\u00bb ayant \u00ab\u00a0provoqu\u00e9 des \u00e9coulements torrentiels exceptionnels\u00a0\u00bb en l\u2019espace d\u2019\u00ab\u00a0une heure\u00a0\u00bb, ont pr\u00e9cis\u00e9 les autorit\u00e9s locales dans un communiqu\u00e9. Dans un pr\u00e9c\u00e9dent document, elles faisaient \u00e9tat de 32 bless\u00e9s transf\u00e9r\u00e9s \u00e0 l\u2019h\u00f4pital de la ville portuaire. \u00ab\u00a0La plupart\u00a0\u00bb d\u2019entre eux ont \u00e9t\u00e9 autoris\u00e9s \u00e0 sortir \u00ab\u00a0apr\u00e8s avoir re\u00e7u les soins et traitements n\u00e9cessaires.\u00a0\u00bb<\/p>\n<p class=\"article__paragraph  \">Au Maroc, l\u2019automne est marqu\u00e9 par une baisse progressive des temp\u00e9ratures, mais le r\u00e9chauffement climatique la limite d\u00e9sormais, tout en maintenant une forte pr\u00e9sence de vapeur d\u2019eau h\u00e9rit\u00e9e de l\u2019\u00e9t\u00e9. Cette combinaison augmente le risque d\u2019averses intenses, d\u2019apr\u00e8s des experts.<\/p>\n<p>                  \u00ab\u00a0Une journ\u00e9e noire\u00a0\u00bb                  <\/p>\n<p class=\"article__paragraph  \">D\u2019apr\u00e8s des images diffus\u00e9es sur les r\u00e9seaux sociaux, un torrent d\u2019eau boueuse a d\u00e9val\u00e9 les rues de Safi, emportant voitures et poubelles. D\u2019autres montrent un mausol\u00e9e \u00e0 moiti\u00e9 submerg\u00e9 et des embarcations de la protection civile en intervention.<\/p>\n<p class=\"article__paragraph  \">Au moins 70 habitations et commerces situ\u00e9s dans la m\u00e9dina de Safi ont \u00e9t\u00e9 inond\u00e9s, dix v\u00e9hicules ont \u00e9t\u00e9 emport\u00e9s par les eaux et un tron\u00e7on routier a \u00e9t\u00e9 endommag\u00e9, entra\u00eenant l\u2019interruption de la circulation sur plusieurs axes \u00e0 l\u2019int\u00e9rieur de la ville, ont d\u00e9clar\u00e9 les autorit\u00e9s.<\/p>\n<p class=\"article__paragraph  \">C\u2019est \u00ab\u00a0une journ\u00e9e noire\u00a0\u00bb, a d\u00e9plor\u00e9, aupr\u00e8s de l\u2019Agence France-Presse (AFP), Hamza Chdouani, un habitant de Safi. Un autre, Marouane Tamer, s\u2019est interrog\u00e9\u00a0: \u00ab\u00a0Pourquoi aucun camion n\u2019est venu pomper l\u2019eau comme le faisait auparavant la soci\u00e9t\u00e9 Radees [R\u00e9gie autonome intercommunale de distribution d\u2019eau et d\u2019\u00e9lectricit\u00e9 de la province de Safi]\u00a0?\u00a0\u00bb<\/p>\n<p>                  La recherche d\u2019\u00e9ventuelles victimes suppl\u00e9mentaires                  <\/p>\n<p class=\"article__paragraph  \">Dans la soir\u00e9e, le niveau de l\u2019eau avait reflu\u00e9, laissant derri\u00e8re lui un d\u00e9cor de boue et des voitures renvers\u00e9es. Des badauds observaient l\u2019intervention des forces auxiliaires et des \u00e9l\u00e9ments de la protection civile, dont les engins s\u2019activaient \u00e0 d\u00e9gager des d\u00e9bris encore immerg\u00e9s, selon des images de l\u2019AFP.<\/p>\n<p class=\"article__paragraph  \">Les efforts se poursuivent pour rechercher d\u2019\u00e9ventuelles victimes et les autorit\u00e9s tentent de \u00ab\u00a0s\u00e9curiser les zones touch\u00e9es\u00a0\u00bb et d\u2019\u00ab\u00a0apporter le soutien et l\u2019aide n\u00e9cessaires aux populations touch\u00e9es par cette situation exceptionnelle\u00a0\u00bb, ont assur\u00e9 les autorit\u00e9s de Safi.<\/p>\n<p> Restez inform\u00e9s  <\/p>\n<p> <a href=\"https:\/\/www.whatsapp.com\/channel\/0029VaDz2VzEVccLxVQSVS3x\" class=\"inread__link js-services-inread-link\" target=\"_blank\" rel=\"noopener\">  <\/p>\n<p>Suivez-nous sur WhatsApp<\/p>\n<p>Recevez l\u2019essentiel de l\u2019actualit\u00e9 africaine sur WhatsApp avec la cha\u00eene du \u00ab Monde Afrique \u00bb<\/p>\n<p>Rejoindre<\/p>\n<p> <\/a>      <\/p>\n<p> Newsletter  <\/p>\n<p> <a href=\"https:\/\/www.lemonde.fr\/newsletters\/le-monde-afrique\/\" class=\"inread__link js-services-inread-link\" target=\"_blank\" rel=\"noopener\">  <\/p>\n<p>\u00ab Le Monde Afrique \u00bb<\/p>\n<p>Chaque samedi, retrouvez une semaine d\u2019actualit\u00e9 et de d\u00e9bats, par la r\u00e9daction du \u00ab Monde Afrique \u00bb<\/p>\n<p>S&rsquo;inscrire<\/p>\n<p> <\/a>             <\/p>\n<p class=\"article__paragraph  \">La Direction g\u00e9n\u00e9rale de la m\u00e9t\u00e9orologie (DGM) avait annonc\u00e9, samedi, des chutes de neige \u00e0 partir de 1\u00a0700 m\u00e8tres d\u2019altitude, ainsi que de fortes pluies, parfois orageuses, dans plusieurs provinces du royaume au cours du week-end. La DGM a signal\u00e9, dimanche soir, que de fortes pluies localement orageuses sont pr\u00e9vues pour mardi \u00e0 travers le pays. Intemp\u00e9ries et crues ne sont pas rares au Maroc, toutefois frapp\u00e9 par une grave s\u00e9cheresse pour la septi\u00e8me ann\u00e9e cons\u00e9cutive.<\/p>\n<p class=\"article__paragraph  \">En septembre\u00a02024, de fortes intemp\u00e9ries ont provoqu\u00e9 des inondations dans le sud et le sud-est du pays, causant la mort de 18 personnes. En novembre\u00a02014, plus de 30 personnes avaient p\u00e9ri dans le sud \u00e0 la suite de violentes pr\u00e9cipitations ayant provoqu\u00e9 des crues de plusieurs rivi\u00e8res au pied des massifs de l\u2019Atlas. Plusieurs centaines de personnes avaient \u00e9t\u00e9 tu\u00e9es lors de terribles inondations en\u00a01995 dans la vall\u00e9e de l\u2019Ourika, \u00e0 30 kilom\u00e8tres au sud de Marrakech, dans le centre du pays.<\/p>\n<p>                                     Lire aussi |  <a href=\"https:\/\/www.lemonde.fr\/afrique\/article\/2024\/09\/10\/le-maroc-frappe-par-des-pluies-diluviennes-exceptionnelles-les-gens-n-ont-jamais-vu-ca_6310539_3212.html\" class=\"js-article-read-also catcher--favoris__link\" data-premium=\"\" id=\"article-title-3388853\" target=\"_blank\" rel=\"noopener\">\u00ab\u00a0Les gens n\u2019ont jamais vu \u00e7a\u00a0\u00bb\u00a0: le Maroc frapp\u00e9 par des pluies diluviennes exceptionnelles<\/a>    <\/p>\n<p>   Lire plus tard  <\/p>\n<p class=\"author__detail\">  Le Monde avec AFP  <\/p>\n<p>                <a href=\"https:\/\/www.lemonde.fr\/syndication\/\" class=\"reuse__content\" title=\"R\u00e9utiliser ce contenu\" target=\"_blank\" rel=\"noopener\">R\u00e9utiliser ce contenu<\/a>      <\/p>\n","protected":false},"excerpt":{"rendered":"Des inondations soudaines provoqu\u00e9es par de fortes pluies ayant entra\u00een\u00e9 des infiltrations dans plusieurs habitations et commerces ont&hellip;\n","protected":false},"author":2,"featured_media":600177,"comment_status":"","ping_status":"","sticky":false,"template":"","format":"standard","meta":{"footnotes":""},"categories":[5],"tags":[11,1011,27,14,12,28],"class_list":{"0":"post-600176","1":"post","2":"type-post","3":"status-publish","4":"format-standard","5":"has-post-thumbnail","7":"category-international","8":"tag-actualites","9":"tag-fr","10":"tag-france","11":"tag-international","12":"tag-news","13":"tag-world"},"share_on_mastodon":{"url":"https:\/\/pubeurope.com\/@fr\/115722046155905191","error":""},"_links":{"self":[{"href":"https:\/\/www.europesays.com\/fr\/wp-json\/wp\/v2\/posts\/600176","targetHints":{"allow":["GET"]}}],"collection":[{"href":"https:\/\/www.europesays.com\/fr\/wp-json\/wp\/v2\/posts"}],"about":[{"href":"https:\/\/www.europesays.com\/fr\/wp-json\/wp\/v2\/types\/post"}],"author":[{"embeddable":true,"href":"https:\/\/www.europesays.com\/fr\/wp-json\/wp\/v2\/users\/2"}],"replies":[{"embeddable":true,"href":"https:\/\/www.europesays.com\/fr\/wp-json\/wp\/v2\/comments?post=600176"}],"version-history":[{"count":0,"href":"https:\/\/www.europesays.com\/fr\/wp-json\/wp\/v2\/posts\/600176\/revisions"}],"wp:featuredmedia":[{"embeddable":true,"href":"https:\/\/www.europesays.com\/fr\/wp-json\/wp\/v2\/media\/600177"}],"wp:attachment":[{"href":"https:\/\/www.europesays.com\/fr\/wp-json\/wp\/v2\/media?parent=600176"}],"wp:term":[{"taxonomy":"category","embeddable":true,"href":"https:\/\/www.europesays.com\/fr\/wp-json\/wp\/v2\/categories?post=600176"},{"taxonomy":"post_tag","embeddable":true,"href":"https:\/\/www.europesays.com\/fr\/wp-json\/wp\/v2\/tags?post=600176"}],"curies":[{"name":"wp","href":"https:\/\/api.w.org\/{rel}","templated":true}]}}