{"id":600182,"date":"2025-12-15T05:59:12","date_gmt":"2025-12-15T05:59:12","guid":{"rendered":"https:\/\/www.europesays.com\/fr\/600182\/"},"modified":"2025-12-15T05:59:12","modified_gmt":"2025-12-15T05:59:12","slug":"10-millions-deuros-pour-un-chantier-xxl-a-solaure","status":"publish","type":"post","link":"https:\/\/www.europesays.com\/fr\/600182\/","title":{"rendered":"10\u00a0millions d\u2019euros pour un chantier XXL \u00e0 Solaure"},"content":{"rendered":"<p>\u00c0 Solaure, elles font partie du paysage. Les quatre barres d\u2019immeubles qui constituent le Groupe du Parc, sis rue Paul-Signac, ont accueilli de nombreuses familles durant presque sept d\u00e9cennies. Ce grand ensemble d\u2019habitations \u00e0 loyers mod\u00e9r\u00e9s (HLM), sorti de terre en 1958, compte 200 logements. <\/p>\n<p>La construction de la RN88 en 1970, le long de ces immeubles, est venue transformer \u00e0 jamais le quotidien des locataires. Cette infrastructure a d\u00e9figur\u00e9 le quartier en le coupant en deux.<\/p>\n<p>Un \u00e9tat des lieux de chaque logement<\/p>\n<p>G\u00e9n\u00e9ratrice de nuisances, la voie express, dont une bretelle est adoss\u00e9e aux limites du terrain de cet ensemble immobilier, a contribu\u00e9 \u00e0 la d\u00e9gradation du cadre de vie du quartier. Les occupants des quatre barres d\u2019immeubles ont support\u00e9 tant bien que mal ce bruyant et polluant voisin. <\/p>\n<p>Au fil des ann\u00e9es, l\u2019\u00e9tat des b\u00e2timents s\u2019est d\u00e9t\u00e9rior\u00e9 et <a href=\"https:\/\/www.leprogres.fr\/societe\/2025\/03\/06\/malgre-les-efforts-le-ras-le-bol-a-solaure-il-faut-que-ca-change\" target=\"_blank\" rel=\"noopener\"> le secteur n\u2019a pas \u00e9t\u00e9 \u00e9pargn\u00e9 par les actes d\u2019incivilit\u00e9s.<\/a> L\u2019immeuble B, le plus proche de la RN88, a \u00e9t\u00e9 vid\u00e9 de ses habitants&#8230;.<\/p>\n","protected":false},"excerpt":{"rendered":"\u00c0 Solaure, elles font partie du paysage. Les quatre barres d\u2019immeubles qui constituent le Groupe du Parc, sis&hellip;\n","protected":false},"author":2,"featured_media":600183,"comment_status":"","ping_status":"","sticky":false,"template":"","format":"standard","meta":{"footnotes":""},"categories":[9653],"tags":[1111,11,2430,4749,7539,1777,674,1011,27,1908,12,25,4001,7538,104],"class_list":{"0":"post-600182","1":"post","2":"type-post","3":"status-publish","4":"format-standard","5":"has-post-thumbnail","7":"category-saint-etienne","8":"tag-actu","9":"tag-actualites","10":"tag-auvergne-rhone-alpes","11":"tag-btp-et-chantiers","12":"tag-edition-loire-sud","13":"tag-eu","14":"tag-europe","15":"tag-fr","16":"tag-france","17":"tag-logement","18":"tag-news","19":"tag-republique-francaise","20":"tag-saint-etienne","21":"tag-saint-etienne-ville","22":"tag-societe"},"share_on_mastodon":{"url":"https:\/\/pubeurope.com\/@fr\/115722057419880524","error":""},"_links":{"self":[{"href":"https:\/\/www.europesays.com\/fr\/wp-json\/wp\/v2\/posts\/600182","targetHints":{"allow":["GET"]}}],"collection":[{"href":"https:\/\/www.europesays.com\/fr\/wp-json\/wp\/v2\/posts"}],"about":[{"href":"https:\/\/www.europesays.com\/fr\/wp-json\/wp\/v2\/types\/post"}],"author":[{"embeddable":true,"href":"https:\/\/www.europesays.com\/fr\/wp-json\/wp\/v2\/users\/2"}],"replies":[{"embeddable":true,"href":"https:\/\/www.europesays.com\/fr\/wp-json\/wp\/v2\/comments?post=600182"}],"version-history":[{"count":0,"href":"https:\/\/www.europesays.com\/fr\/wp-json\/wp\/v2\/posts\/600182\/revisions"}],"wp:featuredmedia":[{"embeddable":true,"href":"https:\/\/www.europesays.com\/fr\/wp-json\/wp\/v2\/media\/600183"}],"wp:attachment":[{"href":"https:\/\/www.europesays.com\/fr\/wp-json\/wp\/v2\/media?parent=600182"}],"wp:term":[{"taxonomy":"category","embeddable":true,"href":"https:\/\/www.europesays.com\/fr\/wp-json\/wp\/v2\/categories?post=600182"},{"taxonomy":"post_tag","embeddable":true,"href":"https:\/\/www.europesays.com\/fr\/wp-json\/wp\/v2\/tags?post=600182"}],"curies":[{"name":"wp","href":"https:\/\/api.w.org\/{rel}","templated":true}]}}