{"id":600184,"date":"2025-12-15T06:00:17","date_gmt":"2025-12-15T06:00:17","guid":{"rendered":"https:\/\/www.europesays.com\/fr\/600184\/"},"modified":"2025-12-15T06:00:17","modified_gmt":"2025-12-15T06:00:17","slug":"le-pire-de-la-politique-raconte-dans-un-livre-et-bientot-en-serie-tele","status":"publish","type":"post","link":"https:\/\/www.europesays.com\/fr\/600184\/","title":{"rendered":"\u00ab le pire de la politique \u00bb racont\u00e9 dans un livre et bient\u00f4t en s\u00e9rie t\u00e9l\u00e9"},"content":{"rendered":"<p class=\"insetTitle\">L\u2019affaire devrait prochainement \u00eatre adapt\u00e9e en s\u00e9rie<\/p>\n<p>La Maison-Blanche n\u2019est pas l\u2019h\u00f4tel de ville de Saint-Etienne. Pourtant, il n\u2019est pas d\u00e9raisonnable de penser que les initiateurs du chantage \u00e0 la sextape, dont Gilles Artigues a \u00e9t\u00e9 victime, se soient inspir\u00e9s de s\u00e9ries am\u00e9ricaines du d\u00e9but des ann\u00e9es 2010.<\/p>\n<p>Dans la premi\u00e8re saison de Scandal, qui a pour personnage principal une experte en relations publiques \u00e0 Washington, comme dans celle de House of Cards, qui suit un membre ambitieux du Parti d\u00e9mocrate dans la captitale am\u00e9ricaine, un \u00e9lu est film\u00e9 en pleine relation extra-conjugale afin de le soumettre et de le fragiliser sur les plans personnel et politique.<\/p>\n<p>\u00ab\u00a0On ne peut pas l\u2019inventer\u00a0\u00bb<\/p>\n<p>Antton Rouget et Ramses Kefi, les deux auteurs des Comploteurs, se demandent \u00ab\u00a0qui a aliment\u00e9 qui\u00a0? Est-ce que des s\u00e9ries comme Borgen ou House of Cards ont impr\u00e9gn\u00e9 les acteurs de ce\u00a0complot\u00a0? O\u00f9 est-ce ce type d\u2019affaires-l\u00e0 qui fa\u00e7onne la fiction\u00a0?\u00a0\u00bb<\/p>\n<p>Dans la ville-pr\u00e9fecture de la Loire, la r\u00e9alit\u00e9 semble avoir d\u00e9pass\u00e9 la fiction. Mais la fiction n\u2019a, semble-t-il, pas dit son dernier mot. Geoffrey Le Guilcher, des \u00c9ditions de la Goutte d\u2019or, un des \u00e9diteurs des Comploteurs au sein de Collectif \u00c9ditions, affirme que \u00ab\u00a0l\u2019objectif est d\u2019adapter le livre en s\u00e9rie\u00a0\u00bb.<\/p>\n<p>Il y a actuellement des discussions avanc\u00e9es \u00ab\u00a0avec plusieurs bo\u00eetes de production de qualit\u00e9\u00a0\u00bb. \u00ab\u00a0C\u2019est une histoire compl\u00e8tement hors-norme qui dit quelque chose qui va au-del\u00e0 de Saint-Etienne, poursuit l\u2019\u00e9diteur dont plusieurs publications, comme La Mythomane du Bataclan, ont \u00e9t\u00e9 r\u00e9cemment adapt\u00e9es sur le petit \u00e9cran. On ne peut pas l\u2019inventer et le fait que Antton et Ramses aient beaucoup travaill\u00e9 sur l\u2019intimit\u00e9 des protagonistes donne une vraie mati\u00e8re. \u00bb<\/p>\n","protected":false},"excerpt":{"rendered":"L\u2019affaire devrait prochainement \u00eatre adapt\u00e9e en s\u00e9rie La Maison-Blanche n\u2019est pas l\u2019h\u00f4tel de ville de Saint-Etienne. Pourtant, il&hellip;\n","protected":false},"author":2,"featured_media":600185,"comment_status":"","ping_status":"","sticky":false,"template":"","format":"standard","meta":{"footnotes":""},"categories":[9653],"tags":[1111,11,42797,2430,271,1687,272,7539,1777,674,274,107,1011,27,2410,3367,12,25,4001,7538,2205],"class_list":{"0":"post-600184","1":"post","2":"type-post","3":"status-publish","4":"format-standard","5":"has-post-thumbnail","7":"category-saint-etienne","8":"tag-actu","9":"tag-actualites","10":"tag-affaire-perdriau","11":"tag-auvergne-rhone-alpes","12":"tag-crime","13":"tag-culture-loisirs","14":"tag-delit-et-contravention","15":"tag-edition-loire-sud","16":"tag-eu","17":"tag-europe","18":"tag-faits-divers-justice","19":"tag-fil-info","20":"tag-fr","21":"tag-france","22":"tag-livres-bd","23":"tag-loire","24":"tag-news","25":"tag-republique-francaise","26":"tag-saint-etienne","27":"tag-saint-etienne-ville","28":"tag-television-medias"},"share_on_mastodon":{"url":"https:\/\/pubeurope.com\/@fr\/115722061263900060","error":""},"_links":{"self":[{"href":"https:\/\/www.europesays.com\/fr\/wp-json\/wp\/v2\/posts\/600184","targetHints":{"allow":["GET"]}}],"collection":[{"href":"https:\/\/www.europesays.com\/fr\/wp-json\/wp\/v2\/posts"}],"about":[{"href":"https:\/\/www.europesays.com\/fr\/wp-json\/wp\/v2\/types\/post"}],"author":[{"embeddable":true,"href":"https:\/\/www.europesays.com\/fr\/wp-json\/wp\/v2\/users\/2"}],"replies":[{"embeddable":true,"href":"https:\/\/www.europesays.com\/fr\/wp-json\/wp\/v2\/comments?post=600184"}],"version-history":[{"count":0,"href":"https:\/\/www.europesays.com\/fr\/wp-json\/wp\/v2\/posts\/600184\/revisions"}],"wp:featuredmedia":[{"embeddable":true,"href":"https:\/\/www.europesays.com\/fr\/wp-json\/wp\/v2\/media\/600185"}],"wp:attachment":[{"href":"https:\/\/www.europesays.com\/fr\/wp-json\/wp\/v2\/media?parent=600184"}],"wp:term":[{"taxonomy":"category","embeddable":true,"href":"https:\/\/www.europesays.com\/fr\/wp-json\/wp\/v2\/categories?post=600184"},{"taxonomy":"post_tag","embeddable":true,"href":"https:\/\/www.europesays.com\/fr\/wp-json\/wp\/v2\/tags?post=600184"}],"curies":[{"name":"wp","href":"https:\/\/api.w.org\/{rel}","templated":true}]}}