{"id":600186,"date":"2025-12-15T06:02:18","date_gmt":"2025-12-15T06:02:18","guid":{"rendered":"https:\/\/www.europesays.com\/fr\/600186\/"},"modified":"2025-12-15T06:02:18","modified_gmt":"2025-12-15T06:02:18","slug":"ici-matin-lorraine-passe-du-son-a-limage","status":"publish","type":"post","link":"https:\/\/www.europesays.com\/fr\/600186\/","title":{"rendered":"\u00ab\u00a0ICI matin Lorraine \u00bb passe du son \u00e0 l&rsquo;image"},"content":{"rendered":"<p>La matinale \u00ab ICI matin Lorraine \u00bb (Meurthe-et-Moselle et Vosges) devient une \u00e9mission visible. \u00c0 partir de ce lundi 15 d\u00e9cembre 2025, elle sera diffus\u00e9e en direct sur ICI Lorraine (France T\u00e9l\u00e9visions, ex-France 3 Lorraine) et \u00e0 la radio, du lundi au vendredi de 6h30 \u00e0 9h00. Aux commandes, on retrouvera le pr\u00e9sentateur Maxime Veyrier et le journaliste Mathieu Barbier pour l&rsquo;actualit\u00e9. Ce nouveau format, fruit d&rsquo;une coop\u00e9ration entre Radio France et France T\u00e9l\u00e9visions, m\u00ealera infos, musique et rendez-vous d\u00e9di\u00e9s au territoire pour les Lorrains. Cette nouvelle offre de proximit\u00e9 est la 41\u00e8me matinale commune radio-t\u00e9l\u00e9vision d&rsquo;Ici \u00e0 \u00eatre film\u00e9e en France et la 3\u00e8me dans le Grand Est.<\/p>\n","protected":false},"excerpt":{"rendered":"La matinale \u00ab ICI matin Lorraine \u00bb (Meurthe-et-Moselle et Vosges) devient une \u00e9mission visible. \u00c0 partir de ce&hellip;\n","protected":false},"author":2,"featured_media":600187,"comment_status":"","ping_status":"","sticky":false,"template":"","format":"standard","meta":{"footnotes":""},"categories":[9635],"tags":[1111,11,1704,1777,674,1011,27,2798,775,1702,12,3456,25,104],"class_list":{"0":"post-600186","1":"post","2":"type-post","3":"status-publish","4":"format-standard","5":"has-post-thumbnail","7":"category-nancy","8":"tag-actu","9":"tag-actualites","10":"tag-edition-nancy-et-agglomeration","11":"tag-eu","12":"tag-europe","13":"tag-fr","14":"tag-france","15":"tag-galerie-photo","16":"tag-grand-est","17":"tag-nancy","18":"tag-news","19":"tag-region-lorraine","20":"tag-republique-francaise","21":"tag-societe"},"share_on_mastodon":{"url":"https:\/\/pubeurope.com\/@fr\/115722069258872412","error":""},"_links":{"self":[{"href":"https:\/\/www.europesays.com\/fr\/wp-json\/wp\/v2\/posts\/600186","targetHints":{"allow":["GET"]}}],"collection":[{"href":"https:\/\/www.europesays.com\/fr\/wp-json\/wp\/v2\/posts"}],"about":[{"href":"https:\/\/www.europesays.com\/fr\/wp-json\/wp\/v2\/types\/post"}],"author":[{"embeddable":true,"href":"https:\/\/www.europesays.com\/fr\/wp-json\/wp\/v2\/users\/2"}],"replies":[{"embeddable":true,"href":"https:\/\/www.europesays.com\/fr\/wp-json\/wp\/v2\/comments?post=600186"}],"version-history":[{"count":0,"href":"https:\/\/www.europesays.com\/fr\/wp-json\/wp\/v2\/posts\/600186\/revisions"}],"wp:featuredmedia":[{"embeddable":true,"href":"https:\/\/www.europesays.com\/fr\/wp-json\/wp\/v2\/media\/600187"}],"wp:attachment":[{"href":"https:\/\/www.europesays.com\/fr\/wp-json\/wp\/v2\/media?parent=600186"}],"wp:term":[{"taxonomy":"category","embeddable":true,"href":"https:\/\/www.europesays.com\/fr\/wp-json\/wp\/v2\/categories?post=600186"},{"taxonomy":"post_tag","embeddable":true,"href":"https:\/\/www.europesays.com\/fr\/wp-json\/wp\/v2\/tags?post=600186"}],"curies":[{"name":"wp","href":"https:\/\/api.w.org\/{rel}","templated":true}]}}