{"id":600198,"date":"2025-12-15T06:16:39","date_gmt":"2025-12-15T06:16:39","guid":{"rendered":"https:\/\/www.europesays.com\/fr\/600198\/"},"modified":"2025-12-15T06:16:39","modified_gmt":"2025-12-15T06:16:39","slug":"grenoble-incendie-au-13e-etage-de-la-tour-belledonne-une-octogenaire-retrouvee-inanimee","status":"publish","type":"post","link":"https:\/\/www.europesays.com\/fr\/600198\/","title":{"rendered":"Grenoble. Incendie au 13e \u00e9tage de la tour Belledonne\u00a0: une octog\u00e9naire retrouv\u00e9e inanim\u00e9e"},"content":{"rendered":"<p>Dans la nuit de dimanche \u00e0 lundi, \u00e0 Grenoble, les habitants de la tour Belledonne ont \u00e9t\u00e9 r\u00e9veill\u00e9s par l\u2019odeur \u00e2cre du feu. De la fum\u00e9e \u00e9manant d\u2019un appartement situ\u00e9 au 13e \u00e9tage de la plus au sud des trois tours de l\u2019\u00cele verte a en effet commenc\u00e9 \u00e0 se r\u00e9pandre dans les parties communes peu apr\u00e8s minuit.<\/p>\n<p>Au regard de la hauteur du b\u00e2timent qui compte environ 170 logements r\u00e9partis sur 28 \u00e9tages, le Service d\u00e9partemental d\u2019incendie et de secours a imm\u00e9diatement d\u00e9ploy\u00e9 d\u2019importants moyens. Une soixantaine de sapeurs-pompiers et une douzaine d\u2019engins ont ainsi \u00e9t\u00e9 engag\u00e9s sur l\u2019intervention. Tout comme une \u00e9quipe du Samu.<\/p>\n<p>Une quarantaine de r\u00e9sidents ont \u00e9t\u00e9 \u00e9vacu\u00e9s. Quatre d\u2019entre eux, incommod\u00e9s par les fum\u00e9es ont \u00e9t\u00e9 examin\u00e9s par les sapeurs-pompiers ou le Samu.<\/p>\n<p>Ce contenu est bloqu\u00e9 car vous n&rsquo;avez pas accept\u00e9 les cookies et autres traceurs.<\/p>\n<p>En cliquant sur \u00ab J\u2019accepte \u00bb, les cookies et autres traceurs seront d\u00e9pos\u00e9s et vous pourrez visualiser les contenus  (<a href=\"\" class=\"consentModule_policy\" target=\"_blank\" title=\"Consulter la politique de protection des donn\u00e9es du fournisseur\">plus d&rsquo;informations<\/a>).<\/p>\n<p>En cliquant sur \u00ab J\u2019accepte tous les cookies \u00bb, vous autorisez des d\u00e9p\u00f4ts de cookies et autres traceurs pour le stockage de vos donn\u00e9es sur nos sites et applications \u00e0 des fins de personnalisation et de ciblage publicitaire.<\/p>\n<p class=\"consentModule_secondaryText\">Vous gardez la possibilit\u00e9 de retirer votre consentement \u00e0 tout moment en consultant notre <a href=\"https:\/\/www.ledauphine.com\/protection-des-donnees\" target=\"_blank\" title=\"Consulter notre politique de protection des donn\u00e9es\" rel=\"nofollow noopener\">politique de protection des donn\u00e9es<\/a>. <br \/>&#13;<br \/>\n            <a href=\"https:\/\/www.ledauphine.com\/faits-divers-justice\/2025\/12\/15\/javascript:Didomi.notice.show()\" class=\"consentModule_cmp\" rel=\"nofollow noopener\" target=\"_blank\">G\u00e9rer mes choix<\/a>&#13;\n        <\/p>\n<p>&#13;<br \/>\n                        J&rsquo;accepte&#13;<br \/>\n            J&rsquo;accepte tous les cookies&#13;\n        <\/p>\n<p>  Une octog\u00e9naire r\u00e9anim\u00e9e par les secours<\/p>\n<p>Au cours de leur exploration de l\u2019appartement o\u00f9 l\u2019incendie semble avoir d\u00e9but\u00e9, les sapeurs-pompiers ont d\u00e9couvert le corps inanim\u00e9 d\u2019une femme \u00e2g\u00e9e de 86 ans, alors en arr\u00eat cardio-respiratoire. Les man\u0153uvres de r\u00e9animations effectu\u00e9es par les secouristes auraient permis \u00e0 la victime de reprendre une activit\u00e9 cardiaque avant son \u00e9vacuation vers le CHU Grenoble Alpes.<\/p>\n<p>L\u2019incendie a quant \u00e0 lui pu \u00eatre ma\u00eetris\u00e9 par les sapeurs-pompiers. Les flammes se seraient propag\u00e9es \u00e0 un appartement situ\u00e9 au-dessus du logement dans lequel le feu aurait pris. Les fum\u00e9es ont par ailleurs envahi les 13e, 14e et 15e \u00e9tage. N\u00e9cessitant des op\u00e9rations de ventilation de ces \u00e9tages.<\/p>\n<p>L\u2019origine de l\u2019incendie n\u2019est pas d\u00e9termin\u00e9e.<\/p>\n","protected":false},"excerpt":{"rendered":"Dans la nuit de dimanche \u00e0 lundi, \u00e0 Grenoble, les habitants de la tour Belledonne ont \u00e9t\u00e9 r\u00e9veill\u00e9s&hellip;\n","protected":false},"author":2,"featured_media":600199,"comment_status":"","ping_status":"","sticky":false,"template":"","format":"standard","meta":{"footnotes":""},"categories":[9566],"tags":[1111,11,2430,112,1777,674,274,107,1011,27,2731,2732,1310,108,12,25],"class_list":{"0":"post-600198","1":"post","2":"type-post","3":"status-publish","4":"format-standard","5":"has-post-thumbnail","7":"category-grenoble","8":"tag-actu","9":"tag-actualites","10":"tag-auvergne-rhone-alpes","11":"tag-edition-grenoble-agglomeration","12":"tag-eu","13":"tag-europe","14":"tag-faits-divers-justice","15":"tag-fil-info","16":"tag-fr","17":"tag-france","18":"tag-grenoble","19":"tag-grenoble-bassin","20":"tag-incendie","21":"tag-isere","22":"tag-news","23":"tag-republique-francaise"},"share_on_mastodon":{"url":"https:\/\/pubeurope.com\/@fr\/115722124259867737","error":""},"_links":{"self":[{"href":"https:\/\/www.europesays.com\/fr\/wp-json\/wp\/v2\/posts\/600198","targetHints":{"allow":["GET"]}}],"collection":[{"href":"https:\/\/www.europesays.com\/fr\/wp-json\/wp\/v2\/posts"}],"about":[{"href":"https:\/\/www.europesays.com\/fr\/wp-json\/wp\/v2\/types\/post"}],"author":[{"embeddable":true,"href":"https:\/\/www.europesays.com\/fr\/wp-json\/wp\/v2\/users\/2"}],"replies":[{"embeddable":true,"href":"https:\/\/www.europesays.com\/fr\/wp-json\/wp\/v2\/comments?post=600198"}],"version-history":[{"count":0,"href":"https:\/\/www.europesays.com\/fr\/wp-json\/wp\/v2\/posts\/600198\/revisions"}],"wp:featuredmedia":[{"embeddable":true,"href":"https:\/\/www.europesays.com\/fr\/wp-json\/wp\/v2\/media\/600199"}],"wp:attachment":[{"href":"https:\/\/www.europesays.com\/fr\/wp-json\/wp\/v2\/media?parent=600198"}],"wp:term":[{"taxonomy":"category","embeddable":true,"href":"https:\/\/www.europesays.com\/fr\/wp-json\/wp\/v2\/categories?post=600198"},{"taxonomy":"post_tag","embeddable":true,"href":"https:\/\/www.europesays.com\/fr\/wp-json\/wp\/v2\/tags?post=600198"}],"curies":[{"name":"wp","href":"https:\/\/api.w.org\/{rel}","templated":true}]}}