{"id":600202,"date":"2025-12-15T06:24:19","date_gmt":"2025-12-15T06:24:19","guid":{"rendered":"https:\/\/www.europesays.com\/fr\/600202\/"},"modified":"2025-12-15T06:24:19","modified_gmt":"2025-12-15T06:24:19","slug":"cette-commune-pres-de-rennes-a-besoin-de-votre-talent-de-detective-voici-pourquoi","status":"publish","type":"post","link":"https:\/\/www.europesays.com\/fr\/600202\/","title":{"rendered":"Cette commune pr\u00e8s de Rennes a besoin de votre \u00ab\u00a0talent de d\u00e9tective\u00a0\u00bb : voici pourquoi"},"content":{"rendered":"<p>                    Par<br \/>\n        <strong><br \/>\n            <a href=\"https:\/\/actu.fr\/auteur\/brian-legoff\" title=\"Consulter tous les articles de Brian Le Goff\" target=\"_blank\" rel=\"noopener\">Brian Le Goff<\/a><br \/>\n                    <\/strong><\/p>\n<p>        Publi\u00e9 le<\/p>\n<p>            15 d\u00e9c. 2025 \u00e0 6h32        <\/p>\n<p>Elles ont \u00e9t\u00e9 r<strong>\u00e9alis\u00e9es dans les ann\u00e9es 1970<\/strong>, mais sont loin d\u2019\u00eatre toutes bien r\u00e9pertori\u00e9es. De nombreuses <strong>photographies du b\u00e2ti ancien<\/strong> de la commune de <a href=\"https:\/\/actu.fr\/bretagne\/saint-symphorien_35317\" target=\"_blank\" rel=\"noopener\">Saint-Symphorien<\/a>, pr\u00e8s d\u2019H<a href=\"https:\/\/actu.fr\/bretagne\/hede-bazouges_35130\" target=\"_blank\" rel=\"noopener\">\u00e9d\u00e9-Bazouges<\/a>, au nord de <a href=\"https:\/\/actu.fr\/bretagne\/hede-bazouges_35130\" target=\"_blank\" rel=\"noopener\">Rennes<\/a>, sont \u00e0 d\u00e9couvrir, <strong>lundi 15\u00a0d\u00e9cembre, de 15\u2009h \u00e0 17h, en mairie,<\/strong> au 24, rue d\u2019Armorique.<\/p>\n<p class=\" wall-content\">Provenant de \u00ab\u2009l\u2019Inventaire g\u00e9n\u00e9ral des richesses artistiques de la France\u2009\u00bb, un ancien service du minist\u00e8re des Affaires culturelles, ces<strong> photos manquent d\u2019informations,<\/strong> tant sur l\u2019endroit o\u00f9 elles ont \u00e9t\u00e9 prises que sur ce que l\u2019on y voit dessus.<\/p>\n<p>Contribuer \u00e0 enrichir la documentation<\/p>\n<p class=\" wall-content\">C\u2019est pour cette raison que la R\u00e9gion Bretagne appelle les citoyens, \u00ab\u2009gr\u00e2ce \u00e0 leur connaissance du territoire et \u00e0 leur talent de d\u00e9tective\u2009\u00bb, \u00e0 contribuer \u00e0 enrichir la documentation patrimoniale de la commune durant ce rendez-vous\u2009: \u00ab\u2009Cet atelier \u00e0 Saint-Symphorien sera <strong>l\u2019occasion de partager souvenirs et archives personnelles,<\/strong> de m\u00eame que de <strong>pr\u00e9server l\u2019histoire et la m\u00e9moire collective<\/strong>.\u2009\u00bb<\/p>\n<blockquote class=\"ac-article-quote wall-content\">\n<p>Un grand nombre de clich\u00e9s issus des premi\u00e8res \u00e9tudes ne sont pas l\u00e9gend\u00e9s ou le sont de mani\u00e8re incompl\u00e8te. Leur identification permettra de les rendre accessibles sur la phototh\u00e8que.<\/p>\n<p>    <strong>R\u00e9gion Bretagne<\/strong>\n            <\/p><\/blockquote>\n<p class=\" wall-content\">En effet, depuis 1964, l\u2019Inventaire du patrimoine recense, \u00e9tudie et fait conna\u00eetre les richesses du territoire breton. Ces recherches ont entra\u00een\u00e9 la production de<strong> milliers de photographies, consultables<\/strong> aujourd\u2019hui sur une <a href=\"https:\/\/phototheque-patrimoine.bretagne.bzh\/\" target=\"_blank\" rel=\"noopener\">phototh\u00e8que en ligne<\/a>.<\/p>\n<p class=\" wall-content\"><strong>Plus d\u2019une quarantaine d\u2019op\u00e9rations d\u2019inventaire sont en cours<\/strong> dans les territoires ou sur certains th\u00e8mes (ports, lyc\u00e9es, patrimoine religieux\u2026). Elles croisent explorations de terrain, \u00e9tudes documentaires et d\u2019archives.<\/p>\n<p>Votre r\u00e9gion, votre actu !<\/p>\n<p>Recevez chaque jour les infos qui comptent pour vous.<\/p>\n<p>\t<a href=\"https:\/\/actu.fr\/newsletter\" class=\"ac-btn ac-btn--corner ac-btn--medium ac-btn--blue800\" target=\"_blank\" rel=\"noopener\">S&rsquo;incrire<\/a><br \/>\nParticipez via l\u2019appli GLAD<\/p>\n<p class=\" wall-content\">Le <strong>public est aussi invit\u00e9 \u00e0 participer gr\u00e2ce \u00e0<\/strong> <a href=\"https:\/\/glad.bretagne.bzh\/\" target=\"_blank\" rel=\"noopener\">GLAD, l\u2019application qui fait vivre le patrimoine breton<\/a>.<\/p>\n<p>Atelier\u00a0anim\u00e9\u00a0par\u00a0Elisabeth\u00a0Loir-Mongazon\u00a0et\u00a0Lolie\u00a0Jaouen (R\u00e9gion Bretagne), le lundi 15\u00a0d\u00e9cembre 2025 \u00e0 15h.\u00a0Rendez-vous \u00e0 la salle du Conseil municipal de la Mairie, au 24 rue de l\u2019Armorique, 35630 Saint-Symphorien.<\/p>\n<p class=\" wall-content\">Personnalisez votre actualit\u00e9 en ajoutant vos villes et m\u00e9dias en favori avec <a href=\"https:\/\/moncompte.actu.fr\" title=\"D\u00e9couvez Mon Actu\" rel=\"nofollow noopener\" data-trk=\"{&quot;cta&quot;:{&quot;action&quot;:&quot;https:\\\/\\\/moncompte.actu.fr&quot;,&quot;category&quot;:&quot;mon compte&quot;,&quot;from&quot;:&quot;article footer&quot;,&quot;name&quot;:&quot;Mon actu&quot;,&quot;type&quot;:&quot;cta&quot;}}\" target=\"_blank\">Mon Actu<\/a>.<\/p>\n","protected":false},"excerpt":{"rendered":"Par Brian Le Goff Publi\u00e9 le 15 d\u00e9c. 2025 \u00e0 6h32 Elles ont \u00e9t\u00e9 r\u00e9alis\u00e9es dans les ann\u00e9es&hellip;\n","protected":false},"author":2,"featured_media":600203,"comment_status":"","ping_status":"","sticky":false,"template":"","format":"standard","meta":{"footnotes":""},"categories":[2821],"tags":[1111,11,829,1777,674,1011,27,12,2551,1756,584,25,104],"class_list":{"0":"post-600202","1":"post","2":"type-post","3":"status-publish","4":"format-standard","5":"has-post-thumbnail","7":"category-rennes","8":"tag-actu","9":"tag-actualites","10":"tag-bretagne","11":"tag-eu","12":"tag-europe","13":"tag-fr","14":"tag-france","15":"tag-news","16":"tag-patrimoine","17":"tag-photographie","18":"tag-rennes","19":"tag-republique-francaise","20":"tag-societe"},"share_on_mastodon":{"url":"https:\/\/pubeurope.com\/@fr\/115722155707668506","error":""},"_links":{"self":[{"href":"https:\/\/www.europesays.com\/fr\/wp-json\/wp\/v2\/posts\/600202","targetHints":{"allow":["GET"]}}],"collection":[{"href":"https:\/\/www.europesays.com\/fr\/wp-json\/wp\/v2\/posts"}],"about":[{"href":"https:\/\/www.europesays.com\/fr\/wp-json\/wp\/v2\/types\/post"}],"author":[{"embeddable":true,"href":"https:\/\/www.europesays.com\/fr\/wp-json\/wp\/v2\/users\/2"}],"replies":[{"embeddable":true,"href":"https:\/\/www.europesays.com\/fr\/wp-json\/wp\/v2\/comments?post=600202"}],"version-history":[{"count":0,"href":"https:\/\/www.europesays.com\/fr\/wp-json\/wp\/v2\/posts\/600202\/revisions"}],"wp:featuredmedia":[{"embeddable":true,"href":"https:\/\/www.europesays.com\/fr\/wp-json\/wp\/v2\/media\/600203"}],"wp:attachment":[{"href":"https:\/\/www.europesays.com\/fr\/wp-json\/wp\/v2\/media?parent=600202"}],"wp:term":[{"taxonomy":"category","embeddable":true,"href":"https:\/\/www.europesays.com\/fr\/wp-json\/wp\/v2\/categories?post=600202"},{"taxonomy":"post_tag","embeddable":true,"href":"https:\/\/www.europesays.com\/fr\/wp-json\/wp\/v2\/tags?post=600202"}],"curies":[{"name":"wp","href":"https:\/\/api.w.org\/{rel}","templated":true}]}}