{"id":600206,"date":"2025-12-15T06:26:10","date_gmt":"2025-12-15T06:26:10","guid":{"rendered":"https:\/\/www.europesays.com\/fr\/600206\/"},"modified":"2025-12-15T06:26:10","modified_gmt":"2025-12-15T06:26:10","slug":"voici-quel-serait-son-role","status":"publish","type":"post","link":"https:\/\/www.europesays.com\/fr\/600206\/","title":{"rendered":"voici quel serait son r\u00f4le"},"content":{"rendered":"<p>                    Par<br \/>\n        <strong><br \/>\n            <a href=\"https:\/\/actu.fr\/auteur\/ivan-capecchi\" title=\"Consulter tous les articles de Ivan CAPECCHI\" target=\"_blank\" rel=\"noopener\">Ivan CAPECCHI<\/a><br \/>\n                    <\/strong><\/p>\n<p>        Publi\u00e9 le<\/p>\n<p>            15 d\u00e9c. 2025 \u00e0 7h02        <\/p>\n<p>Candidate \u00e0 la mairie de Strasbourg, <a href=\"https:\/\/actu.fr\/grand-est\/strasbourg_67482\/municipales-2026-catherine-trautmann-ancienne-maire-de-strasbourg-officialise-sa-candidature_63282301.html\" target=\"_blank\" rel=\"noopener\">Catherine Trautmann<\/a>, donn\u00e9e largement en t\u00eate au premier tour des <a href=\"https:\/\/actu.fr\/tag\/municipales-2026\" target=\"_blank\" rel=\"noopener\">\u00e9lections municipales 2026<\/a> dans un sondage r\u00e9cent, a pr\u00e9sent\u00e9, mardi, son programme en mati\u00e8re de <strong>s\u00e9curit\u00e9<\/strong>. Parmi les mesures d\u00e9clin\u00e9es, il y a la mise en place d\u2019un \u00ab\u00a0<strong>Conseil des droits et devoirs de famille<\/strong>\u00ab\u00a0. Voici en quoi il consisterait.<\/p>\n<p>Un conseil pour accompagner familles et jeunes en difficult\u00e9<\/p>\n<p class=\" wall-content\">D\u2019apr\u00e8s Mme Trautmann, ce conseil r\u00e9unirait des professionnels de l\u2019enfance, ainsi que des \u00e9lus, afin d\u2019offrir un <strong>appui aux parents et aux jeunes en difficult\u00e9<\/strong>. \u00ab\u00a0Il est parfois important de rappeler le droit, mais cela peut se faire dans une<strong> d\u00e9marche sociale<\/strong>, qui permet d\u2019\u00e9viter de recourir syst\u00e9matiquement au judiciaire ou \u00e0 la police\u00a0\u00bb, d\u00e9veloppe l\u2019ex-maire de Strasbourg.\u00a0<\/p>\n<p class=\" wall-content\">Elle prend l\u2019exemple d\u2019une \u00ab\u00a0jeune femme en transition de genre qui a \u00e9t\u00e9 mise dehors par sa famille\u00a0\u00bb. \u00ab\u00a0Une telle instance permettrait<strong> d\u2019\u00e9viter la confrontation familiale ferm\u00e9e<\/strong>\u00ab\u00a0, offrant ainsi une troisi\u00e8me voie, estime l\u2019\u00e9lue.<\/p>\n<p>Les autres mesures de Catherine Trautmann en mati\u00e8re de s\u00e9curit\u00e9<\/p>\n<p class=\" wall-content\">En mati\u00e8re de s\u00e9curit\u00e9, Catherine Trautmann veut par ailleurs<strong> renforcer la police municipale, multiplier les patrouilles visibles<\/strong> et <strong>cr\u00e9er des points d\u2019appui de proximit\u00e9 pour intervenir plus vite<\/strong>. Elle envisage \u00e9galement de cr\u00e9er une <strong>brigade d\u00e9di\u00e9e aux transports<\/strong>.\u00a0<\/p>\n<p class=\" wall-content\">Mme Trautmann place \u00e9galement l\u2019espace public au c\u0153ur de son projet : <strong>r\u00e9tablissement de l\u2019\u00e9clairage dans toutes les rues<\/strong> (<a href=\"https:\/\/actu.fr\/grand-est\/strasbourg_67482\/municipales-2026-a-strasbourg-ce-candidat-promet-de-rallumer-100-de-l-eclairage-public-s-il-est-elu_63447068.html\" target=\"_blank\" rel=\"noopener\">comme Pierre Jakubowicz<\/a>), lutte accrue contre les <strong>d\u00e9p\u00f4ts sauvages<\/strong> avec la possibilit\u00e9 de tester des pi\u00e8ges photographiques (<a href=\"https:\/\/actu.fr\/grand-est\/schiltigheim_67447\/pres-de-strasbourg-cette-ville-va-s-equiper-de-cameras-pour-pieger-les-auteurs-de-depots-sauvages-de-dechets_61604145.html\" target=\"_blank\" rel=\"noopener\">une option d\u00e9j\u00e0 \u00e9tudi\u00e9e par l\u2019Eurom\u00e9tropole<\/a>), am\u00e9lioration de <strong>l\u2019accessibilit\u00e9 et traitement des points accidentog\u00e8nes pour garantir l\u2019acc\u00e8s des secours<\/strong> (<a href=\"https:\/\/actu.fr\/grand-est\/strasbourg_67482\/circulation-et-stationnement-a-strasbourg-pourquoi-ce-rapport-inedit-risque-de-faire-du-bruit_63536201.html\" target=\"_blank\" rel=\"noopener\">en r\u00e9f\u00e9rence, notamment, aux conclusions du rapport C4S publi\u00e9 r\u00e9cemment<\/a>).<\/p>\n<p class=\" wall-content\">La protection des plus vuln\u00e9rables constitue un autre pilier : <strong>extension du dispositif Angela<\/strong> (qui permet \u00e0 toute personne en ins\u00e9curit\u00e9 de solliciter l\u2019aide d\u2019un commerce partenaire), <strong>verbalisation des outrages sexistes, meilleure formation des policiers municipaux<\/strong>, et <strong>formations aux gestes qui sauvent<\/strong>.<\/p>\n<p class=\" wall-content\">Personnalisez votre actualit\u00e9 en ajoutant vos villes et m\u00e9dias en favori avec <a href=\"https:\/\/moncompte.actu.fr\" title=\"D\u00e9couvez Mon Actu\" rel=\"nofollow noopener\" data-trk=\"{&quot;cta&quot;:{&quot;action&quot;:&quot;https:\\\/\\\/moncompte.actu.fr&quot;,&quot;category&quot;:&quot;mon compte&quot;,&quot;from&quot;:&quot;article footer&quot;,&quot;name&quot;:&quot;Mon actu&quot;,&quot;type&quot;:&quot;cta&quot;}}\" target=\"_blank\">Mon Actu<\/a>.<\/p>\n","protected":false},"excerpt":{"rendered":"Par Ivan CAPECCHI Publi\u00e9 le 15 d\u00e9c. 2025 \u00e0 7h02 Candidate \u00e0 la mairie de Strasbourg, Catherine Trautmann,&hellip;\n","protected":false},"author":2,"featured_media":600207,"comment_status":"","ping_status":"","sticky":false,"template":"","format":"standard","meta":{"footnotes":""},"categories":[2820],"tags":[1111,11,4188,1777,674,1011,27,775,2825,3434,12,316,25,640],"class_list":{"0":"post-600206","1":"post","2":"type-post","3":"status-publish","4":"format-standard","5":"has-post-thumbnail","7":"category-strasbourg","8":"tag-actu","9":"tag-actualites","10":"tag-elections-municipales","11":"tag-eu","12":"tag-europe","13":"tag-fr","14":"tag-france","15":"tag-grand-est","16":"tag-insecurite","17":"tag-municipales-2026","18":"tag-news","19":"tag-politique","20":"tag-republique-francaise","21":"tag-strasbourg"},"share_on_mastodon":{"url":"https:\/\/pubeurope.com\/@fr\/115722163595896543","error":""},"_links":{"self":[{"href":"https:\/\/www.europesays.com\/fr\/wp-json\/wp\/v2\/posts\/600206","targetHints":{"allow":["GET"]}}],"collection":[{"href":"https:\/\/www.europesays.com\/fr\/wp-json\/wp\/v2\/posts"}],"about":[{"href":"https:\/\/www.europesays.com\/fr\/wp-json\/wp\/v2\/types\/post"}],"author":[{"embeddable":true,"href":"https:\/\/www.europesays.com\/fr\/wp-json\/wp\/v2\/users\/2"}],"replies":[{"embeddable":true,"href":"https:\/\/www.europesays.com\/fr\/wp-json\/wp\/v2\/comments?post=600206"}],"version-history":[{"count":0,"href":"https:\/\/www.europesays.com\/fr\/wp-json\/wp\/v2\/posts\/600206\/revisions"}],"wp:featuredmedia":[{"embeddable":true,"href":"https:\/\/www.europesays.com\/fr\/wp-json\/wp\/v2\/media\/600207"}],"wp:attachment":[{"href":"https:\/\/www.europesays.com\/fr\/wp-json\/wp\/v2\/media?parent=600206"}],"wp:term":[{"taxonomy":"category","embeddable":true,"href":"https:\/\/www.europesays.com\/fr\/wp-json\/wp\/v2\/categories?post=600206"},{"taxonomy":"post_tag","embeddable":true,"href":"https:\/\/www.europesays.com\/fr\/wp-json\/wp\/v2\/tags?post=600206"}],"curies":[{"name":"wp","href":"https:\/\/api.w.org\/{rel}","templated":true}]}}