{"id":600208,"date":"2025-12-15T06:27:16","date_gmt":"2025-12-15T06:27:16","guid":{"rendered":"https:\/\/www.europesays.com\/fr\/600208\/"},"modified":"2025-12-15T06:27:16","modified_gmt":"2025-12-15T06:27:16","slug":"strasbourg-droits-de-place-electricite-toilettes-seches-combien-ca-coute-un-chalet-au-marche-de-noel","status":"publish","type":"post","link":"https:\/\/www.europesays.com\/fr\/600208\/","title":{"rendered":"Strasbourg. Droits de place, \u00e9lectricit\u00e9, toilettes s\u00e8ches&#8230; combien \u00e7a co\u00fbte un chalet au march\u00e9 de No\u00ebl ?"},"content":{"rendered":"<p>Le march\u00e9 de No\u00ebl 2025 compte 284 chalets, dont 65 place Broglie. Comme elle, les places Kl\u00e9ber, de la Cath\u00e9drale et du Ch\u00e2teau sont en zone A (le Graal) ; toutes les autres en zone B. Si la place des Meuniers est nue cette ann\u00e9e, \u00ab un chalet central stylis\u00e9 pourrait \u00eatre une option pour 2026, comme une extension place Saint-Etienne, \u00e0 condition d\u2019avoir les autorisations pr\u00e9fectorales \u00bb, note Guillaume Libsig, l\u2019adjoint en charge du dossier.<\/p>\n<p>Sur un march\u00e9 \u00ab de tradition foraine, au taux de renouvellement historiquement bas, surtout li\u00e9 aux d\u00e9parts \u00e0 la retraite \u00bb, mieux vaut un dossier en b\u00e9ton pour d\u00e9crocher une place. \u00ab Il y a <a href=\"https:\/\/www.dna.fr\/economie\/2025\/12\/14\/qui-sont-les-sept-nouveaux-exposants-du-marche-de-noel\" target=\"_blank\" rel=\"noopener\">150 \u00e0 160 demandes<\/a> en attente, contre 80 en d\u00e9but de mandat \u00bb, pr\u00e9cise l\u2019\u00e9lu. Nouveaut\u00e9 : des crit\u00e8res de s\u00e9lection ont \u00e9t\u00e9 instaur\u00e9s, \u00ab\u00a0en lien avec les forains, la CCI, la CMA, le jury citoyen\u2026 \u00bb. Il y en a cinq : l\u2019exp\u00e9rience ; les caract\u00e9ristiques des produits ; la prise en compte des enjeux \u00e9cologiques ; l\u2019inclusion et l\u2019accessibilit\u00e9 ; la d\u00e9coration et l\u2019animation. Selon la typologie du stand, la pond\u00e9ration varie, le tout donnant une note sur 100. Les dossiers \u00e9taient \u00e0 d\u00e9poser jusqu\u2019au 30 avril, pour des r\u00e9ponses parvenues cet \u00e9t\u00e9. Certains ont attendu l\u2019automne pour conna\u00eetre leur emplacement, d\u00e9fini par la Ville.<\/p>\n<p>Pour le co\u00fbt d\u2019un chalet, sortez vos calculettes (et prenez une aspirine) ! Si les droits de place sont fix\u00e9s par arr\u00eat\u00e9 pour toute la manifestation \u00e0 120 \u20ac le m\u00e8tre carr\u00e9 en zone A et 70 \u20ac le m\u00e8tre carr\u00e9 en zone B (le Village du partage est exempt\u00e9), la liste des suppl\u00e9ments est longue. Comptez 202 \u20ac de participation aux frais de communication ; 431 \u20ac de s\u00e9curit\u00e9 ; 194 \u20ac (stands non alimentaires) ou 390 \u20ac (alimentaires) pour la d\u00e9marche \u00e9coresponsable ; 103 \u20ac pour les toilettes s\u00e8ches. S\u2019ajoutent des frais d\u2019\u00e9lectricit\u00e9 de 172 \u00e0 720 \u20ac. Soit une facture de plusieurs milliers d\u2019euros pour les petits chalets ; bien plus pour certains \u00ab paquebots \u00bb place Broglie. Les droits de place repr\u00e9sentent un peu plus de 800 000 \u20ac de rentr\u00e9es pour la Ville.<\/p>\n","protected":false},"excerpt":{"rendered":"Le march\u00e9 de No\u00ebl 2025 compte 284 chalets, dont 65 place Broglie. Comme elle, les places Kl\u00e9ber, de&hellip;\n","protected":false},"author":2,"featured_media":600209,"comment_status":"","ping_status":"","sticky":false,"template":"","format":"standard","meta":{"footnotes":""},"categories":[2820],"tags":[1111,11,1477,4406,130,33,2880,1777,674,107,1011,27,775,12,15830,25,640,2879],"class_list":{"0":"post-600208","1":"post","2":"type-post","3":"status-publish","4":"format-standard","5":"has-post-thumbnail","7":"category-strasbourg","8":"tag-actu","9":"tag-actualites","10":"tag-artisanat","11":"tag-commerce-et-services","12":"tag-consommation","13":"tag-economie","14":"tag-edition-strasbourg","15":"tag-eu","16":"tag-europe","17":"tag-fil-info","18":"tag-fr","19":"tag-france","20":"tag-grand-est","21":"tag-news","22":"tag-noel","23":"tag-republique-francaise","24":"tag-strasbourg","25":"tag-strasbourg-ville"},"share_on_mastodon":{"url":"https:\/\/pubeurope.com\/@fr\/115722167565611441","error":""},"_links":{"self":[{"href":"https:\/\/www.europesays.com\/fr\/wp-json\/wp\/v2\/posts\/600208","targetHints":{"allow":["GET"]}}],"collection":[{"href":"https:\/\/www.europesays.com\/fr\/wp-json\/wp\/v2\/posts"}],"about":[{"href":"https:\/\/www.europesays.com\/fr\/wp-json\/wp\/v2\/types\/post"}],"author":[{"embeddable":true,"href":"https:\/\/www.europesays.com\/fr\/wp-json\/wp\/v2\/users\/2"}],"replies":[{"embeddable":true,"href":"https:\/\/www.europesays.com\/fr\/wp-json\/wp\/v2\/comments?post=600208"}],"version-history":[{"count":0,"href":"https:\/\/www.europesays.com\/fr\/wp-json\/wp\/v2\/posts\/600208\/revisions"}],"wp:featuredmedia":[{"embeddable":true,"href":"https:\/\/www.europesays.com\/fr\/wp-json\/wp\/v2\/media\/600209"}],"wp:attachment":[{"href":"https:\/\/www.europesays.com\/fr\/wp-json\/wp\/v2\/media?parent=600208"}],"wp:term":[{"taxonomy":"category","embeddable":true,"href":"https:\/\/www.europesays.com\/fr\/wp-json\/wp\/v2\/categories?post=600208"},{"taxonomy":"post_tag","embeddable":true,"href":"https:\/\/www.europesays.com\/fr\/wp-json\/wp\/v2\/tags?post=600208"}],"curies":[{"name":"wp","href":"https:\/\/api.w.org\/{rel}","templated":true}]}}