{"id":600212,"date":"2025-12-15T06:29:17","date_gmt":"2025-12-15T06:29:17","guid":{"rendered":"https:\/\/www.europesays.com\/fr\/600212\/"},"modified":"2025-12-15T06:29:17","modified_gmt":"2025-12-15T06:29:17","slug":"la-surprise-lensoise-ligue-1-au-rendez-vous-le-naufrage-de-nice-coups-de-coeur-et-les-coups-de-griffe-du-figaro-a-presque-mi-saison","status":"publish","type":"post","link":"https:\/\/www.europesays.com\/fr\/600212\/","title":{"rendered":"la surprise lensoise, Ligue 1+ au rendez-vous, le naufrage de Nice&#8230; Coups de c\u0153ur et les coups de griffe du Figaro \u00e0 (presque) mi-saison"},"content":{"rendered":"<p>\n    <strong>D\u00c9CRYPTAGE &#8211; <\/strong>Le feuilleton du championnat de France de football s\u2019est referm\u00e9 ce week-end pour trois semaines, \u00e0 l\u2019occasion des f\u00eates de fin d\u2019ann\u00e9e. L\u2019heure est aux premiers bilans.<\/p>\n<p>                                    Nos coups de c\u0153ur<br \/>\n                                            RC Lens, la belle histoire qui fait du bien \u00e0 la Ligue\u00a01<\/p>\n<p class=\"fig-paragraph\">En d\u00e9but de saison, il fallait faire partie des plus fervents supporteurs lensois pour imaginer les Sang et Or en t\u00eate\u00a0<a href=\"https:\/\/www.lefigaro.fr\/sports\/football\/ligue-1\/classement\" target=\"_blank\" rel=\"sponsored noopener\" data-gtm-custom-categorie=\"navigation\" data-gtm-custom-action=\"crossclick\" data-gtm-custom-label=\"Contextuel\" data-gtm-event=\"customEventSPE\">au classement<\/a>\u00a0\u00e0 la fin de l\u2019ann\u00e9e. Et encore, ils \u00e9taient sans doute peu nombreux \u00e0 imaginer un tel parcours. Malgr\u00e9 des moyens limit\u00e9s et apr\u00e8s la fuite des talents (Samba, Danso, Khusanov, Frankowski, Medina\u2026), les dirigeants nordistes ont r\u00e9alis\u00e9 un quasi-sans-faute au mercato de l\u2019\u00e9t\u00e9 dernier (\u00c9douard, Thauvin, Sarr, Baidoo, Sangar\u00e9\u2026). Surtout, la greffe a aussi rapidement que naturellement pris avec\u00a0<a href=\"http:\/\/www.lefigaro.fr\/sports\/football\/ligue-1\/ce-sont-des-visionnaires-qui-sont-ces-hommes-cles-qui-font-briller-le-rc-lens-et-chahutent-le-psg-20251213\" data-fig-type=\"Article\" data-gtm-custom-categorie=\"navigation\" data-gtm-custom-action=\"crossclick\" data-gtm-custom-label=\"Contextuel\" data-gtm-event=\"customEventSPE\" data-fig-domain=\"LEFIGARO\" target=\"_blank\" rel=\"noopener\">le nouveau coach, Pierre Sage.<\/a>\u00a0Coup de foudre au premier regard. Solide d\u00e9fensivement et ambitieux dans le jeu, Lens, c\u2019est le fond et la forme. \u00c0 voir si le Racing pourra tenir ce rythme toute la saison\u2026<\/p>\n<p class=\"fig-body-link\">\n            \u00c0 lire aussi<br \/>\n        <a class=\"fig-body-link__link fig-premium-mark\" href=\"http:\/\/www.lefigaro.fr\/sports\/football\/ligue-1\/ce-sont-des-visionnaires-qui-sont-ces-hommes-cles-qui-font-briller-le-rc-lens-et-chahutent-le-psg-20251213\" data-fig-type=\"Article\" data-gtm-custom-categorie=\"navigation\" data-gtm-custom-action=\"crossclick\" data-gtm-custom-label=\"Contextuel\" data-gtm-event=\"customEventSPE\" data-fig-domain=\"LEFIGARO\" target=\"_blank\" rel=\"noopener\"><\/p>\n<p>        \u00abCe sont des visionnaires\u00bb\u00a0: qui sont ces hommes cl\u00e9s qui font briller le RC Lens et chahutent le PSG\u00a0?<br \/>\n    <\/a>\n<\/p>\n<p>                                            Les champions du monde composent un (sacr\u00e9) feuilleton<\/p>\n<p class=\"fig-paragraph\">Dans une Ligue\u00a01 d\u00e9sireuse de raconter de belles histoires (et de s\u00e9duire des abonn\u00e9s), Olivier Giroud, Paul Pogba, Florian Thauvin et Benjamin Pavard, tous de retour au bercail l\u2019\u00e9t\u00e9 dernier, remplissent leur r\u00f4le, \u00e0 des degr\u00e9s divers. Au total, huit champions du monde garnissent les rangs de notre championnat (Demb\u00e9l\u00e9, L.\u00a0Hernandez, Tolisso, Sidib\u00e9 en plus), dont un Ballon d\u2019Or, et font souffler un vent de fra\u00eecheur et de nostalgie qui fait du bien.<\/p>\n<p>                                            <a class=\"fig-a11y-skip\" href=\"#fig-a11y-skip-main-inarticle\" data-module=\"a11y-skip\" data-context=\"was @visible\"><br \/>\n    Passer la publicit\u00e9<br \/>\n<\/a>            <\/p>\n<p class=\"fig-paragraph\">Le Lillois Olivier Giroud (39\u00a0ans) a d\u00e9j\u00e0 quasiment r\u00e9ussi sa saison (4\u00a0buts), le Mon\u00e9gasque Paul Pogba revient timidement, le Lensois Florian Thauvin est ressuscit\u00e9 (5\u00a0buts), tandis que le Marseillais Benjamin Pavard tient son rang. Tous sont appr\u00e9ci\u00e9s du public fran\u00e7ais, heureux de (re)voir les h\u00e9ros de 2018 chaque week-end. Giroud a \u00e9t\u00e9 applaudi \u00e0 Lens, Pogba, \u00e0 Rennes. Et c\u2019est plaisant \u00e0 voir dans un monde du football de plus en plus aseptis\u00e9. Ces gar\u00e7ons racontent une histoire, un parcours, parfois sinueux, mais ne laissent personne insensible. Ils ont pr\u00e9f\u00e9r\u00e9, pour certains, le retour au pays aux contrats en or au Moyen-Orient. C\u2019est tout \u00e0 leur honneur. Impossible de passer sous silence la magnifique premi\u00e8re partie de saison de Corentin Tolisso (3\u00a0buts) avec un Olympique Lyonnais qui n\u2019a plus un sou mais beaucoup de c\u0153ur.\u00a0<a href=\"http:\/\/www.lefigaro.fr\/sports\/football\/ligue-1\/ol-je-ne-lacherai-pas-tolisso-veut-convaincre-deschamps-de-l-emmener-a-la-coupe-du-monde-20251129\" data-fig-type=\"NewsFlash\" data-gtm-custom-categorie=\"navigation\" data-gtm-custom-action=\"crossclick\" data-gtm-custom-label=\"Contextuel\" data-gtm-event=\"customEventSPE\" data-fig-domain=\"LEFIGARO\" target=\"_blank\" rel=\"noopener\">Au point de revoir \u00ab\u00a0Coco\u00a0\u00bb avec les Bleus l\u2019\u00e9t\u00e9 prochain en Am\u00e9rique\u00a0?<\/a><\/p>\n<p>                                            La cha\u00eene Ligue\u00a01+ au rendez-vous<\/p>\n<p class=\"fig-paragraph\">L\u2019an dernier, \u00e0 pareille \u00e9poque, nous partagions les (nombreux) doutes sur la qualit\u00e9 offerte par DAZN quant \u00e0 sa couverture de la Ligue\u00a01. Cette saison, reconnaissons\u00a0<a href=\"http:\/\/www.lefigaro.fr\/medias\/c-est-nettement-mieux-que-dazn-malgre-des-bugs-la-plateforme-ligue-1-seduit-les-aficionados-du-championnat-20250819\" data-fig-type=\"Article\" data-gtm-custom-categorie=\"navigation\" data-gtm-custom-action=\"crossclick\" data-gtm-custom-label=\"Contextuel\" data-gtm-event=\"customEventSPE\" data-fig-domain=\"LEFIGARO\" target=\"_blank\" rel=\"noopener\">la r\u00e9ussite de Ligue 1+.<\/a>\u00a0Sans rien inventer de sp\u00e9cial non plus, le nouveau diffuseur du championnat (beIN Sports garde un match encore une saison) offre professionnalisme, d\u00e9cryptage et bonne humeur. M\u00eame si cela manque aussi d\u2019une vraie t\u00eate d\u2019affiche chez les consultants. Du c\u00f4t\u00e9 des abonnements, la r\u00e9ussite est au rendez-vous avec plus d\u2019un million de personnes s\u00e9duites par le projet \u00e9ditorial (qui propose notamment plus d\u2019images inside dans les clubs et les vestiaires) et des tarifs attractifs. La route est encore longue pour que le succ\u00e8s, encore fragile, de la cha\u00eene, ne remplisse les caisses de clubs aux finances exsangues. Mais les bases sont pos\u00e9es.<\/p>\n<p>                                            Panichelli-Barco, le duo argentin de Strasbourg qui r\u00eave du Mondial<\/p>\n<p class=\"fig-paragraph\">Les suiveurs de la Ligue\u00a01 ont appris \u00e0 les appr\u00e9cier, au point de ne presque plus pouvoir s\u2019en passer. Si le club alsacien conna\u00eet une baisse de r\u00e9gime en d\u00e9cembre (t\u00e9moin\u00a0<a href=\"http:\/\/www.lefigaro.fr\/sports\/football\/ligue-1\/ligue-1-il-est-temps-de-se-montrer-il-n-y-a-plus-d-excuses-le-coup-de-gueule-de-rosenior-a-strasbourg-20251214\" data-fig-type=\"NewsFlash\" data-gtm-custom-categorie=\"navigation\" data-gtm-custom-action=\"crossclick\" data-gtm-custom-label=\"Contextuel\" data-gtm-event=\"customEventSPE\" data-fig-domain=\"LEFIGARO\" target=\"_blank\" rel=\"noopener\">le match nul 0-0 contre Lorient ce dimanche<\/a>),\u00a0<a href=\"http:\/\/www.lefigaro.fr\/sports\/football\/ligue-1\/meilleur-buteur-malediction-familiale-percee-internationale-5-choses-a-savoir-sur-la-pepite-joaquin-panichelli-20251107\" data-fig-type=\"NewsFlash\" data-gtm-custom-categorie=\"navigation\" data-gtm-custom-action=\"crossclick\" data-gtm-custom-label=\"Contextuel\" data-gtm-event=\"customEventSPE\" data-fig-domain=\"LEFIGARO\" target=\"_blank\" rel=\"noopener\">Joaquin Panichelli<\/a>\u00a0(23\u00a0ans) et Valentin Barco (21\u00a0ans) ont r\u00e9ussi avec panache leur premi\u00e8re partie de saison. L\u2019attaquant (1\u00a0s\u00e9lection), qui a d\u00e9barqu\u00e9 dans l\u2019anonymat le plus total en provenance de D2 espagnole \u00e0 Mirand\u00e9s contre 16,50\u00a0M\u20ac, est l\u2019une des belles trouvailles du mercato XXL des Alsaciens. Dans le plus pur style argentin, agressif, solide et pr\u00e9cis, il s\u2019est fait un nom en Ligue\u00a01 au point de figurer \u00e0 la 3e place au classement des buteurs (9 buts). Le milieu de terrain (1\u00a0s\u00e9lection), d\u00e9j\u00e0 entrevu la saison pass\u00e9e, est, lui, l\u2019un des meilleurs joueurs du championnat \u00e0 son poste. Fin, technique, malin, agressif et dot\u00e9 d\u2019un gros volume de jeu, il a peu d\u2019\u00e9quivalents en L1 <strong>\u2013<\/strong>\u00a0except\u00e9 les milieux du PSG. Ce duo n\u2019a qu\u2019un r\u00eave en fin de saison\u00a0: disputer la Coupe du monde avec l\u2019Argentine.<\/p>\n<p>                                            Nos coups de griffe<br \/>\n                                            Le PSG au petit trot<\/p>\n<p class=\"fig-paragraph\">Au m\u00eame stade de la saison pass\u00e9e, le PSG affichait un bilan de 12\u00a0victoires et 4\u00a0nuls en Ligue\u00a01, pour un total de 40\u00a0points. Pas la moindre d\u00e9faite au compteur et sept points d\u2019avance sur l\u2019OM, deuxi\u00e8me. Au terme de\u00a0<a href=\"https:\/\/www.lefigaro.fr\/sports\/football\/ligue-1\/calendrier-resultats?journee=15\" target=\"_blank\" rel=\"noopener\" data-gtm-custom-categorie=\"navigation\" data-gtm-custom-action=\"crossclick\" data-gtm-custom-label=\"Contextuel\" data-gtm-event=\"customEventSPE\">la 16e\u00a0journ\u00e9e<\/a>, les hommes de Luis Enrique sont loin de faire aussi bien, tant au niveau comptable que dans le contenu, collectivement ou individuellement, comme l\u2019a encore prouv\u00e9\u00a0<a href=\"http:\/\/www.lefigaro.fr\/sports\/football\/ligue-1\/metz-psg-les-titis-repondent-present-le-bon-retour-de-doue-les-tops-et-les-flops-20251213\" data-fig-type=\"NewsFlash\" data-gtm-custom-categorie=\"navigation\" data-gtm-custom-action=\"crossclick\" data-gtm-custom-label=\"Contextuel\" data-gtm-event=\"customEventSPE\" data-fig-domain=\"LEFIGARO\" target=\"_blank\" rel=\"noopener\">leur difficile victoire \u00e0 Metz samedi (2-3)<\/a>. Devanc\u00e9s par Lens\u00a0<a href=\"https:\/\/www.lefigaro.fr\/sports\/football\/ligue-1\/classement\" target=\"_blank\" rel=\"noopener\" data-gtm-custom-categorie=\"navigation\" data-gtm-custom-action=\"crossclick\" data-gtm-custom-label=\"Contextuel\" data-gtm-event=\"customEventSPE\">au classement<\/a>, ils ont pris 36\u00a0points, avec d\u00e9j\u00e0 deux revers (Marseille, Monaco), autant que sur l\u2019ensemble de la saison \u00e9coul\u00e9e.<\/p>\n<p class=\"fig-paragraph\">Les raisons, on les conna\u00eet\u00a0: \u00e9mouss\u00e9s physiquement et mentalement apr\u00e8s la campagne 2024-2025, les Parisiens ont \u00e9t\u00e9 plomb\u00e9s par les blessures. Luis Enrique a mis l\u2019accent sur la C1, avec la r\u00e9ussite que l\u2019on sait (<a href=\"https:\/\/www.lefigaro.fr\/sports\/football\/ligue-des-champions\/classement\" target=\"_blank\" rel=\"sponsored noopener\" data-gtm-custom-categorie=\"navigation\" data-gtm-custom-action=\"crossclick\" data-gtm-custom-label=\"Contextuel\" data-gtm-event=\"customEventSPE\">le classement de C1 ici<\/a>), op\u00e9rant un large turnover en L1 et ouvrant en grand la cage aux titis. Il n\u2019y a pas le feu au lac, au vu de la marge parisienne dans les joutes nationales, mais attention \u00e0 ne pas trop jouer au li\u00e8vre et \u00e0 la tortue\u2026<\/p>\n<p class=\"fig-body-link\">\n            \u00c0 lire aussi<br \/>\n        <a class=\"fig-body-link__link\" href=\"http:\/\/www.lefigaro.fr\/sports\/football\/ligue-1\/metz-psg-les-titis-repondent-present-le-bon-retour-de-doue-les-tops-et-les-flops-20251213\" data-fig-type=\"NewsFlash\" data-gtm-custom-categorie=\"navigation\" data-gtm-custom-action=\"crossclick\" data-gtm-custom-label=\"Contextuel\" data-gtm-event=\"customEventSPE\" data-fig-domain=\"LEFIGARO\" target=\"_blank\" rel=\"noopener\"><\/p>\n<p>        Metz-PSG\u00a0: les Titis r\u00e9pondent pr\u00e9sent, le bon retour de Dou\u00e9&#8230; Les tops et les flops<br \/>\n    <\/a>\n<\/p>\n<p>                                            <a class=\"fig-a11y-skip\" href=\"#fig-a11y-skip-main-inarticle_mtf\" data-module=\"a11y-skip\" data-context=\"was @visible\"><br \/>\n    Passer la publicit\u00e9<br \/>\n<\/a>            <\/p>\n<p>                                            OM et Monaco, des cadors pas (vraiment) au niveau<\/p>\n<p class=\"fig-paragraph\">Sur le papier, l\u2019OM et l\u2019AS Monaco devraient \u00eatre en mesure de titiller un PSG au petit trot. D\u2019ailleurs, Marseillais et Mon\u00e9gasques ont fait chuter les champions d\u2019Europe,\u00a0<a href=\"http:\/\/www.lefigaro.fr\/sports\/football\/ligue-1\/les-notes-apres-om-psg-aguerd-heros-rulli-infranchissable-chevalier-fautif-20250922\" data-fig-type=\"NewsFlash\" data-gtm-custom-categorie=\"navigation\" data-gtm-custom-action=\"crossclick\" data-gtm-custom-label=\"Contextuel\" data-gtm-event=\"customEventSPE\" data-fig-domain=\"LEFIGARO\" target=\"_blank\" rel=\"noopener\">au V\u00e9lodrome (1-0)<\/a>\u00a0et\u00a0<a href=\"http:\/\/www.lefigaro.fr\/sports\/football\/ligue-1\/monaco-psg-vitinha-et-minamino-transcendants-pogba-revenant-kehrer-desolant-les-tops-flops-20251129\" data-fig-type=\"NewsFlash\" data-gtm-custom-categorie=\"navigation\" data-gtm-custom-action=\"crossclick\" data-gtm-custom-label=\"Contextuel\" data-gtm-event=\"customEventSPE\" data-fig-domain=\"LEFIGARO\" target=\"_blank\" rel=\"noopener\">\u00e0 Louis-II (1-0)<\/a>. Pour l\u2019heure, c\u2019est n\u00e9anmoins le RC Lens qui est dans ce r\u00f4le d\u2019outsider pour le titre. Malgr\u00e9 le changement d\u2019entra\u00eeneur et\u00a0<a href=\"http:\/\/www.lefigaro.fr\/sports\/football\/ligue-1\/ligue-1-monaco-annonce-l-arrivee-de-l-entraineur-belge-sebastien-pocognoli-20251011\" data-fig-type=\"NewsFlash\" data-gtm-custom-categorie=\"navigation\" data-gtm-custom-action=\"crossclick\" data-gtm-custom-label=\"Contextuel\" data-gtm-event=\"customEventSPE\" data-fig-domain=\"LEFIGARO\" target=\"_blank\" rel=\"noopener\">l\u2019arriv\u00e9e de S\u00e9bastien Pocognoli<\/a>\u00a0sur le banc, les As\u00e9mistes peinent \u00e0 trouver la bonne carburation. Les ultras mon\u00e9gasques reprochent \u00ab\u00a0un mod\u00e8le bas\u00e9 sur la finance au lieu du sportif\u00a0\u00bb et des \u00ab\u00a0joueurs perdus sur le terrain, sans mental ni ressources\u00a0\u00bb. Ils r\u00e9clament le d\u00e9part du directeur sportif, Thiago Scuro.<\/p>\n<p class=\"fig-paragraph\">Du c\u00f4t\u00e9 de l\u2019OM, le climat est logiquement moins tendu, et encore moins apr\u00e8s un succ\u00e8s&#8230;\u00a0<a href=\"http:\/\/www.lefigaro.fr\/sports\/football\/ligue-1\/ligue-1-vainqueur-de-monaco-l-om-s-accroche-au-podium-20251214\" data-fig-type=\"NewsFlash\" data-gtm-custom-categorie=\"navigation\" data-gtm-custom-action=\"crossclick\" data-gtm-custom-label=\"Contextuel\" data-gtm-event=\"customEventSPE\" data-fig-domain=\"LEFIGARO\" target=\"_blank\" rel=\"noopener\">sur Monaco (1-0) dimanche<\/a>. Pas de crise sur la Canebi\u00e8re, mais les hommes de Roberto De Zerbi ont d\u00e9j\u00e0 g\u00e2ch\u00e9 beaucoup (trop\u00a0?) de cartouches, \u00e0 l\u2019image des nuls contre Angers (2-2) et Toulouse (2-2). Cette \u00e9quipe, ce club, peut et doit faire mieux encore. Au moins, les deux clubs sont dans les clous pour disputer la phase finale de Ligue des champions&#8230;<\/p>\n<p>                                            Paris FC, en attendant mieux<\/p>\n<p class=\"fig-paragraph\">Le changement de dimension s\u2019op\u00e8re tout doucement. Depuis le rachat du Paris FC, la famille Arnault, et notamment Antoine, en premi\u00e8re ligne, n\u2019a de cesse de r\u00e9p\u00e9ter que le club grandirait \u00ab\u00a0pas \u00e0 pas\u00a0\u00bb. 14e\u00a0<a href=\"https:\/\/www.lefigaro.fr\/sports\/football\/ligue-1\/classement\" target=\"_blank\" rel=\"sponsored noopener\" data-gtm-custom-categorie=\"navigation\" data-gtm-custom-action=\"crossclick\" data-gtm-custom-label=\"Contextuel\" data-gtm-event=\"customEventSPE\">au classement<\/a>\u00a0apr\u00e8s\u00a0<a href=\"http:\/\/www.lefigaro.fr\/sports\/football\/ligue-1\/ligue-1-avec-un-double-de-gboho-toulouse-enfonce-le-paris-fc-20251213\" data-fig-type=\"NewsFlash\" data-gtm-custom-categorie=\"navigation\" data-gtm-custom-action=\"crossclick\" data-gtm-custom-label=\"Contextuel\" data-gtm-event=\"customEventSPE\" data-fig-domain=\"LEFIGARO\" target=\"_blank\" rel=\"noopener\">une lourde d\u00e9faite \u00e0 domicile contre Toulouse samedi (0-3)<\/a>, le deuxi\u00e8me club parisien (4e budget de Ligue\u00a01 avec 130\u00a0M\u20ac derri\u00e8re Monaco, l\u2019OM et le PSG) est dans les clous quant \u00e0 son objectif initial de maintien. C\u00f4t\u00e9 tribunes et engouement, la r\u00e9ussite est l\u00e0 avec un nouveau public \u00e0 Jean-Bouin (plus de 17\u00a0000\u00a0spectateurs de moyenne sur une capacit\u00e9 de 19\u00a0000\u00a0places), s\u00e9duit par les prix attractifs et l\u2019ambiance bon enfant.<\/p>\n<p class=\"fig-body-link\">\n            \u00c0 lire aussi<br \/>\n        <a class=\"fig-body-link__link fig-premium-mark\" href=\"http:\/\/www.lefigaro.fr\/sports\/football\/ligue-1\/prix-des-places-accueil-restauration-ambiance-psg-paris-fc-qui-remporte-le-match-de-la-meilleure-soiree-au-stade-20251107\" data-fig-type=\"NewsFlash\" data-gtm-custom-categorie=\"navigation\" data-gtm-custom-action=\"crossclick\" data-gtm-custom-label=\"Contextuel\" data-gtm-event=\"customEventSPE\" data-fig-domain=\"LEFIGARO\" target=\"_blank\" rel=\"noopener\"><\/p>\n<p>        Prix des places, accueil, restauration, ambiance\u2026 Paris\u00a0SG-Paris\u00a0FC, qui remporte le match de la meilleure soir\u00e9e au stade\u00a0?<br \/>\n    <\/a>\n<\/p>\n<p class=\"fig-paragraph\">C\u00f4t\u00e9 terrain, la formation de St\u00e9phane Gili s\u2019est montr\u00e9e enthousiaste, port\u00e9e par l\u2019ailier Ilan Kebbal, avec notamment\u00a0<a href=\"http:\/\/www.lefigaro.fr\/sports\/football\/ligue-1\/tolisso-l-artiste-scenario-irreel-le-fiasco-ikone-coups-de-coeur-et-coups-de-griffe-apres-paris-fc-lyon-20251029\" data-fig-type=\"NewsFlash\" data-gtm-custom-categorie=\"navigation\" data-gtm-custom-action=\"crossclick\" data-gtm-custom-label=\"Contextuel\" data-gtm-event=\"customEventSPE\" data-fig-domain=\"LEFIGARO\" target=\"_blank\" rel=\"noopener\">un match spectaculaire contre Lyon (3-3)<\/a>\u00a0ou une victoire \u00e0 Monaco (0-1). Tout en affichant ses limites \u00e0 certains postes (milieu, attaque) apr\u00e8s un recrutement mitig\u00e9 en d\u00e9pit d\u2019un investissement cons\u00e9quent (58\u00a0M\u20ac). Le club va recruter cet hiver pour assurer un maintien tranquille. En r\u00eavant plus grand la saison prochaine\u00a0?<\/p>\n<p>                                            Nice, la crise \u00e0 tous les \u00e9tages<\/p>\n<p class=\"fig-paragraph\">Un actionnaire (Ineos) discret, pour ne pas dire absent, des dirigeants (Bocquet, Maurice) \u00e0 peine audibles, un entra\u00eeneur (Haise) sur le d\u00e9part mais toujours l\u00e0, des joueurs pas au niveau et des supporteurs qui ont franchi la ligne jaune\u2026 Le tableau d\u2019ensemble fait peine \u00e0 voir du c\u00f4t\u00e9 de l\u2019OGC Nice, 13e en Ligue\u00a01 et 36e (dernier)\u00a0<a href=\"https:\/\/www.lefigaro.fr\/sports\/football\/ligue-europa\/classement\" target=\"_blank\" rel=\"sponsored noopener\" data-gtm-custom-categorie=\"navigation\" data-gtm-custom-action=\"crossclick\" data-gtm-custom-label=\"Contextuel\" data-gtm-event=\"customEventSPE\">au classement de Ligue Europa<\/a>. Triste spectacle sur le terrain, path\u00e9tique situation en coulisse dans un club dont plus personne ne sait quel est le vrai projet. 2026 doit \u00eatre l\u2019ann\u00e9e du rebond, encore faut-il que tout le monde tire dans le m\u00eame sens. Une chose est certaine, les vacances de fin d\u2019ann\u00e9e auront un go\u00fbt amer sur la C\u00f4te d\u2019Azur au sein d\u2019une institution \u00e0 la d\u00e9rive.<\/p>\n<p>                                            <a class=\"fig-a11y-skip\" href=\"#fig-a11y-skip-main-inarticle_btf\" data-module=\"a11y-skip\" data-context=\"was @visible\"><br \/>\n    Passer la publicit\u00e9<br \/>\n<\/a>            <\/p>\n<p>                                            L\u2019arbitrage, encore l\u2019arbitrage, toujours l\u2019arbitrage<\/p>\n<p class=\"fig-paragraph\">La Var devait r\u00e9gler tous les probl\u00e8mes, disait-on. Effacer les pol\u00e9miques et aider les arbitres. Force est de constater que ce n\u2019est pas le cas. Pas suffisamment. Ou peut-\u00eatre qu\u2019elle n\u2019est pas utilis\u00e9e \u00e0 bon escient\u2026 Dans tous les cas, il ne se termine pas une journ\u00e9e de championnat sans une nouvelle pol\u00e9mique. Manque d\u2019uniformit\u00e9, d\u00e9cisions incompr\u00e9hensibles\u2026<\/p>\n<p class=\"fig-paragraph\">On se souvient par exemple de l\u2019improbable \u00e9valuation de\u00a0<a href=\"http:\/\/www.lefigaro.fr\/sports\/football\/ligue-1\/stephanie-frappart-on-reve-plus-d-etre-mbappe-que-frappart-20250203\" data-fig-type=\"Article\" data-gtm-custom-categorie=\"navigation\" data-gtm-custom-action=\"crossclick\" data-gtm-custom-label=\"Contextuel\" data-gtm-event=\"customEventSPE\" data-fig-domain=\"LEFIGARO\" target=\"_blank\" rel=\"noopener\">St\u00e9phanie Frappart,<\/a>\u00a0qui choisissait de ne pas sanctionner le tacle violent du Rennais Anthony Rouault sur le Lyonnais Khalis Merah. \u00ab\u00a0C\u2019est haut mais \u00e7a ne reste pas, \u00e7a glisse\u00a0\u00bb, avait-elle os\u00e9. R\u00e9cemment, Cl\u00e9ment Turpin a juste averti\u00a0<a href=\"http:\/\/www.lefigaro.fr\/sports\/football\/ligue-1\/ligue-1-clement-turpin-a-bien-fait-une-erreur-lors-de-monaco-psg-selon-le-directeur-de-l-arbitrage-20251202\" data-fig-type=\"NewsFlash\" data-gtm-custom-categorie=\"navigation\" data-gtm-custom-action=\"crossclick\" data-gtm-custom-label=\"Contextuel\" data-gtm-event=\"customEventSPE\" data-fig-domain=\"LEFIGARO\" target=\"_blank\" rel=\"noopener\">le Mon\u00e9gasque Lamine Camara, coupable d\u2019un tacle fou sur la cheville du Parisien Lucas Chevalier<\/a>. \u00ab\u00a0On a un vrai probl\u00e8me de fond avec l\u2019arbitrage\u00a0\u00bb, a r\u00e9sum\u00e9 le pr\u00e9sident lillois Olivier L\u00e9tang. Sanctionn\u00e9 en d\u00e9but de saison, le directeur sportif marseillais Mehdi Benatia n\u2019a \u00ab\u00a0m\u00eame plus envie [de parler d\u2019arbitrage]. J\u2019ai assez pay\u00e9 et \u00e7a ne sert \u00e0 rien\u00a0\u00bb, a-t-il temp\u00eat\u00e9. Il y a urgence \u00e0 trouver des solutions.<\/p>\n","protected":false},"excerpt":{"rendered":"D\u00c9CRYPTAGE &#8211; Le feuilleton du championnat de France de football s\u2019est referm\u00e9 ce week-end pour trois semaines, \u00e0&hellip;\n","protected":false},"author":2,"featured_media":600213,"comment_status":"","ping_status":"","sticky":false,"template":"","format":"standard","meta":{"footnotes":""},"categories":[2819],"tags":[1111,11,1777,674,1011,27,66,12,2401,5959,149,32134,882,93,25],"class_list":{"0":"post-600212","1":"post","2":"type-post","3":"status-publish","4":"format-standard","5":"has-post-thumbnail","7":"category-nice","8":"tag-actu","9":"tag-actualites","10":"tag-eu","11":"tag-europe","12":"tag-fr","13":"tag-france","14":"tag-ligue-1","15":"tag-news","16":"tag-nice","17":"tag-olivier-giroud","18":"tag-om","19":"tag-paul-pogba","20":"tag-provence-alpes-cote-dazur","21":"tag-psg","22":"tag-republique-francaise"},"share_on_mastodon":{"url":"https:\/\/pubeurope.com\/@fr\/115722175392444474","error":""},"_links":{"self":[{"href":"https:\/\/www.europesays.com\/fr\/wp-json\/wp\/v2\/posts\/600212","targetHints":{"allow":["GET"]}}],"collection":[{"href":"https:\/\/www.europesays.com\/fr\/wp-json\/wp\/v2\/posts"}],"about":[{"href":"https:\/\/www.europesays.com\/fr\/wp-json\/wp\/v2\/types\/post"}],"author":[{"embeddable":true,"href":"https:\/\/www.europesays.com\/fr\/wp-json\/wp\/v2\/users\/2"}],"replies":[{"embeddable":true,"href":"https:\/\/www.europesays.com\/fr\/wp-json\/wp\/v2\/comments?post=600212"}],"version-history":[{"count":0,"href":"https:\/\/www.europesays.com\/fr\/wp-json\/wp\/v2\/posts\/600212\/revisions"}],"wp:featuredmedia":[{"embeddable":true,"href":"https:\/\/www.europesays.com\/fr\/wp-json\/wp\/v2\/media\/600213"}],"wp:attachment":[{"href":"https:\/\/www.europesays.com\/fr\/wp-json\/wp\/v2\/media?parent=600212"}],"wp:term":[{"taxonomy":"category","embeddable":true,"href":"https:\/\/www.europesays.com\/fr\/wp-json\/wp\/v2\/categories?post=600212"},{"taxonomy":"post_tag","embeddable":true,"href":"https:\/\/www.europesays.com\/fr\/wp-json\/wp\/v2\/tags?post=600212"}],"curies":[{"name":"wp","href":"https:\/\/api.w.org\/{rel}","templated":true}]}}