{"id":600214,"date":"2025-12-15T06:30:29","date_gmt":"2025-12-15T06:30:29","guid":{"rendered":"https:\/\/www.europesays.com\/fr\/600214\/"},"modified":"2025-12-15T06:30:29","modified_gmt":"2025-12-15T06:30:29","slug":"vertou-les-archeres-ont-defie-les-cibles-dans-un-concours-100-feminin","status":"publish","type":"post","link":"https:\/\/www.europesays.com\/fr\/600214\/","title":{"rendered":"Vertou. Les arch\u00e8res ont d\u00e9fi\u00e9 les cibles dans un concours 100% f\u00e9minin"},"content":{"rendered":"<p>Pour la premi\u00e8re fois de son histoire, la compagnie des archers a organis\u00e9 la journ\u00e9e des arch\u00e8res, une comp\u00e9tition exclusivement f\u00e9minine, par \u00e9quipes compos\u00e9es d\u2019une pratiquante confirm\u00e9e et d\u2019une d\u00e9butante.<\/p>\n<p>\u00a0L\u2019id\u00e9e d\u2019accueillir cette animation d\u00e9partementale \u00e9mane de R\u00e9gine Le Poul et Philippe Fimbel, tient \u00e0 souligner Martine Robin, la pr\u00e9sidente. Ils ont choisi le th\u00e8me de la nature des animaux et ont parfaitement organis\u00e9 les tirs campagne (sur blason), les tirs natures (o\u00f9 de gigantesques posters d\u2019animaux rempla\u00e7aient les cibles) et les tirs 3D, o\u00f9 on s\u2019y serait m\u00e9pris avec de v\u00e9ritables animaux\u00a0.<\/p>\n<p>Trente-six arch\u00e8res, toutes d\u00e9guis\u00e9es, et en provenance de nombreux clubs de Loire-Atlantique, ont particip\u00e9 \u00e0 cette comp\u00e9tition non officielle.<\/p>\n<p>\u00a0<\/p>\n","protected":false},"excerpt":{"rendered":"Pour la premi\u00e8re fois de son histoire, la compagnie des archers a organis\u00e9 la journ\u00e9e des arch\u00e8res, une&hellip;\n","protected":false},"author":2,"featured_media":600215,"comment_status":"","ping_status":"","sticky":false,"template":"","format":"standard","meta":{"footnotes":""},"categories":[2818],"tags":[20747,1111,11,71290,20187,903,40391,1777,674,1295,1011,27,766,12,2636,25,3272,14532],"class_list":{"0":"post-600214","1":"post","2":"type-post","3":"status-publish","4":"format-standard","5":"has-post-thumbnail","7":"category-nantes","8":"tag-20747","9":"tag-actu","10":"tag-actualites","11":"tag-archeres","12":"tag-cibles","13":"tag-concours","14":"tag-defie","15":"tag-eu","16":"tag-europe","17":"tag-feminin","18":"tag-fr","19":"tag-france","20":"tag-nantes","21":"tag-news","22":"tag-pays-de-la-loire","23":"tag-republique-francaise","24":"tag-saint-nazaire","25":"tag-vertou"},"share_on_mastodon":{"url":"https:\/\/pubeurope.com\/@fr\/115722179290665728","error":""},"_links":{"self":[{"href":"https:\/\/www.europesays.com\/fr\/wp-json\/wp\/v2\/posts\/600214","targetHints":{"allow":["GET"]}}],"collection":[{"href":"https:\/\/www.europesays.com\/fr\/wp-json\/wp\/v2\/posts"}],"about":[{"href":"https:\/\/www.europesays.com\/fr\/wp-json\/wp\/v2\/types\/post"}],"author":[{"embeddable":true,"href":"https:\/\/www.europesays.com\/fr\/wp-json\/wp\/v2\/users\/2"}],"replies":[{"embeddable":true,"href":"https:\/\/www.europesays.com\/fr\/wp-json\/wp\/v2\/comments?post=600214"}],"version-history":[{"count":0,"href":"https:\/\/www.europesays.com\/fr\/wp-json\/wp\/v2\/posts\/600214\/revisions"}],"wp:featuredmedia":[{"embeddable":true,"href":"https:\/\/www.europesays.com\/fr\/wp-json\/wp\/v2\/media\/600215"}],"wp:attachment":[{"href":"https:\/\/www.europesays.com\/fr\/wp-json\/wp\/v2\/media?parent=600214"}],"wp:term":[{"taxonomy":"category","embeddable":true,"href":"https:\/\/www.europesays.com\/fr\/wp-json\/wp\/v2\/categories?post=600214"},{"taxonomy":"post_tag","embeddable":true,"href":"https:\/\/www.europesays.com\/fr\/wp-json\/wp\/v2\/tags?post=600214"}],"curies":[{"name":"wp","href":"https:\/\/api.w.org\/{rel}","templated":true}]}}