{"id":600218,"date":"2025-12-15T06:33:13","date_gmt":"2025-12-15T06:33:13","guid":{"rendered":"https:\/\/www.europesays.com\/fr\/600218\/"},"modified":"2025-12-15T06:33:13","modified_gmt":"2025-12-15T06:33:13","slug":"entre-renovation-et-extensions-dans-le-chantier-du-krakatoa-de-merignac","status":"publish","type":"post","link":"https:\/\/www.europesays.com\/fr\/600218\/","title":{"rendered":"entre r\u00e9novation et extensions, dans le chantier du Krakatoa de M\u00e9rignac"},"content":{"rendered":"<p>\u00c0 quoi ressemblera le nouveau Kraka\u00a0? D\u2019abord, il sera un peu plus grand, plus haut. Avec une nouvelle aile de quelque huit m\u00e8tres de large, sur la fa\u00e7ade nord, en face de l\u2019\u00e9cole, et une sur\u00e9l\u00e9vation de trois m\u00e8tres, pour passer \u00e0 R +\u00a02. \u00ab\u00a0On d\u00e9construit le b\u00e2timent, on l\u2019augmente, on ne le d\u00e9molit pas\u00a0\u00bb, pr\u00e9vient Xavier Bagiau. C\u2019est plut\u00f4t \u00ab\u00a0une mise \u00e0 jour globale, pour l\u2019accueil du public, des artistes, la technique, avec un gros volet environnemental\u00a0\u00bb, dit Anna Hesse, toujours pour Compagnie Architecture.<\/p>\n<p>        <img decoding=\"async\" id=\"27068325\" src=\"https:\/\/www.europesays.com\/fr\/wp-content\/uploads\/2025\/12\/img-20251211-125720.jpg\" alt=\"Vue sur la sc\u00e8ne en chantier depuis les gradins, jeudi 11\u00a0d\u00e9cembre.\" itemprop=\"contentURL\"\/><\/p>\n<p>    Vue sur la sc\u00e8ne en chantier depuis les gradins, jeudi 11\u00a0d\u00e9cembre.<\/p>\n<p>S.\u00a0L.<\/p>\n<p>    Coursives, club et atelier<\/p>\n<p>Le tour du chantier traverse la grande sc\u00e8ne, encore encombr\u00e9e d\u2019engins. Un peu plus large (20\u00a0m), pas trop profonde, \u00ab\u00a0pour un rapport au public tr\u00e8s frontal, assez fort\u00a0\u00bb. Le plus, qui permet d\u2019augmenter la capacit\u00e9 d\u2019accueil \u00e0 1\u00a0445\u00a0places (contre 1\u00a0200\u00a0pr\u00e9c\u00e9demment), c\u2019est l\u2019ajout de coursives, ces balcons lat\u00e9raux \u2013 avec accessibilit\u00e9 PMR. L\u2019occasion aussi de voir les artistes au plus pr\u00e8s, comme \u00e0 l\u2019op\u00e9ra. Sc\u00e8ne et salle seront \u00ab\u00a0fractionnables\u00a0\u00bb, selon la jauge voulue.<\/p>\n<p>C\u00f4t\u00e9 nouveaux espaces, on a pr\u00e9sent\u00e9 la salle \u00ab\u00a0formule club\u00a0\u00bb de 250\u00a0places au 1\u1d49\u02b3\u00a0\u00e9tage. L\u2019id\u00e9e, c\u2019est d\u2019\u00e9toffer la programmation (l\u2019objectif est de 80 dates par an, contre 60 auparavant), entre d\u00e9couvertes et groupes confirm\u00e9s, et aussi d\u2019accueillir des r\u00e9sidences artistiques. Dessous, on trouvera \u00ab\u00a0l\u2019Atelier\u00a0\u00bb, petite salle polyvalente d\u00e9di\u00e9e \u00e0 la m\u00e9diation culturelle, au jeune public et aux nouveaux m\u00e9dias.<\/p>\n<p>Apr\u00e8s l\u2019accueil, il faudra compter sur un double hall, au rez-de-chauss\u00e9e et au premier. \u00ab\u00a0\u00c7a permet deux bars, deux fois plus de recettes.\u00a0\u00bb Ou pourquoi pas d\u2019accueillir des \u00e9v\u00e9nements, des s\u00e9minaires\u00a0? Entre billets et bi\u00e8re, le lieu s\u2019autofinan\u00e7ait \u00e0 60\u00a0%.<\/p>\n<p>        <img decoding=\"async\" id=\"19479801\" src=\"https:\/\/www.europesays.com\/fr\/wp-content\/uploads\/2025\/12\/krakatoa-scene.jpg\" alt=\"Simulation num\u00e9rique de la future grande sc\u00e8ne, avec des coursives accueillant le public sur les c\u00f4t\u00e9s.\" itemprop=\"contentURL\"\/><\/p>\n<p>    Simulation num\u00e9rique de la future grande sc\u00e8ne, avec des coursives accueillant le public sur les c\u00f4t\u00e9s.<\/p>\n<p>Compagnie Architecture<\/p>\n<p>Toujours dans l\u2019extension, deux niveaux de loges, pour l\u2019accueil et le confort des artistes \u00ab\u00a0\u00c7a compte beaucoup dans la r\u00e9putation des Smac.\u00a0\u00bb Le second niveau accueillera aussi catering, cuisine, local technique (a\u00e9ration, chauffage). Et surtout, l\u2019\u00e9quipe de Transrock (une douzaine de permanents) qui devrait trouver des bureaux plus lumineux et profiter d\u2019un balcon ext\u00e9rieur, avec vue sur la ville. On annonce aussi une terrasse.<\/p>\n<blockquote><p>\u00ab\u00a0On veut aussi lancer un nouveau signal dans le quartier, la m\u00e9tropole. D\u2019o\u00f9 cette couleur rouge qui fera, avec le bois, sa nouvelle identit\u00e9\u00a0\u00bb<\/p><\/blockquote>\n<p>Bois, b\u00e9ton et rouge<\/p>\n<p>Dans le Kraka, on continuera \u00e0 trouver du b\u00e9ton brut, au sol et aux murs. \u00c0 l\u2019ext\u00e9rieur, il sera habill\u00e9 d\u2019une ossature bois, \u00ab\u00a0avec isolation biosourc\u00e9e, en laine de verre\u00a0\u00bb. En plus de la charpente et du bardage, un bon coup de peinture est pr\u00e9vu. \u00ab\u00a0On travaille pour que l\u2019\u00e2me du Krakatoa reste, mais on veut aussi lancer un nouveau signal dans le quartier, la m\u00e9tropole. D\u2019o\u00f9 cette couleur rouge ch\u00e8re au lieu, qui fera avec le bois sa nouvelle identit\u00e9 visuelle\u00a0\u00bb, dit Xavier Bagiau.<\/p>\n<p>C\u00f4t\u00e9 \u00e9coresponsabilit\u00e9, est annonc\u00e9 un \u00ab\u00a0b\u00e2timent passif\u00a0\u00bb, avec chaudi\u00e8re biomasse, panneaux photovolta\u00efques sur le toit, syst\u00e8me de r\u00e9cup\u00e9ration des eaux de pluie, une meilleure isolation phonique et thermique. Il s\u2019agit aussi de faire du neuf avec du vieux, avec beaucoup de r\u00e9emploi\u00a0: le faux plafond sera r\u00e9utilis\u00e9, les anciens balcons habilleront les nouveaux bars, \u00ab\u00a0tous les chemins de c\u00e2ble sont conserv\u00e9s\u00a0\u00bb. Autour, \u00ab\u00a0on v\u00e9g\u00e9talise au maximum\u00a0\u00bb. Une dizaine d\u2019arbres seront plant\u00e9s et derri\u00e8re, on pr\u00e9voit un jardin qui pourra accueillir le public et des food trucks.<\/p>\n<p>        <img decoding=\"async\" id=\"27068324\" src=\"https:\/\/www.europesays.com\/fr\/wp-content\/uploads\/2025\/12\/img-20251211-131724.jpg\" alt=\"Au deuxi\u00e8me \u00e9tage du Krakatoa, sur le balcon en fa\u00e7ade\u00a0: Didier Est\u00e8be, Anne Hess et Xavier Bagiau (Compagnie Architecture).\" itemprop=\"contentURL\"\/><\/p>\n<p>    Au deuxi\u00e8me \u00e9tage du Krakatoa, sur le balcon en fa\u00e7ade\u00a0: Didier Est\u00e8be, Anne Hess et Xavier Bagiau (Compagnie Architecture).<\/p>\n<p>S.\u00a0L.<\/p>\n<p>Le chantier serait dans les temps, le budget dans les clous, environ 8\u00a0millions d\u2019euros.\u00a0La livraison du b\u00e2timent est annonc\u00e9e pour le 30\u00a0mai. L\u2019\u00e9quipe n\u2019aura pas trop de l\u2019\u00e9t\u00e9 pour s\u2019installer et l\u2019\u00e9quiper, avant l\u2019inauguration et le premier concert, en septembre.<\/p>\n<p><a href=\"https:\/\/krakatoa.org\/le-krakatoa\" target=\"_blank\" rel=\"nofollow noopener\">Le Krakatoa<\/a> continue sa programmation hors les murs et propose des visites du chantier.<\/p>\n","protected":false},"excerpt":{"rendered":"\u00c0 quoi ressemblera le nouveau Kraka\u00a0? D\u2019abord, il sera un peu plus grand, plus haut. Avec une nouvelle&hellip;\n","protected":false},"author":2,"featured_media":600219,"comment_status":"","ping_status":"","sticky":false,"template":"","format":"standard","meta":{"footnotes":""},"categories":[2817],"tags":[1111,11,1997,1777,674,1011,27,12,2219,25],"class_list":{"0":"post-600218","1":"post","2":"type-post","3":"status-publish","4":"format-standard","5":"has-post-thumbnail","7":"category-bordeaux","8":"tag-actu","9":"tag-actualites","10":"tag-bordeaux","11":"tag-eu","12":"tag-europe","13":"tag-fr","14":"tag-france","15":"tag-news","16":"tag-nouvelle-aquitaine","17":"tag-republique-francaise"},"share_on_mastodon":{"url":"https:\/\/pubeurope.com\/@fr\/115722192506471957","error":""},"_links":{"self":[{"href":"https:\/\/www.europesays.com\/fr\/wp-json\/wp\/v2\/posts\/600218","targetHints":{"allow":["GET"]}}],"collection":[{"href":"https:\/\/www.europesays.com\/fr\/wp-json\/wp\/v2\/posts"}],"about":[{"href":"https:\/\/www.europesays.com\/fr\/wp-json\/wp\/v2\/types\/post"}],"author":[{"embeddable":true,"href":"https:\/\/www.europesays.com\/fr\/wp-json\/wp\/v2\/users\/2"}],"replies":[{"embeddable":true,"href":"https:\/\/www.europesays.com\/fr\/wp-json\/wp\/v2\/comments?post=600218"}],"version-history":[{"count":0,"href":"https:\/\/www.europesays.com\/fr\/wp-json\/wp\/v2\/posts\/600218\/revisions"}],"wp:featuredmedia":[{"embeddable":true,"href":"https:\/\/www.europesays.com\/fr\/wp-json\/wp\/v2\/media\/600219"}],"wp:attachment":[{"href":"https:\/\/www.europesays.com\/fr\/wp-json\/wp\/v2\/media?parent=600218"}],"wp:term":[{"taxonomy":"category","embeddable":true,"href":"https:\/\/www.europesays.com\/fr\/wp-json\/wp\/v2\/categories?post=600218"},{"taxonomy":"post_tag","embeddable":true,"href":"https:\/\/www.europesays.com\/fr\/wp-json\/wp\/v2\/tags?post=600218"}],"curies":[{"name":"wp","href":"https:\/\/api.w.org\/{rel}","templated":true}]}}