{"id":600220,"date":"2025-12-15T06:34:13","date_gmt":"2025-12-15T06:34:13","guid":{"rendered":"https:\/\/www.europesays.com\/fr\/600220\/"},"modified":"2025-12-15T06:34:13","modified_gmt":"2025-12-15T06:34:13","slug":"qui-va-financer-la-raffinerie-a-530-millions-deuros-prevue-pres-de-bordeaux","status":"publish","type":"post","link":"https:\/\/www.europesays.com\/fr\/600220\/","title":{"rendered":"qui va financer la raffinerie \u00e0 530 millions d\u2019euros pr\u00e9vue pr\u00e8s de Bordeaux ?"},"content":{"rendered":"<p>Comme <a href=\"https:\/\/www.latribune.fr\/business\/2025-07-29\/flying-whales-l-impact-environnemental-de-l-usine-girondine-fait-encore-debat-1029311.html\" target=\"_blank\" rel=\"noopener\">Flying Whales l&rsquo;\u00e9t\u00e9 dernier<\/a>, l&rsquo;enqu\u00eate publique sur le projet de raffinerie de cobalt et de nickel \u00e0 Parempuyre en bord de Garonne, se tiendra opportun\u00e9ment pendant les vacances scolaires. Les soutiens et les opposants \u00e0 ce projet industriel pourront contribuer au d\u00e9bat entre le 15 d\u00e9cembre 2025 et le 15 janvier 2026, en pleine p\u00e9riode des f\u00eates de fin d&rsquo;ann\u00e9e.<\/p>\n<p>Port\u00e9e par Electro mobility materials Europe (EMME), cette usine de conversion de m\u00e9taux rares, class\u00e9e Seveso seuil haut, doit \u00eatre implant\u00e9e en zone inondable \u00e0 dix kilom\u00e8tres au nord de Bordeaux. On conna\u00eet le march\u00e9 vis\u00e9 &#8211; celui des fabricants de batteries automobiles &#8211; et l\u2019ampleur de l\u2019investissement envisag\u00e9 : 530 millions d\u2019euros au dernier pointage. Mais, \u00e0 l\u2019heure de l\u2019enqu\u00eate publique, le flou demeure en revanche sur le montage financier de cette raffinerie <a href=\"https:\/\/www.latribune.fr\/business\/2025-09-10\/metaux-critiques-la-raffinerie-pres-de-bordeaux-decretee-in-extremis-d-interet-public-majeur-1032182.html\" target=\"_blank\" rel=\"noopener\">d\u00e9clar\u00e9e d\u2019int\u00e9r\u00eat public majeur<\/a> par le gouvernement, mais d\u00e9j\u00e0 contest\u00e9e par des opposants devant les tribunaux.<\/p>\n","protected":false},"excerpt":{"rendered":"Comme Flying Whales l&rsquo;\u00e9t\u00e9 dernier, l&rsquo;enqu\u00eate publique sur le projet de raffinerie de cobalt et de nickel \u00e0&hellip;\n","protected":false},"author":2,"featured_media":600221,"comment_status":"","ping_status":"","sticky":false,"template":"","format":"standard","meta":{"footnotes":""},"categories":[2817],"tags":[17,71291,1111,11,1997,10183,1777,674,3531,1011,27,17175,966,4657,12,2219,22257,40769,1306,25,3138],"class_list":{"0":"post-600220","1":"post","2":"type-post","3":"status-publish","4":"format-standard","5":"has-post-thumbnail","7":"category-bordeaux","8":"tag-17","9":"tag-71291","10":"tag-actu","11":"tag-actualites","12":"tag-bordeaux","13":"tag-deuros","14":"tag-eu","15":"tag-europe","16":"tag-financement","17":"tag-fr","18":"tag-france","19":"tag-incertain","20":"tag-metaux","21":"tag-millions","22":"tag-news","23":"tag-nouvelle-aquitaine","24":"tag-raffinerie","25":"tag-rares","26":"tag-regions","27":"tag-republique-francaise","28":"tag-reste"},"share_on_mastodon":{"url":"https:\/\/pubeurope.com\/@fr\/115722195018512602","error":""},"_links":{"self":[{"href":"https:\/\/www.europesays.com\/fr\/wp-json\/wp\/v2\/posts\/600220","targetHints":{"allow":["GET"]}}],"collection":[{"href":"https:\/\/www.europesays.com\/fr\/wp-json\/wp\/v2\/posts"}],"about":[{"href":"https:\/\/www.europesays.com\/fr\/wp-json\/wp\/v2\/types\/post"}],"author":[{"embeddable":true,"href":"https:\/\/www.europesays.com\/fr\/wp-json\/wp\/v2\/users\/2"}],"replies":[{"embeddable":true,"href":"https:\/\/www.europesays.com\/fr\/wp-json\/wp\/v2\/comments?post=600220"}],"version-history":[{"count":0,"href":"https:\/\/www.europesays.com\/fr\/wp-json\/wp\/v2\/posts\/600220\/revisions"}],"wp:featuredmedia":[{"embeddable":true,"href":"https:\/\/www.europesays.com\/fr\/wp-json\/wp\/v2\/media\/600221"}],"wp:attachment":[{"href":"https:\/\/www.europesays.com\/fr\/wp-json\/wp\/v2\/media?parent=600220"}],"wp:term":[{"taxonomy":"category","embeddable":true,"href":"https:\/\/www.europesays.com\/fr\/wp-json\/wp\/v2\/categories?post=600220"},{"taxonomy":"post_tag","embeddable":true,"href":"https:\/\/www.europesays.com\/fr\/wp-json\/wp\/v2\/tags?post=600220"}],"curies":[{"name":"wp","href":"https:\/\/api.w.org\/{rel}","templated":true}]}}