{"id":600222,"date":"2025-12-15T06:35:14","date_gmt":"2025-12-15T06:35:14","guid":{"rendered":"https:\/\/www.europesays.com\/fr\/600222\/"},"modified":"2025-12-15T06:35:14","modified_gmt":"2025-12-15T06:35:14","slug":"municipales-2026-a-toulouse-videosurveillance-stop-ou-encore-la-bataille-des-cameras-au-coeur-de-la-campagne","status":"publish","type":"post","link":"https:\/\/www.europesays.com\/fr\/600222\/","title":{"rendered":"Municipales 2026 \u00e0 Toulouse\u00a0: vid\u00e9osurveillance, stop ou encore\u00a0? La bataille des cam\u00e9ras au c\u0153ur de la campagne"},"content":{"rendered":"<p>\n                                                                    l&rsquo;essentiel<br \/>\n                                                                Si Toulouse a b\u00e9n\u00e9fici\u00e9 de renforts policiers, la s\u00e9curit\u00e9 reste la priorit\u00e9 des candidats aux municipales. Le maire sortant promet de nouvelles cam\u00e9ras. Les socialistes ne toucheront pas \u00e0 ce dispositif quand les Insoumis veulent, eux, un audit de la vid\u00e9osurveillance.\n                            <\/p>\n<p>\u00ab\u00a0Je confirme que la s\u00e9curit\u00e9 reste au premier rang de nos pr\u00e9occupations.\u00a0\u00bb Le maire de Toulouse lui-m\u00eame, Jean-Luc Moudenc, candidat \u00e0 sa succession pour un troisi\u00e8me mandat d\u2019affil\u00e9e, a plac\u00e9 la s\u00e9curit\u00e9 en pole position de cette campagne des municipales lors de sa d\u00e9claration de candidature d\u00e9but novembre. Troisi\u00e8me ville de France avec plus de 500\u00a0000 habitants, la Ville rose souffre des maux des grandes villes, notamment une d\u00e9linquance de rue la nuit autour des lieux de f\u00eate des 100\u00a0000 \u00e9tudiants.<\/p>\n<p>P\u00e9nalis\u00e9e pendant longtemps par un d\u00e9ficit de policiers nationaux, la ville a redress\u00e9 la barre avec des renforts, surtout les 111 agents suppl\u00e9mentaires du contrat sign\u00e9 en 2020 avec le Premier ministre Jean Castex. Et depuis son retour au Capitole en 2014, Jean-Luc Moudenc a mis le paquet\u00a0: doublement des effectifs de la police municipale (390 agents aujourd\u2019hui) et arriv\u00e9e des cam\u00e9ras (de 21 \u00e0 690). Pour le Capitole, les r\u00e9sultats sont l\u00e0\u00a0: des cambriolages divis\u00e9s par deux en dix ans et une baisse des d\u00e9lits sur la voie publique quand la violence augmente mais dans la sph\u00e8re priv\u00e9e.<\/p>\n<p>S\u2019il n\u2019a pas encore d\u00e9voil\u00e9 son programme, le maire sortant, menac\u00e9 \u00e0 sa droite, a d\u2019embl\u00e9e propos\u00e9 l\u2019installation d\u2019une cam\u00e9ra par rue, soit 2\u00a0200 au total.<\/p>\n<p>Le RN en embuscade<\/p>\n<p>\u00c0 gauche, ses deux adversaires, la liste du Parti socialiste et des \u00c9cologistes alli\u00e9s \u00e0 sept autres formations, et le d\u00e9put\u00e9 Insoumis Fran\u00e7ois Piquemal, critiquent des r\u00e9sultats jug\u00e9s pas \u00e0 la hauteur. \u00ab\u00a0La ville est moins s\u00fbre malgr\u00e9 vos investissements\u00a0\u00bb, a tacl\u00e9 Vincent Gibert (PS) au conseil municipal de septembre. La gauche socialiste ne veut pas faire l\u2019impasse sur la s\u00e9curit\u00e9. D\u2019o\u00f9 une divergence avec les Insoumis\u00a0: \u00ab\u00a0nous ne remettrons en cause aucun moyen d\u00e9ploy\u00e9\u00a0\u00bb, a lanc\u00e9 la t\u00eate de liste Fran\u00e7ois Brian\u00e7on.<\/p>\n<p>Car en juillet, Mathilde Panot, pr\u00e9sidente du groupe LFI \u00e0 l\u2019Assembl\u00e9e, avait jet\u00e9 un pav\u00e9 dans la mare en annon\u00e7ant le d\u00e9sarmement des polices municipales et le d\u00e9mant\u00e8lement des cam\u00e9ras. \u00c0 Toulouse, Fran\u00e7ois Piquemal a d\u00fb nuancer\u00a0: \u00ab\u00a0nous ne d\u00e9sarmerons pas des armes de protection mais d\u00e9cr\u00e9terons un moratoire sur les armes l\u00e9tales\u00a0\u00bb. Et un second moratoire sur les cam\u00e9ras, le temps d\u2019un audit.<\/p>\n<p>\u00ab\u00a0Nous sommes pour une politique de l\u2019humain d\u2019abord\u00a0\u00bb, clame le candidat LFI qui promet \u00ab\u00a0une police municipale de proximit\u00e9\u00a0\u00bb avec \u00ab\u00a04 agents pour chacun des 84 quartiers\u00a0\u00bb. Et veut aussi \u00ab\u00a0renforcer la m\u00e9diation et lutter contre les discriminations\u00a0\u00bb.<\/p>\n<p>Jean-Luc Moudenc n\u2019a pas manqu\u00e9 de d\u00e9noncer les positions de \u00ab\u00a0la gauche m\u00e9lenchoniste\u00a0\u00bb. Dans la foul\u00e9e, il a distribu\u00e9 un tract en forme de p\u00e9tition. Le pr\u00e9sident du groupe majoritaire, Nicolas Misiak, avait \u00e9t\u00e9 plus explicite\u00a0: \u00ab\u00a0ces gens-l\u00e0 sont dangereux pour Toulouse\u00a0\u00bb.<\/p>\n<p>Au plan cam\u00e9ras de Jean-Luc Moudenc, \u00ab\u00a0une proposition \u00e9lectoraliste pas s\u00e9rieuse\u00a0\u00bb, Fran\u00e7ois Brian\u00e7on a oppos\u00e9 \u00ab\u00a0une culture du r\u00e9sultat\u00a0\u00bb. Et il a annonc\u00e9 ouvrir lui aussi \u00ab\u00a0le chantier de la m\u00e9diation\u00a0\u00bb.<\/p>\n<p>En 2026, l\u2019extr\u00eame droite pourrait jouer l\u2019arbitre du scrutin. Si le RN ne s\u2019est pas encore lanc\u00e9, le parti d\u2019Eric Zemmour r\u00e9clame, lui, 5\u00a0000 cam\u00e9ras.<\/p>\n","protected":false},"excerpt":{"rendered":"l&rsquo;essentiel Si Toulouse a b\u00e9n\u00e9fici\u00e9 de renforts policiers, la s\u00e9curit\u00e9 reste la priorit\u00e9 des candidats aux municipales. Le&hellip;\n","protected":false},"author":2,"featured_media":600223,"comment_status":"","ping_status":"","sticky":false,"template":"","format":"standard","meta":{"footnotes":""},"categories":[2816],"tags":[1111,11,1777,674,1011,27,329,2722,12,2680,25,7691,2312],"class_list":{"0":"post-600222","1":"post","2":"type-post","3":"status-publish","4":"format-standard","5":"has-post-thumbnail","7":"category-toulouse","8":"tag-actu","9":"tag-actualites","10":"tag-eu","11":"tag-europe","12":"tag-fr","13":"tag-france","14":"tag-france-monde","15":"tag-haute-garonne","16":"tag-news","17":"tag-occitanie","18":"tag-republique-francaise","19":"tag-su00e9curitu00e9","20":"tag-toulouse"},"share_on_mastodon":{"url":"https:\/\/pubeurope.com\/@fr\/115722199011690732","error":""},"_links":{"self":[{"href":"https:\/\/www.europesays.com\/fr\/wp-json\/wp\/v2\/posts\/600222","targetHints":{"allow":["GET"]}}],"collection":[{"href":"https:\/\/www.europesays.com\/fr\/wp-json\/wp\/v2\/posts"}],"about":[{"href":"https:\/\/www.europesays.com\/fr\/wp-json\/wp\/v2\/types\/post"}],"author":[{"embeddable":true,"href":"https:\/\/www.europesays.com\/fr\/wp-json\/wp\/v2\/users\/2"}],"replies":[{"embeddable":true,"href":"https:\/\/www.europesays.com\/fr\/wp-json\/wp\/v2\/comments?post=600222"}],"version-history":[{"count":0,"href":"https:\/\/www.europesays.com\/fr\/wp-json\/wp\/v2\/posts\/600222\/revisions"}],"wp:featuredmedia":[{"embeddable":true,"href":"https:\/\/www.europesays.com\/fr\/wp-json\/wp\/v2\/media\/600223"}],"wp:attachment":[{"href":"https:\/\/www.europesays.com\/fr\/wp-json\/wp\/v2\/media?parent=600222"}],"wp:term":[{"taxonomy":"category","embeddable":true,"href":"https:\/\/www.europesays.com\/fr\/wp-json\/wp\/v2\/categories?post=600222"},{"taxonomy":"post_tag","embeddable":true,"href":"https:\/\/www.europesays.com\/fr\/wp-json\/wp\/v2\/tags?post=600222"}],"curies":[{"name":"wp","href":"https:\/\/api.w.org\/{rel}","templated":true}]}}