{"id":600226,"date":"2025-12-15T06:38:12","date_gmt":"2025-12-15T06:38:12","guid":{"rendered":"https:\/\/www.europesays.com\/fr\/600226\/"},"modified":"2025-12-15T06:38:12","modified_gmt":"2025-12-15T06:38:12","slug":"9-millions-deuros-supplementaires-pour-transformer-les-quartiers","status":"publish","type":"post","link":"https:\/\/www.europesays.com\/fr\/600226\/","title":{"rendered":"9 millions d&rsquo;euros suppl\u00e9mentaires pour transformer les quartiers"},"content":{"rendered":"<p>                    Par<br \/>\n        <strong><br \/>\n            <a href=\"https:\/\/actu.fr\/auteur\/hervine-mahaud\" title=\"Consulter tous les articles de Hervine Mahaud\" target=\"_blank\" rel=\"noopener\">Hervine Mahaud<\/a><br \/>\n                    <\/strong><\/p>\n<p>        Publi\u00e9 le<\/p>\n<p>            15 d\u00e9c. 2025 \u00e0 7h06        <\/p>\n<p>La Ville de <a href=\"https:\/\/actu.fr\/lille\/\" target=\"_blank\" rel=\"noopener\">Lille<\/a> poursuit la <b>transformation de ses quartiers<\/b> dans le cadre du <b>Nouveau Programme National de Renouvellement Urbain (NPNRU)<\/b>. R\u00e9uni le <b>vendredi 12 d\u00e9cembre 2025<\/b>, le conseil municipal a adopt\u00e9 un <b>troisi\u00e8me avenant \u00e0 la convention pluriannuelle<\/b> port\u00e9e par la M\u00e9tropole europ\u00e9enne de Lille, ouvrant la voie \u00e0 de nouveaux financements pour plusieurs projets structurants. Cet avenant concerne le financement de plusieurs <b>\u00e9quipements publics<\/b>, la <b>requalification de logements sociaux<\/b>, ou encore des <b>d\u00e9molitions suppl\u00e9mentaires<\/b>, ainsi que les relogements et la reconstitution de l\u2019offre en logements sociaux associ\u00e9s.\u00a0<\/p>\n<p>9 millions d\u2019euros suppl\u00e9mentaires pour r\u00e9nover les quartiers de Lille<\/p>\n<p class=\" wall-content\">Cet avenant, valid\u00e9 avec l\u2019Agence nationale pour la r\u00e9novation urbaine (ANRU), l\u2019\u00c9tat, la MEL et l\u2019ensemble des partenaires, permet de s\u00e9curiser des op\u00e9rations compl\u00e9mentaires sur le territoire lillois. Il s\u2019appuie sur un <b>abondement financier de 9 millions d\u2019euros de subventions ANRU suppl\u00e9mentaires<\/b>, auxquels s\u2019ajoute le <b>red\u00e9ploiement de 8,9 millions d\u2019euros<\/b>, d\u00e9cid\u00e9 en concertation avec les collectivit\u00e9s et les ma\u00eetres d\u2019ouvrage concern\u00e9s.<\/p>\n<p class=\" wall-content\">Ces moyens financiers permettront notamment de soutenir la r\u00e9novation de logements sociaux, le financement d\u2019\u00e9quipements publics, ainsi que des d\u00e9molitions suppl\u00e9mentaires accompagn\u00e9es de solutions de relogement et de reconstitution de l\u2019offre.<\/p>\n<p>Des projets reconnus pour leur excellence environnementale<\/p>\n<p class=\" wall-content\">L\u2019obtention de ces financements repose en grande partie sur les <b>exigences environnementales \u00e9lev\u00e9es<\/b> port\u00e9es par les projets lillois et sur le respect des engagements pris aupr\u00e8s de l\u2019ANRU. \u00ab\u00a0A mi-parcours de son avancement, le NPRU avance dans les d\u00e9lais pr\u00e9vus, 84% des subventions ayant \u00e9t\u00e9 engag\u00e9es\u00a0\u00bb, souligne la municipalit\u00e9.<\/p>\n<p class=\" wall-content\">Sur le territoire lillois, des financements compl\u00e9mentaires ont ainsi \u00e9t\u00e9 int\u00e9gr\u00e9s \u00e0 la convention pour les op\u00e9rations suivantes :\u00a0<\/p>\n<ul class=\" wall-content\">\n<li><b>La r\u00e9habilitation de la r\u00e9sidence Renoir<\/b> (140 logements sociaux et 85 studios en r\u00e9sidence h\u00f4teli\u00e8re \u00e0 vocation sociale) dans le quartier Faubourg de B\u00e9thune (secteur Concorde), au titre de l\u2019excellence environnementale du projet.<\/li>\n<li><b>La r\u00e9habilitation de trois r\u00e9sidences des Aviateurs<\/b> (113 logements sociaux), dans le quartier des Bois Blancs (secteur Pointe des Bois Blancs), au titre de l\u2019excellence environnementale du projet.<\/li>\n<\/ul>\n<p class=\" wall-content\">Ces projets visent \u00e0 proposer des logements plus confortables, accessibles financi\u00e8rement et performants sur le plan \u00e9nerg\u00e9tique, tout en contribuant \u00e0 am\u00e9liorer l\u2019image de ces quartiers.<\/p>\n<p>Votre r\u00e9gion, votre actu !<\/p>\n<p>Recevez chaque jour les infos qui comptent pour vous.<\/p>\n<p>\t<a href=\"https:\/\/actu.fr\/newsletter\" class=\"ac-btn ac-btn--corner ac-btn--medium ac-btn--blue800\" target=\"_blank\" rel=\"noopener\">S&rsquo;incrire<\/a><br \/>\nLa Ville de Lille fortement engag\u00e9e financi\u00e8rement<\/p>\n<p class=\" wall-content\">La collectivit\u00e9 participe elle aussi au financement de ces op\u00e9rations. Elle contribue \u00e0 hauteur de <b>1,22 million d\u2019euros<\/b> pour la restructuration de la r\u00e9sidence Renoir et de <b>1,13 million d\u2019euros<\/b> pour les r\u00e9sidences des Aviateurs.<\/p>\n<p class=\" wall-content\">Par ailleurs, le conseil municipal a valid\u00e9 une <b>nouvelle op\u00e9ration de d\u00e9construction<\/b> au <b>50-82 rue L\u00e9on Blum<\/b>, toujours dans le quartier du Faubourg de B\u00e9thune. Ce programme concerne <b>127 logements<\/b>, dont les habitants feront l\u2019objet d\u2019un relogement. La reconstitution de l\u2019offre d\u00e9molie est pr\u00e9vue, permettant d\u2019engager une seconde phase du projet urbain et de lib\u00e9rer du foncier pour accueillir de futurs logements mixtes et bas carbone.<\/p>\n<p>Un investissement massif \u00e0 l\u2019\u00e9chelle de la ville<\/p>\n<p class=\" wall-content\">Au total, \u00e0 Lille, le Nouveau Programme National de Renouvellement Urbain repr\u00e9sente <b>pr\u00e8s de 500 millions d\u2019euros d\u2019investissements<\/b>, port\u00e9s par l\u2019ensemble des partenaires, hors reconstitution de l\u2019offre sociale. L\u2019ANRU apporte <b>81,5 millions d\u2019euros de subventions<\/b>, auxquels s\u2019ajoutent <b>4,6 millions d\u2019euros<\/b> issus des programmes d\u2019innovation.<\/p>\n<p class=\" wall-content\">La Ville de Lille, de son c\u00f4t\u00e9, s\u2019engage \u00e0 hauteur de <b>41 millions d\u2019euros<\/b>, notamment pour le financement d\u2019\u00e9quipements publics, l\u2019am\u00e9nagement des espaces publics, la requalification des logements sociaux et la lutte contre l\u2019habitat ancien d\u00e9grad\u00e9.<\/p>\n<p class=\" wall-content\">Avec ce nouvel avenant, la municipalit\u00e9 affirme sa volont\u00e9 de <b>poursuivre et s\u00e9curiser la transformation de ses quartiers<\/b>, en conciliant renouvellement urbain, exigences environnementales et am\u00e9lioration du cadre de vie des habitants.<\/p>\n<p class=\" wall-content\">Personnalisez votre actualit\u00e9 en ajoutant vos villes et m\u00e9dias en favori avec <a href=\"https:\/\/moncompte.actu.fr\" title=\"D\u00e9couvez Mon Actu\" rel=\"nofollow noopener\" data-trk=\"{&quot;cta&quot;:{&quot;action&quot;:&quot;https:\\\/\\\/moncompte.actu.fr&quot;,&quot;category&quot;:&quot;mon compte&quot;,&quot;from&quot;:&quot;article footer&quot;,&quot;name&quot;:&quot;Mon actu&quot;,&quot;type&quot;:&quot;cta&quot;}}\" target=\"_blank\">Mon Actu<\/a>.<\/p>\n","protected":false},"excerpt":{"rendered":"Par Hervine Mahaud Publi\u00e9 le 15 d\u00e9c. 2025 \u00e0 7h06 La Ville de Lille poursuit la transformation de&hellip;\n","protected":false},"author":2,"featured_media":600227,"comment_status":"","ping_status":"","sticky":false,"template":"","format":"standard","meta":{"footnotes":""},"categories":[2815],"tags":[1111,11,33,1777,674,1011,27,811,1307,12,25,2086,1352],"class_list":{"0":"post-600226","1":"post","2":"type-post","3":"status-publish","4":"format-standard","5":"has-post-thumbnail","7":"category-lille","8":"tag-actu","9":"tag-actualites","10":"tag-economie","11":"tag-eu","12":"tag-europe","13":"tag-fr","14":"tag-france","15":"tag-hauts-de-france","16":"tag-lille","17":"tag-news","18":"tag-republique-francaise","19":"tag-travaux","20":"tag-urbanisme"},"share_on_mastodon":{"url":"https:\/\/pubeurope.com\/@fr\/115722210777649212","error":""},"_links":{"self":[{"href":"https:\/\/www.europesays.com\/fr\/wp-json\/wp\/v2\/posts\/600226","targetHints":{"allow":["GET"]}}],"collection":[{"href":"https:\/\/www.europesays.com\/fr\/wp-json\/wp\/v2\/posts"}],"about":[{"href":"https:\/\/www.europesays.com\/fr\/wp-json\/wp\/v2\/types\/post"}],"author":[{"embeddable":true,"href":"https:\/\/www.europesays.com\/fr\/wp-json\/wp\/v2\/users\/2"}],"replies":[{"embeddable":true,"href":"https:\/\/www.europesays.com\/fr\/wp-json\/wp\/v2\/comments?post=600226"}],"version-history":[{"count":0,"href":"https:\/\/www.europesays.com\/fr\/wp-json\/wp\/v2\/posts\/600226\/revisions"}],"wp:featuredmedia":[{"embeddable":true,"href":"https:\/\/www.europesays.com\/fr\/wp-json\/wp\/v2\/media\/600227"}],"wp:attachment":[{"href":"https:\/\/www.europesays.com\/fr\/wp-json\/wp\/v2\/media?parent=600226"}],"wp:term":[{"taxonomy":"category","embeddable":true,"href":"https:\/\/www.europesays.com\/fr\/wp-json\/wp\/v2\/categories?post=600226"},{"taxonomy":"post_tag","embeddable":true,"href":"https:\/\/www.europesays.com\/fr\/wp-json\/wp\/v2\/tags?post=600226"}],"curies":[{"name":"wp","href":"https:\/\/api.w.org\/{rel}","templated":true}]}}