{"id":600230,"date":"2025-12-15T06:40:12","date_gmt":"2025-12-15T06:40:12","guid":{"rendered":"https:\/\/www.europesays.com\/fr\/600230\/"},"modified":"2025-12-15T06:40:12","modified_gmt":"2025-12-15T06:40:12","slug":"marseille-ces-stations-de-tram-de-la-rtm-fermees-durgence-ce-quil-se-passe","status":"publish","type":"post","link":"https:\/\/www.europesays.com\/fr\/600230\/","title":{"rendered":"Marseille. Ces stations de tram de la RTM ferm\u00e9es d&rsquo;urgence : ce qu&rsquo;il se passe"},"content":{"rendered":"<p>                    Par<br \/>\n        <strong><br \/>\n            <a href=\"https:\/\/actu.fr\/auteur\/fabien-binacchi\" title=\"Consulter tous les articles de Fabien Binacchi\" target=\"_blank\" rel=\"noopener\">Fabien Binacchi<\/a><br \/>\n                    <\/strong><\/p>\n<p>        Publi\u00e9 le<\/p>\n<p>            15 d\u00e9c. 2025 \u00e0 7h08<br \/>\n        ; mis \u00e0 jour le 15 d\u00e9c. 2025 \u00e0 7h22    <\/p>\n<p>Mise \u00e0 jour le lundi 15 d\u00e9cembre 2025 \u00e0 07h22\u2009: La RTM annonce une \u00ab\u2009fin de perturbation\u2009\u00bb et un \u00ab\u2009retour progressif du trafic \u00e0 la normale\u2009\u00bb.<\/p>\n<p class=\" wall-content\">Le tramway de <a href=\"https:\/\/actu.fr\/marseille\/\" target=\"_blank\" rel=\"noopener\">Marseille<\/a> en d\u00e9rangement. Depuis environ 5h20 du matin ce lundi 15\u00a0d\u00e9cembre 2025, la circulation de ligne T3 de la <a href=\"https:\/\/actu.fr\/tag\/rtm\" target=\"_blank\" rel=\"noopener\">RTM<\/a> est perturb\u00e9e\u2009: quatre stations ont \u00e9t\u00e9 <strong>ferm\u00e9es en urgence et ne sont plus desservies,<\/strong> fait savoir la r\u00e9gie.<\/p>\n<p class=\" wall-content\">Voici ce qu\u2019il se passe.<\/p>\n<p>Un accident sur la rue de Rome<\/p>\n<p class=\" wall-content\">\u00c0 cause d\u2019un \u00ab\u2009v\u00e9hicule accident\u00e9 rue de Rome\u2009\u00bb, la ligne T3 du tramway de Marseille ne circule plus normalement ce lundi matin. Les rames transportent les passagers uniquement <strong>entre les stations \u00ab\u2009Arenc Le Silo\u2009\u00bb et \u00ab\u2009Cours Saint-Louis\u2009\u00bb.<\/strong><\/p>\n<p class=\" wall-content\">\n<p class=\" wall-content\">Au total, quatre arr\u00eats ne sont plus desservis\u2009:<\/p>\n<ul class=\" wall-content\">\n<li>Rome Davso,<\/li>\n<li>Place de Rome,<\/li>\n<li>Rome Dragon,<\/li>\n<li>Castellane, le terminus.<\/li>\n<\/ul>\n<p>\u00ab\u2009Privil\u00e9gier le m\u00e9tro\u2009\u00bb<\/p>\n<p class=\" wall-content\">La r\u00e9gie des transports m\u00e9tropolitains invite les usagers du r\u00e9seau \u00e0 \u00ab\u2009privil\u00e9gier le m\u00e9tro pour [leurs] d\u00e9placements\u2009\u00bb pendant la dur\u00e9e du d\u00e9rangement, qu\u2019elle ne pr\u00e9cise pas.<\/p>\n<p class=\" wall-content\">\u00ab\u2009La ligne sera r\u00e9tablie <strong>d\u00e8s que les conditions le permettront<\/strong>\u2009\u00bb, indique-t-elle seulement.<\/p>\n<p class=\" wall-content\">Personnalisez votre actualit\u00e9 en ajoutant vos villes et m\u00e9dias en favori avec <a href=\"https:\/\/moncompte.actu.fr\" title=\"D\u00e9couvez Mon Actu\" rel=\"nofollow noopener\" data-trk=\"{&quot;cta&quot;:{&quot;action&quot;:&quot;https:\\\/\\\/moncompte.actu.fr&quot;,&quot;category&quot;:&quot;mon compte&quot;,&quot;from&quot;:&quot;article footer&quot;,&quot;name&quot;:&quot;Mon actu&quot;,&quot;type&quot;:&quot;cta&quot;}}\" target=\"_blank\">Mon Actu<\/a>.<\/p>\n","protected":false},"excerpt":{"rendered":"Par Fabien Binacchi Publi\u00e9 le 15 d\u00e9c. 2025 \u00e0 7h08 ; mis \u00e0 jour le 15 d\u00e9c. 2025&hellip;\n","protected":false},"author":2,"featured_media":600231,"comment_status":"","ping_status":"","sticky":false,"template":"","format":"standard","meta":{"footnotes":""},"categories":[2814],"tags":[1111,11,1777,674,1011,27,884,12,882,25,10783,104,2803],"class_list":{"0":"post-600230","1":"post","2":"type-post","3":"status-publish","4":"format-standard","5":"has-post-thumbnail","7":"category-marseille","8":"tag-actu","9":"tag-actualites","10":"tag-eu","11":"tag-europe","12":"tag-fr","13":"tag-france","14":"tag-marseille","15":"tag-news","16":"tag-provence-alpes-cote-dazur","17":"tag-republique-francaise","18":"tag-rtm","19":"tag-societe","20":"tag-transport"},"share_on_mastodon":{"url":"https:\/\/pubeurope.com\/@fr\/115722218660489394","error":""},"_links":{"self":[{"href":"https:\/\/www.europesays.com\/fr\/wp-json\/wp\/v2\/posts\/600230","targetHints":{"allow":["GET"]}}],"collection":[{"href":"https:\/\/www.europesays.com\/fr\/wp-json\/wp\/v2\/posts"}],"about":[{"href":"https:\/\/www.europesays.com\/fr\/wp-json\/wp\/v2\/types\/post"}],"author":[{"embeddable":true,"href":"https:\/\/www.europesays.com\/fr\/wp-json\/wp\/v2\/users\/2"}],"replies":[{"embeddable":true,"href":"https:\/\/www.europesays.com\/fr\/wp-json\/wp\/v2\/comments?post=600230"}],"version-history":[{"count":0,"href":"https:\/\/www.europesays.com\/fr\/wp-json\/wp\/v2\/posts\/600230\/revisions"}],"wp:featuredmedia":[{"embeddable":true,"href":"https:\/\/www.europesays.com\/fr\/wp-json\/wp\/v2\/media\/600231"}],"wp:attachment":[{"href":"https:\/\/www.europesays.com\/fr\/wp-json\/wp\/v2\/media?parent=600230"}],"wp:term":[{"taxonomy":"category","embeddable":true,"href":"https:\/\/www.europesays.com\/fr\/wp-json\/wp\/v2\/categories?post=600230"},{"taxonomy":"post_tag","embeddable":true,"href":"https:\/\/www.europesays.com\/fr\/wp-json\/wp\/v2\/tags?post=600230"}],"curies":[{"name":"wp","href":"https:\/\/api.w.org\/{rel}","templated":true}]}}