{"id":600244,"date":"2025-12-15T06:49:16","date_gmt":"2025-12-15T06:49:16","guid":{"rendered":"https:\/\/www.europesays.com\/fr\/600244\/"},"modified":"2025-12-15T06:49:16","modified_gmt":"2025-12-15T06:49:16","slug":"volodymyr-zelensky-et-les-negociateurs-americains-poursuivent-les-discussions-lundi-a-berlin","status":"publish","type":"post","link":"https:\/\/www.europesays.com\/fr\/600244\/","title":{"rendered":"Volodymyr Zelensky et les n\u00e9gociateurs am\u00e9ricains poursuivent les discussions lundi \u00e0 Berlin"},"content":{"rendered":"\n<p class=\"post__live-container--answer-text post__space-node\">Entre diplomatie discr\u00e8te et affaires florissantes, Jared Kushner tisse sa toile entre Washington, le Moyen-Orient et Hollywood, ses multiples casquettes suscitant interrogations et controverses.<\/p>\n<p class=\"post__live-container--answer-text post__space-node\">Sans titre officiel \u00e0 la Maison Blanche sinon d\u2019\u00eatre le gendre du pr\u00e9sident, il a orchestr\u00e9 un retour au pouvoir remarquable, et parfois contest\u00e9, comme membre du premier cercle de Donald Trump. Ce dernier a notamment confi\u00e9 au mari de sa fille a\u00een\u00e9e, Ivanka, un r\u00f4le-cl\u00e9 dans les pourparlers de paix \u00e0 Gaza et en Ukraine.<\/p>\n<p class=\"post__live-container--answer-text post__space-node\">Mais \u00e0 c\u00f4t\u00e9 de ce r\u00f4le de diplomate officieux du pr\u00e9sident, Jared Kushner, 44\u00a0ans, fils de l\u2019actuel ambassadeur des Etats-Unis en France, s\u2019est aussi impliqu\u00e9 cette semaine, par l\u2019interm\u00e9diaire d\u2019Affinity Partners, son fonds d\u2019investissement, dans le projet de rachat de Warner Bros Discovery par Paramount Skydance.<\/p>\n<p class=\"post__live-container--answer-text post__space-node\">Apr\u00e8s la d\u00e9faite de son beau-p\u00e8re face \u00e0 Joe Biden en novembre\u00a02020, Jared Kushner a fond\u00e9 cette soci\u00e9t\u00e9 largement financ\u00e9e par l\u2019Arabie saoudite. Selon le magazine\u00a0Forbes, Jared Kushner est d\u00e9sormais milliardaire.<\/p>\n<p class=\"post__live-container--answer-text post__space-node\">En septembre, Affinity Partners a rachet\u00e9 pour 55\u00a0milliards de dollars Electronic Arts (EA), un des plus grands \u00e9diteurs am\u00e9ricains de jeux vid\u00e9o, aux c\u00f4t\u00e9s du Fonds public d\u2019investissement d\u2019Arabie saoudite (PIF) et du fonds d\u2019investissement am\u00e9ricain Silver Lake.<\/p>\n<p class=\"post__live-container--answer-text post__space-node\">Jared Kushner se d\u00e9fend de possibles conflits d\u2019int\u00e9r\u00eats entre fonctions publiques et priv\u00e9es et la porte-parole de la Maison Blanche, Karoline Leavitt, estime que c\u2019est une question \u00ab\u00a0franchement m\u00e9prisable\u00a0\u00bb. Selon la Maison Blanche, Kushner apporte une \u00ab\u00a0expertise pr\u00e9cieuse\u00a0\u00bb au sein de son \u00e9quipe, m\u00eame s\u2019il travaille seulement comme \u00ab\u00a0conseiller informel et non r\u00e9mun\u00e9r\u00e9\u00a0\u00bb. \u00ab\u00a0Le pr\u00e9sident Trump a un membre de confiance de la famille et un conseiller talentueux en la personne de Jared Kushner\u00a0\u00bb, a r\u00e9sum\u00e9 la porte-parole adjointe, Anna Kelly, aupr\u00e8s de l\u2019Agence France-Presse, invoquant \u00ab\u00a0la r\u00e9ussite\u00a0\u00bb de Kushner au Moyen-Orient. Trump et son envoy\u00e9 sp\u00e9cial itin\u00e9rant, l\u2019homme d\u2019affaires Steve Witkoff, \u00ab\u00a0sollicitent souvent l\u2019avis de M. Kushner compte tenu de son exp\u00e9rience des n\u00e9gociations complexes, et M. Kushner s\u2019est montr\u00e9 g\u00e9n\u00e9reux en apportant son expertise pr\u00e9cieuse lorsque cela lui est demand\u00e9\u00a0\u00bb, a encore dit Anna Kelly.<\/p>\n<p class=\"post__live-container--answer-text post__space-node\">Lors du premier mandat de son beau-p\u00e8re, Jared Kushner avait n\u00e9goci\u00e9 les accords d\u2019Abraham (sign\u00e9s en septembre\u00a02020) ayant conduit \u00e0 la normalisation des relations diplomatiques entre Isra\u00ebl et les Emirats arabes unis, Bahre\u00efn puis le Maroc et le Soudan.<\/p>\n<p class=\"post__live-container--answer-text post__space-node\">Durant cette p\u00e9riode, M.\u00a0Kushner, qui est juif, a tiss\u00e9 des relations durables avec des Etats du Golfe comme l\u2019Arabie saoudite. Alors que Donald Trump cherchait un cessez-le-feu \u00e0 Gaza, il s\u2019est de nouveau tourn\u00e9 vers son gendre.<\/p>\n<p class=\"post__live-container--answer-text post__space-node\">Le pr\u00e9sident l\u2019a d\u00e9p\u00each\u00e9 avec Steve Witkoff pour n\u00e9gocier avec Isra\u00ebl, le Hamas et les puissances du Moyen-Orient. Apr\u00e8s l\u2019accord sur Gaza, Jared Kushner a expliqu\u00e9 que son r\u00f4le n\u2019\u00e9tait que temporaire et a plaisant\u00e9 en disant qu\u2019il craignait qu\u2019Ivanka ne change les serrures de leur villa en Floride et ne le laisse pas rentrer s\u2019il restait loin de chez lui.<\/p>\n<p class=\"post__live-container--answer-text post__space-node\">Pourtant, le mois suivant, les deux \u00e9missaires se sont rendus \u00e0 Moscou pour rencontrer le pr\u00e9sident russe, Vladimir Poutine. Le principal conseiller du Kremlin, Iouri Ouchakov, a d\u00e9clar\u00e9 que Jared Kushner \u00ab\u00a0s\u2019est av\u00e9r\u00e9 tr\u00e8s utile\u00a0\u00bb.<\/p>\n<p class=\"post__live-container--answer-text post__space-node\">Les int\u00e9r\u00eats commerciaux de M.\u00a0Kushner ont de nouveau suscit\u00e9 des interrogations lorsqu\u2019il est apparu qu<a href=\"https:\/\/www.lemonde.fr\/economie\/article\/2025\/12\/10\/le-gendre-de-donald-trump-se-retrouve-au-c-ur-des-deux-operations-de-fusion-acquisition-phares-de-2025-aux-etats-unis_6656735_3234.html\" target=\"_blank\" rel=\"noopener\">\u2019Affinity Partners<\/a> faisait partie des investisseurs soutenant la bataille de Paramount contre\u00a0Netflix\u00a0pour racheter Warner Bros. Cela a ajout\u00e9 une dimension politique \u00e0 l\u2019affaire\u00a0: si ce rachat aboutit, la famille Trump pourrait d\u00e9tenir partiellement\u00a0CNN, la cha\u00eene d\u2019info la plus honnie du pr\u00e9sident am\u00e9ricain. Le Fonds d\u2019investissement public (PIF) d\u2019Arabie saoudite a vers\u00e9 2\u00a0milliards de dollars en\u00a02022 \u00e0 Affinity, a rapport\u00e9 le\u00a0New York Times. L\u2019Autorit\u00e9 d\u2019investissement du Qatar et Lunate Capital, bas\u00e9e \u00e0 Abou Dhabi, ont ensemble apport\u00e9 environ 1,5\u00a0milliard de dollars en\u00a02024, avait d\u00e9voil\u00e9 Jared Kushner dans un podcast l\u2019an dernier. Sa soci\u00e9t\u00e9 g\u00e8re d\u00e9sormais 5,4\u00a0milliards de dollars, selon un communiqu\u00e9 de septembre.<\/p>\n<p class=\"post__live-container--answer-text post__space-node\">Une commission des finances du S\u00e9nat am\u00e9ricain a lanc\u00e9 l\u2019an dernier, avant le retour de Donald Trump \u00e0 la Maison Blanche, une enqu\u00eate sur Affinity Partners. En trois ans, la soci\u00e9t\u00e9 de M.\u00a0Kushner a empoch\u00e9 157\u00a0millions de dollars de clients \u00e9trangers dont 87\u00a0millions provenant directement du gouvernement saoudien sans retour sur investissement pour ses clients, notait le s\u00e9nateur d\u00e9mocrate Ron Wyden, en soulignant \u00ab\u00a0la d\u00e9pendance totale d\u2019Affinity \u00e0 l\u2019\u00e9gard d\u2019un petit nombre d\u2019investisseurs gouvernementaux \u00e9trangers\u00a0\u00bb.<\/p>\n<p class=\"post__live-container--answer-text post__space-node\">\u00ab\u00a0Ce que les gens appellent des conflits d\u2019int\u00e9r\u00eats, Steve [Witkoff] et moi appelons cela l\u2019exp\u00e9rience et des relations de confiance\u00a0\u00bb, a soutenu r\u00e9cemment Jared Kushner sur la cha\u00eene\u00a0CBS.<\/p>\n","protected":false},"excerpt":{"rendered":"Entre diplomatie discr\u00e8te et affaires florissantes, Jared Kushner tisse sa toile entre Washington, le Moyen-Orient et Hollywood, ses&hellip;\n","protected":false},"author":2,"featured_media":600245,"comment_status":"","ping_status":"","sticky":false,"template":"","format":"standard","meta":{"footnotes":""},"categories":[1591],"tags":[11,1887,12,1885,1886,132],"class_list":{"0":"post-600244","1":"post","2":"type-post","3":"status-publish","4":"format-standard","5":"has-post-thumbnail","7":"category-russie","8":"tag-actualites","9":"tag-federation-de-russie","10":"tag-news","11":"tag-russia","12":"tag-russian-federation","13":"tag-russie"},"share_on_mastodon":{"url":"https:\/\/pubeurope.com\/@fr\/115722253983225583","error":""},"_links":{"self":[{"href":"https:\/\/www.europesays.com\/fr\/wp-json\/wp\/v2\/posts\/600244","targetHints":{"allow":["GET"]}}],"collection":[{"href":"https:\/\/www.europesays.com\/fr\/wp-json\/wp\/v2\/posts"}],"about":[{"href":"https:\/\/www.europesays.com\/fr\/wp-json\/wp\/v2\/types\/post"}],"author":[{"embeddable":true,"href":"https:\/\/www.europesays.com\/fr\/wp-json\/wp\/v2\/users\/2"}],"replies":[{"embeddable":true,"href":"https:\/\/www.europesays.com\/fr\/wp-json\/wp\/v2\/comments?post=600244"}],"version-history":[{"count":0,"href":"https:\/\/www.europesays.com\/fr\/wp-json\/wp\/v2\/posts\/600244\/revisions"}],"wp:featuredmedia":[{"embeddable":true,"href":"https:\/\/www.europesays.com\/fr\/wp-json\/wp\/v2\/media\/600245"}],"wp:attachment":[{"href":"https:\/\/www.europesays.com\/fr\/wp-json\/wp\/v2\/media?parent=600244"}],"wp:term":[{"taxonomy":"category","embeddable":true,"href":"https:\/\/www.europesays.com\/fr\/wp-json\/wp\/v2\/categories?post=600244"},{"taxonomy":"post_tag","embeddable":true,"href":"https:\/\/www.europesays.com\/fr\/wp-json\/wp\/v2\/tags?post=600244"}],"curies":[{"name":"wp","href":"https:\/\/api.w.org\/{rel}","templated":true}]}}