{"id":600246,"date":"2025-12-15T06:50:40","date_gmt":"2025-12-15T06:50:40","guid":{"rendered":"https:\/\/www.europesays.com\/fr\/600246\/"},"modified":"2025-12-15T06:50:40","modified_gmt":"2025-12-15T06:50:40","slug":"les-pourparlers-americano-ukrainiens-se-poursuivent-ce-lundi-a-berlin","status":"publish","type":"post","link":"https:\/\/www.europesays.com\/fr\/600246\/","title":{"rendered":"Les pourparlers am\u00e9ricano-ukrainiens se poursuivent ce lundi \u00e0 Berlin\u2026"},"content":{"rendered":"<p>Les alli\u00e9s europ\u00e9ens de Kiev veulent se faire entendre<\/p>\n<p>Outre le deuxi\u00e8me round ukraino-am\u00e9ricain, de nombreux dirigeants europ\u00e9ens sont attendus ce lundi soir \u00e0 Berlin pour accorder leurs positions. Comme Kiev, ils s\u2019opposent au fait de c\u00e9der aux revendications maximalistes du Kremlin. Ils craignent que Donald Trump abandonne l\u2019Ukraine et que l\u2019Europe soit exclue des d\u00e9bats sur la s\u00e9curit\u00e9 du continent, alors que le Kremlin est per\u00e7u comme une menace majeure.<\/p>\n<p>Les pourparlers am\u00e9ricano-ukrainiens se poursuivent ce lundi \u00e0 Berlin<\/p>\n<p>Le pr\u00e9sident ukrainien et les n\u00e9gociateurs am\u00e9ricains se retrouvent ce lundi \u00e0 Berlin, dans la foul\u00e9e de cinq heures de pourparlers dimanche. L\u2019\u00e9missaire am\u00e9ricain, Steve Witkoff a \u00e9t\u00e9 avare en d\u00e9tail, mais a assur\u00e9 sur X que \u00ab\u00a0beaucoup de progr\u00e8s\u00a0\u00bb ont \u00e9t\u00e9 faits lors \u00ab\u00a0des discussions approfondies sur le plan en 20 points pour la paix, les programmes \u00e9conomiques, et davantage\u00a0\u00bb.<\/p>\n<p>Kiev esp\u00e8re convaincre Washington qu\u2019un cessez-le-feu doit intervenir en Ukraine sans concessions territoriales pr\u00e9alables \u00e0 la Russie.<\/p>\n<p>Bienvenue dans ce nouveau Live<\/p>\n<p>Bonjour \u00e0 toutes et \u00e0 tous. Comme chaque jour, la r\u00e9daction de 20 Minutes se mobilise pour vous donner l\u2019ensemble des informations sur le conflit entre Kiev et Moscou.<\/p>\n<p>Avec \u00e0 la man\u0153uvre les Etats-Unis, les pourparlers se poursuivent pour tenter de mettre fin \u00e0 la guerre. L\u2019Ukraine veut surtout obtenir un plan de paix qui ne soit pas synonyme de capitulation au profit de la Russie.<\/p>\n","protected":false},"excerpt":{"rendered":"Les alli\u00e9s europ\u00e9ens de Kiev veulent se faire entendre Outre le deuxi\u00e8me round ukraino-am\u00e9ricain, de nombreux dirigeants europ\u00e9ens&hellip;\n","protected":false},"author":2,"featured_media":600247,"comment_status":"","ping_status":"","sticky":false,"template":"","format":"standard","meta":{"footnotes":""},"categories":[1590],"tags":[47,11,75,73,1777,674,131,74,12,132,220,555,133,134],"class_list":{"0":"post-600246","1":"post","2":"type-post","3":"status-publish","4":"format-standard","5":"has-post-thumbnail","7":"category-ukraine","8":"tag-actualite","9":"tag-actualites","10":"tag-donald-trump","11":"tag-etats-unis","12":"tag-eu","13":"tag-europe","14":"tag-guerre-en-ukraine","15":"tag-monde","16":"tag-news","17":"tag-russie","18":"tag-ukraine","19":"tag-union-europeenne-ue","20":"tag-video","21":"tag-volodymyr-zelensky"},"share_on_mastodon":{"url":"https:\/\/pubeurope.com\/@fr\/115722257935251957","error":""},"_links":{"self":[{"href":"https:\/\/www.europesays.com\/fr\/wp-json\/wp\/v2\/posts\/600246","targetHints":{"allow":["GET"]}}],"collection":[{"href":"https:\/\/www.europesays.com\/fr\/wp-json\/wp\/v2\/posts"}],"about":[{"href":"https:\/\/www.europesays.com\/fr\/wp-json\/wp\/v2\/types\/post"}],"author":[{"embeddable":true,"href":"https:\/\/www.europesays.com\/fr\/wp-json\/wp\/v2\/users\/2"}],"replies":[{"embeddable":true,"href":"https:\/\/www.europesays.com\/fr\/wp-json\/wp\/v2\/comments?post=600246"}],"version-history":[{"count":0,"href":"https:\/\/www.europesays.com\/fr\/wp-json\/wp\/v2\/posts\/600246\/revisions"}],"wp:featuredmedia":[{"embeddable":true,"href":"https:\/\/www.europesays.com\/fr\/wp-json\/wp\/v2\/media\/600247"}],"wp:attachment":[{"href":"https:\/\/www.europesays.com\/fr\/wp-json\/wp\/v2\/media?parent=600246"}],"wp:term":[{"taxonomy":"category","embeddable":true,"href":"https:\/\/www.europesays.com\/fr\/wp-json\/wp\/v2\/categories?post=600246"},{"taxonomy":"post_tag","embeddable":true,"href":"https:\/\/www.europesays.com\/fr\/wp-json\/wp\/v2\/tags?post=600246"}],"curies":[{"name":"wp","href":"https:\/\/api.w.org\/{rel}","templated":true}]}}