{"id":600248,"date":"2025-12-15T06:51:21","date_gmt":"2025-12-15T06:51:21","guid":{"rendered":"https:\/\/www.europesays.com\/fr\/600248\/"},"modified":"2025-12-15T06:51:21","modified_gmt":"2025-12-15T06:51:21","slug":"lizzy-gunsalus-triomphe-aux-nationaux-de-cyclo-cross-usa-2025","status":"publish","type":"post","link":"https:\/\/www.europesays.com\/fr\/600248\/","title":{"rendered":"Lizzy Gunsalus triomphe aux nationaux de cyclo-cross USA 2025"},"content":{"rendered":"<p><strong>Une finale palpitante\u00a0: Lizzy Gunsalus triomphe aux USA Cycling Cyclocross Nationals<\/strong><\/p>\n<p>La comp\u00e9tition cycliste a r\u00e9uni les meilleures athl\u00e8tes du cyclo-cross ce dimanche apr\u00e8s-midi \u00e0 Fayetteville, et c\u2019est Lizzy Gunsalus qui a brill\u00e9 par son audace et sa d\u00e9termination en d\u00e9crochant le titre de championne \u00e9lite. Dans une d\u00e9monstration de force et de strat\u00e9gie, la championne panam\u00e9ricaine a r\u00e9ussi \u00e0 distancer ses plus proches concurrentes dans les derniers instants cruciaux de la course.<\/p>\n<p>Une course haletante<\/p>\n<p>D\u00e8s le d\u00e9but, Gunsalus (22 ans) a pris les r\u00eanes de la course sur un parcours de 3,4 km exigeant, ponctu\u00e9 de longs escaliers et de passages techniques complexes. <strong>Elle s\u2019\u00e9tait d\u00e9j\u00e0 d\u00e9marqu\u00e9e d\u00e8s la fin du premier tour<\/strong>, emmenant un groupe de t\u00eate compos\u00e9 d\u2019Alyssa Sarkisov, Cassidy Hickey et Lauren Zoerner.<\/p>\n<p>Un dernier tour d\u00e9cisif<\/p>\n<p>Alors que Katherine Sarkisov (21 ans) surveillait de pr\u00e8s les attaques de ses adversaires, c\u2019est finalement sous une pression croissante que Gunsalus a choisi de lancer son acc\u00e9l\u00e9ration d\u00e9cisive lors de l\u2019avant-dernier tour. En entendant le son de la cloche, elle disposait d\u2019une avance de cinq secondes malgr\u00e9 une l\u00e9g\u00e8re erreur sur les barri\u00e8res, mais <strong>elle a tenu bon jusqu\u2019\u00e0 la ligne d\u2019arriv\u00e9e<\/strong>.<\/p>\n<p>Des concurrentes combatives<\/p>\n<p>Katherine Sarkisov a d\u00e9croch\u00e9 la m\u00e9daille d\u2019argent, s\u2019imposant \u00e0 peine cinq secondes devant sa s\u0153ur Alyssa (18 ans), qui est mont\u00e9e sur la troisi\u00e8me marche du podium. Chacune des s\u0153urs Sarkisov avait choisi de prendre part \u00e0 la course \u00e9lite plut\u00f4t qu\u2019\u00e0 celle des moins de 23 ans, ayant d\u00e9j\u00e0 domin\u00e9 dans leur cat\u00e9gorie la veille.<\/p>\n<p>R\u00e9actions apr\u00e8s la course<\/p>\n<p>\u00ab\u00a0Incroyable. Je suis tr\u00e8s heureuse d\u2019avoir pu tout r\u00e9aliser aujourd\u2019hui\u00a0\u00bb, a confi\u00e9 Gunsalus en partageant ses impressions apr\u00e8s la course. Elle a expliqu\u00e9 sa strat\u00e9gie\u00a0: \u00ab\u00a0Je me concentrais sur les sections o\u00f9 je savais tirer avantage en termes de technique et de fluidit\u00e9 par rapport aux autres concurrentes. Ce moment o\u00f9 j\u2019ai d\u00e9cid\u00e9 d\u2019acc\u00e9l\u00e9rer, c\u2019\u00e9tait vraiment le moment de tout donner.\u00a0\u00bb<\/p>\n<p>Cassidy Hickey, championne am\u00e9ricaine actuelle de crit\u00e9rium, a termin\u00e9 quatri\u00e8me, et Lauren Zoerner cinqui\u00e8me, confirmant le haut niveau de cette comp\u00e9tition. Les spectateurs ont pu admirer un spectacle saisissant sur le parcours de Centennial Park, sous un soleil radieux malgr\u00e9 une temp\u00e9rature fra\u00eeche avoisinant les 10 degr\u00e9s Celsius.<\/p>\n<p>Le cyclo-cross continue de captiver avec ses courses intenses, o\u00f9 la strat\u00e9gie, la technique et le d\u00e9passement de soi jouent des r\u00f4les cl\u00e9s. Le triomphe de Gunsalus \u00e0 Fayetteville en est une belle d\u00e9monstration.<\/p>\n<p>\t\t\t<img data-recalc-dims=\"1\" decoding=\"async\" src=\"https:\/\/www.europesays.com\/fr\/wp-content\/uploads\/2025\/09\/gilles.jpg\" alt=\"Gilles\"\/><\/p>\n<p>Passionn\u00e9 de cyclisme et fervent d\u00e9fenseur de la s\u00e9curit\u00e9 \u00e0 v\u00e9lo, je mets mon exp\u00e9rience au service des cyclistes en partageant mes analyses, mes conseils pratiques et mes guides d\u2019achat. Mon objectif\u00a0? Aider chaque cycliste, du d\u00e9butant au confirm\u00e9, \u00e0 p\u00e9daler plus s\u00fbr et plus malin\u00a0! <br \/>\u2013 Gilles<\/p>\n<p class=\"entry-gnews\">\u00a0<a href=\"https:\/\/news.google.com\/publications\/CAAqJQgKIh9DQklTRVFnTWFnMEtDM05sWTNWMlpXeHZMbVp5S0FBUAE?ceid=FR:fr&amp;oc=3\" title=\"\" target=\"_blank\" rel=\"noopener\">Voir plus d&rsquo;actus SECUVELO en direct sur Gnews<\/a><\/p>\n<p style=\"margin-top:30px;font-size:0.75em;font-style:italic;line-height:1.2;color:#999;\">Ce contenu n&rsquo;a pas valeur de source officielle. Certaines informations peuvent \u00eatre inexactes ou sujettes \u00e0 interpr\u00e9tation. Il est recommand\u00e9 de les v\u00e9rifier aupr\u00e8s de sources reconnues.<\/p>\n","protected":false},"excerpt":{"rendered":"Une finale palpitante\u00a0: Lizzy Gunsalus triomphe aux USA Cycling Cyclocross Nationals La comp\u00e9tition cycliste a r\u00e9uni les meilleures&hellip;\n","protected":false},"author":2,"featured_media":600249,"comment_status":"","ping_status":"","sticky":false,"template":"","format":"standard","meta":{"footnotes":""},"categories":[1589],"tags":[11,73,1866,12,1864,1865,1863,308],"class_list":{"0":"post-600248","1":"post","2":"type-post","3":"status-publish","4":"format-standard","5":"has-post-thumbnail","7":"category-etats-unis","8":"tag-actualites","9":"tag-etats-unis","10":"tag-etats-unis-damerique","11":"tag-news","12":"tag-united-states","13":"tag-united-states-of-america","14":"tag-us","15":"tag-usa"},"share_on_mastodon":{"url":"https:\/\/pubeurope.com\/@fr\/115722262682066844","error":""},"_links":{"self":[{"href":"https:\/\/www.europesays.com\/fr\/wp-json\/wp\/v2\/posts\/600248","targetHints":{"allow":["GET"]}}],"collection":[{"href":"https:\/\/www.europesays.com\/fr\/wp-json\/wp\/v2\/posts"}],"about":[{"href":"https:\/\/www.europesays.com\/fr\/wp-json\/wp\/v2\/types\/post"}],"author":[{"embeddable":true,"href":"https:\/\/www.europesays.com\/fr\/wp-json\/wp\/v2\/users\/2"}],"replies":[{"embeddable":true,"href":"https:\/\/www.europesays.com\/fr\/wp-json\/wp\/v2\/comments?post=600248"}],"version-history":[{"count":0,"href":"https:\/\/www.europesays.com\/fr\/wp-json\/wp\/v2\/posts\/600248\/revisions"}],"wp:featuredmedia":[{"embeddable":true,"href":"https:\/\/www.europesays.com\/fr\/wp-json\/wp\/v2\/media\/600249"}],"wp:attachment":[{"href":"https:\/\/www.europesays.com\/fr\/wp-json\/wp\/v2\/media?parent=600248"}],"wp:term":[{"taxonomy":"category","embeddable":true,"href":"https:\/\/www.europesays.com\/fr\/wp-json\/wp\/v2\/categories?post=600248"},{"taxonomy":"post_tag","embeddable":true,"href":"https:\/\/www.europesays.com\/fr\/wp-json\/wp\/v2\/tags?post=600248"}],"curies":[{"name":"wp","href":"https:\/\/api.w.org\/{rel}","templated":true}]}}