{"id":600250,"date":"2025-12-15T06:52:16","date_gmt":"2025-12-15T06:52:16","guid":{"rendered":"https:\/\/www.europesays.com\/fr\/600250\/"},"modified":"2025-12-15T06:52:16","modified_gmt":"2025-12-15T06:52:16","slug":"guerre-en-ukraine-le-chef-des-armees-du-royaume-uni-met-en-garde-face-a-la-menace-russe-et-a-une-extension-du-conflit","status":"publish","type":"post","link":"https:\/\/www.europesays.com\/fr\/600250\/","title":{"rendered":"Guerre en Ukraine: le chef des arm\u00e9es du Royaume-Uni met en garde face \u00e0 la \u00ab\u00a0menace\u00a0\u00bb russe et \u00e0 une extension du conflit"},"content":{"rendered":"<p class=\"ap-StoryElement ap-StoryElement--mb ap-StoryText\">Richard Knighton, qui a succ\u00e9d\u00e9 en septembre \u00e0 Tony Radakin, s&rsquo;exprimera devant la Royal United Services Institute, prestigieux think tank sp\u00e9cialis\u00e9 dans les questions de d\u00e9fense.<\/p>\n<p class=\"ap-StoryElement ap-StoryElement--mb ap-StoryText\">\u00ab\u00a0La situation (actuelle, ndlr) est plus p\u00e9rilleuse que tout ce que j&rsquo;ai pu vivre au cours de ma carri\u00e8re, et y r\u00e9pondre n\u00e9cessite bien plus que de simplement renforcer nos forces arm\u00e9es\u00a0\u00bb, va d\u00e9clarer celui qui a \u00e9t\u00e9 \u00e0 la t\u00eate de la Royal Air Force, l&rsquo;arm\u00e9e de l&rsquo;air britannique.<\/p>\n<p><a href=\"https:\/\/www.lalibre.be\/international\/europe\/guerre-ukraine-russie\/2025\/12\/13\/lancien-commandant-de-larmee-americaine-en-europe-affirme-quun-plan-de-paix-favorable-a-la-russie-garantira-une-attaque-contre-lotan-QI4K66GTEVDJDPIGNZDYIGCOPQ\/\" target=\"_self\" class=\"ap-StoryInterstitialLink ap-StoryElement ap-StoryElement--mb\" rel=\"noopener\">Un plan de paix favorable \u00e0 la Russie \u00ab\u00a0garantira\u00a0\u00bb une attaque contre l&rsquo;OTAN, selon l&rsquo;ancien commandant de l&rsquo;arm\u00e9e am\u00e9ricaine en Europe<\/a><\/p>\n<p class=\"ap-StoryElement ap-StoryElement--mb ap-StoryText\">Selon lui, \u00ab\u00a0une nouvelle \u00e8re pour la d\u00e9fense ne signifie pas seulement que notre arm\u00e9e et notre gouvernement se mobilisent (&#8230;) mais que toute notre nation se mobilise\u00a0\u00bb.<\/p>\n<p class=\"ap-StoryElement ap-StoryElement--mb ap-StoryText\">Des universit\u00e9s aux services de sant\u00e9 publique (NHS) en passant par le r\u00e9seau ferroviaire national : chaque secteur de la vie britannique aura son r\u00f4le \u00e0 jouer, compte-t-il marteler, appelant \u00e0 \u00ab\u00a0construire une r\u00e9silience nationale\u00a0\u00bb.<\/p>\n<p><a href=\"https:\/\/www.lalibre.be\/international\/europe\/guerre-ukraine-russie\/2025\/12\/12\/les-russes-ne-vont-pas-declencher-une-guerre-nucleaire-ni-avancer-jusqua-la-meuse-mais-un-autre-scenario-cauchemardesque-est-envisageable-OUHMSBPF5NBHHIMBDLTVCFLQQQ\/\" target=\"_self\" class=\"ap-StoryInterstitialLink ap-StoryElement ap-StoryElement--mb\" rel=\"noopener\">\u00ab\u00a0Les Russes ne vont pas d\u00e9clencher une guerre nucl\u00e9aire ni avancer jusqu&rsquo;\u00e0 la Meuse, mais un autre sc\u00e9nario cauchemardesque est envisageable\u00a0\u00bb<\/a><\/p>\n<p class=\"ap-StoryElement ap-StoryElement--mb ap-StoryText\">Car, va-t-il assurer, la \u00ab\u00a0guerre en Ukraine montre la volont\u00e9 de Poutine de viser les \u00c9tats voisins, y compris leurs populations civiles (&#8230;) ce qui constitue une menace pour l&rsquo;ensemble de l&rsquo;Otan, y compris le Royaume-Uni\u00a0\u00bb.<\/p>\n<p class=\"ap-StoryElement ap-StoryElement--mb ap-StoryText\">Plus globalement, \u00ab\u00a0nous nous dirigeons vers l&rsquo;incertitude, et cette incertitude devient plus profonde, \u00e0 la fois parce que nos adversaires deviennent plus capables et impr\u00e9visibles, et parce que des changements technologiques sans pr\u00e9c\u00e9dent se manifestent\u00a0\u00bb, va-t-il d\u00e9clarer.<\/p>\n","protected":false},"excerpt":{"rendered":"Richard Knighton, qui a succ\u00e9d\u00e9 en septembre \u00e0 Tony Radakin, s&rsquo;exprimera devant la Royal United Services Institute, prestigieux&hellip;\n","protected":false},"author":2,"featured_media":600251,"comment_status":"","ping_status":"","sticky":false,"template":"","format":"standard","meta":{"footnotes":""},"categories":[1588],"tags":[11,1777,674,12,136,473,1853,132,1851,1850,1852],"class_list":{"0":"post-600250","1":"post","2":"type-post","3":"status-publish","4":"format-standard","5":"has-post-thumbnail","7":"category-royaume-uni","8":"tag-actualites","9":"tag-eu","10":"tag-europe","11":"tag-news","12":"tag-otan","13":"tag-royaume-uni","14":"tag-royaume-uni-de-grande-bretagne-et-dirlande-du-nord","15":"tag-russie","16":"tag-uk","17":"tag-united-kingdom","18":"tag-united-kingdom-of-great-britain-and-northern-ireland"},"share_on_mastodon":{"url":"https:\/\/pubeurope.com\/@fr\/115722265786228993","error":""},"_links":{"self":[{"href":"https:\/\/www.europesays.com\/fr\/wp-json\/wp\/v2\/posts\/600250","targetHints":{"allow":["GET"]}}],"collection":[{"href":"https:\/\/www.europesays.com\/fr\/wp-json\/wp\/v2\/posts"}],"about":[{"href":"https:\/\/www.europesays.com\/fr\/wp-json\/wp\/v2\/types\/post"}],"author":[{"embeddable":true,"href":"https:\/\/www.europesays.com\/fr\/wp-json\/wp\/v2\/users\/2"}],"replies":[{"embeddable":true,"href":"https:\/\/www.europesays.com\/fr\/wp-json\/wp\/v2\/comments?post=600250"}],"version-history":[{"count":0,"href":"https:\/\/www.europesays.com\/fr\/wp-json\/wp\/v2\/posts\/600250\/revisions"}],"wp:featuredmedia":[{"embeddable":true,"href":"https:\/\/www.europesays.com\/fr\/wp-json\/wp\/v2\/media\/600251"}],"wp:attachment":[{"href":"https:\/\/www.europesays.com\/fr\/wp-json\/wp\/v2\/media?parent=600250"}],"wp:term":[{"taxonomy":"category","embeddable":true,"href":"https:\/\/www.europesays.com\/fr\/wp-json\/wp\/v2\/categories?post=600250"},{"taxonomy":"post_tag","embeddable":true,"href":"https:\/\/www.europesays.com\/fr\/wp-json\/wp\/v2\/tags?post=600250"}],"curies":[{"name":"wp","href":"https:\/\/api.w.org\/{rel}","templated":true}]}}