{"id":600254,"date":"2025-12-15T06:54:21","date_gmt":"2025-12-15T06:54:21","guid":{"rendered":"https:\/\/www.europesays.com\/fr\/600254\/"},"modified":"2025-12-15T06:54:21","modified_gmt":"2025-12-15T06:54:21","slug":"en-france-et-en-europe-des-decharges-abandonnees-menacent-leau-du-robinet","status":"publish","type":"post","link":"https:\/\/www.europesays.com\/fr\/600254\/","title":{"rendered":"En France et en Europe, des d\u00e9charges abandonn\u00e9es menacent l&rsquo;eau du robinet"},"content":{"rendered":"<p>Pr\u00e8s d&rsquo;un tiers : c&rsquo;est la proportion de <a href=\"https:\/\/www.geo.fr\/environnement\/eau-potable-des-decharges-anciennes-pourraient-liberer-des-toxines-dans-les-ecosystemes-229800\" target=\"_blank\" rel=\"noopener\">d\u00e9charges <\/a>europ\u00e9ennes dites \u00ab\u00a0oubli\u00e9es\u00a0\u00bb situ\u00e9es en zone inondable. En Indre-et-Loire, celle de la Basselerie a \u00e9t\u00e9 identifi\u00e9e gr\u00e2ce aux archives municipales par un militant, Hugo Meslard-Hayot, qui les recense sur son site internet <a href=\"https:\/\/lesdecheticiens.fr\/\" target=\"_blank\" rel=\"noopener\">Les D\u00e9ch\u00e9ticiens<\/a>. Frigidaires, voitures, barils, d\u00e9chets m\u00e9nagers&#8230; Depuis la fermeture de la d\u00e9charge dans les ann\u00e9es 1990, tous ces d\u00e9chets refont surface et menacent de contaminer la Loire voisine, d\u00e9voile <a href=\"https:\/\/reporterre.net\/Decharges-oubliees-des-milliers-de-bombes-toxiques-sur-tout-le-territoire\" target=\"_blank\" rel=\"noopener\">Reporterre<\/a>.<\/p>\n<p>Jusqu&rsquo;\u00e0 105 000 d\u00e9charges abandonn\u00e9es en France<\/p>\n<p>\u00ab\u00a0Des d\u00e9charges oubli\u00e9es, il y en a dans toute l\u2019Europe. Jusqu\u2019\u00e0 500\u00a0000 d\u2019apr\u00e8s une \u00e9tude de 2021. En d\u00e9pit du risque <a href=\"https:\/\/www.geo.fr\/environnement\/la-plus-haute-distinction-environnementale-des-nations-unies-a-ete-attribuee-qui-sont-les-laureats-229971\" target=\"_blank\" rel=\"noopener\">environnemental <\/a>et <a href=\"https:\/\/www.geo.fr\/environnement\/les-consequences-sanitaires-indirectes-des-cyclones-tropicaux-empirent-et-les-pays-les-plus-pauvres-sont-les-plus-touches-229359\" target=\"_blank\" rel=\"noopener\">sanitaire <\/a>qu\u2019elles repr\u00e9sentent, aucune cartographie fiable n\u2019existe, indique le m\u00e9dia. Alors, pendant plusieurs mois, les consortiums d\u2019investigation Investigate Europe et Watershed Investigations ont travaill\u00e9 \u00e0 \u00e9tablir la premi\u00e8re carte paneurop\u00e9enne sur le sujet en agr\u00e9geant plusieurs bases de donn\u00e9es, en se rendant sur place, en effectuant des pr\u00e9l\u00e8vements.\u00a0\u00bb<\/p>\n<p>\u00c0 l&rsquo;\u00e9chelle du continent europ\u00e9en, les journalistes ont identifi\u00e9 61 000 d\u00e9charges oubli\u00e9es, dont 28 % se trouvent en zone <a href=\"https:\/\/www.geo.fr\/environnement\/canicules-et-inondations-mortelles-le-monde-arabe-frappe-de-plein-fouet-par-le-dereglement-climatique-229866\" target=\"_blank\" rel=\"noopener\">inondable <\/a>et menacent donc de contaminer les <a href=\"https:\/\/www.geo.fr\/environnement\/accord-europeen-pour-ajouter-25-pfas-a-la-liste-des-polluants-a-controler-en-priorite-dans-les-cours-d-eau-228732\" target=\"_blank\" rel=\"noopener\">cours d&rsquo;eau<\/a>. En France, ils en ont r\u00e9pertori\u00e9 23\u00a0400, auxquelles s&rsquo;en ajoutent 8\u00a0000 qui n&rsquo;ont pu \u00eatre localis\u00e9es pr\u00e9cis\u00e9ment. Mais en r\u00e9alit\u00e9, le pays compterait entre 35\u00a0000 et 105\u00a0000 d\u00e9charges communales ferm\u00e9es entre 1994 et 2005, soit 1\u00a0\u00e0\u00a03 par commune. D\u00e8s 1979, une note confidentielle r\u00e9pertoriait 40 000 d\u00e9charges.<\/p>\n<p>\u00ab\u00a0Jusqu\u2019en 2005, nous avons cach\u00e9 nos d\u00e9charges communales, on les a &lsquo;r\u00e9habilit\u00e9es&rsquo; derri\u00e8re une  couverture plus ou moins \u00e9tanche, et encore si les maires \u00e9taient volontaires, explique H\u00e9l\u00e8ne Roussel, cheffe de projet \u00e0 l\u2019Agence de la transition \u00e9cologique (<a href=\"https:\/\/www.geo.fr\/environnement\/climat-une-transition-retardee-aurait-cout-considerable-economie-francaise-avertit-ademe-1100-milliards-dollars-217836\" target=\"_blank\" rel=\"noopener\">Ademe<\/a>). Aujourd\u2019hui, l\u2019eau monte avec le changement climatique et vient chercher les d\u00e9chets, il faudrait d\u00e9polluer et vite\u2026 Mais en dehors du programme sur les d\u00e9charges littorales, il n\u2019y a rien de pr\u00e9vu.\u00a0\u00bb<\/p>\n<p>Jus de poubelles dans nos carafes<\/p>\n<p>L&rsquo;un des dangers les plus imm\u00e9diats est r\u00e9side dans le lixiviat, l&rsquo;horrible \u00ab\u00a0jus\u00a0\u00bb issu de la d\u00e9gradation des d\u00e9chets. Celui-ci peut contenir toutes sortes d&rsquo;ingr\u00e9dients r\u00e9pugnants : m\u00e9taux lourds, bact\u00e9ries, amiantes, \u00ab\u00a0polluants \u00e9ternels\u00a0\u00bb (<a href=\"https:\/\/www.geo.fr\/environnement\/pfas-le-tfa-un-polluant-eternel-retrouve-dans-92-des-echantillons-analyses-par-lanses-229829\" target=\"_blank\" rel=\"noopener\">PFAS<\/a>), composants de <a href=\"https:\/\/www.geo.fr\/environnement\/ces-geants-des-pesticides-et-de-l-agribusiness-qui-sponsorisent-la-cop30-au-bresil-229476\" target=\"_blank\" rel=\"noopener\">pesticides <\/a>et de produits pharmaceutiques. En cas de crue, ou m\u00eame \u00e0 cause d&rsquo;une simple pluie, ils peuvent s&rsquo;infiltrer dans les sols et dans l&rsquo;eau, finissant leur course dans nos robinets.<\/p>\n<p>\u00ab\u00a0En Europe, les consortiums d\u2019investigation Investigate Europe et Watershed Investigations ont pu identifier au moins 9\u00a0400 d\u00e9charges situ\u00e9es dans des zones de captation d\u2019eau potable, poursuit Reporterre. En France, 2\u00a0300 se  trouvent sur des aires d\u2019alimentation de captages. Interrog\u00e9 \u00e0 plusieurs reprises sur ce point, le minist\u00e8re de la Transition \u00e9cologique n\u2019a pas donn\u00e9 suite.\u00a0\u00bb<\/p>\n<p>Pr\u00e8s de Nantes, dans la d\u00e9charge abandonn\u00e9e de La Prairie de Mauves, des r\u00e9sidus de m\u00e9dicaments, du <a href=\"https:\/\/www.geo.fr\/environnement\/bisphenols-phtalates-parabenes-six-polluants-presents-dans-lorganisme-de-tous-les-francais-197345\" target=\"_blank\" rel=\"noopener\">bisph\u00e9nol A<\/a> et m\u00eame des bact\u00e9ries r\u00e9sistantes aux antibiotiques ont \u00e9t\u00e9 retrouv\u00e9es. Pos\u00e9es \u00e0 m\u00eame le sol sablonneux, elles ont contamin\u00e9 la Loire.<\/p>\n","protected":false},"excerpt":{"rendered":"Pr\u00e8s d&rsquo;un tiers : c&rsquo;est la proportion de d\u00e9charges europ\u00e9ennes dites \u00ab\u00a0oubli\u00e9es\u00a0\u00bb situ\u00e9es en zone inondable. En Indre-et-Loire,&hellip;\n","protected":false},"author":2,"featured_media":600255,"comment_status":"","ping_status":"","sticky":false,"template":"","format":"standard","meta":{"footnotes":""},"categories":[1586],"tags":[11,1129,9891,4858,1777,674,1011,27,12,1800,25,71292],"class_list":{"0":"post-600254","1":"post","2":"type-post","3":"status-publish","4":"format-standard","5":"has-post-thumbnail","7":"category-europe","8":"tag-actualites","9":"tag-climat","10":"tag-du00e9chets","11":"tag-eau","12":"tag-eu","13":"tag-europe","14":"tag-fr","15":"tag-france","16":"tag-news","17":"tag-pollution","18":"tag-republique-francaise","19":"tag-riviu00e8res"},"share_on_mastodon":{"url":"https:\/\/pubeurope.com\/@fr\/115722273832303100","error":""},"_links":{"self":[{"href":"https:\/\/www.europesays.com\/fr\/wp-json\/wp\/v2\/posts\/600254","targetHints":{"allow":["GET"]}}],"collection":[{"href":"https:\/\/www.europesays.com\/fr\/wp-json\/wp\/v2\/posts"}],"about":[{"href":"https:\/\/www.europesays.com\/fr\/wp-json\/wp\/v2\/types\/post"}],"author":[{"embeddable":true,"href":"https:\/\/www.europesays.com\/fr\/wp-json\/wp\/v2\/users\/2"}],"replies":[{"embeddable":true,"href":"https:\/\/www.europesays.com\/fr\/wp-json\/wp\/v2\/comments?post=600254"}],"version-history":[{"count":0,"href":"https:\/\/www.europesays.com\/fr\/wp-json\/wp\/v2\/posts\/600254\/revisions"}],"wp:featuredmedia":[{"embeddable":true,"href":"https:\/\/www.europesays.com\/fr\/wp-json\/wp\/v2\/media\/600255"}],"wp:attachment":[{"href":"https:\/\/www.europesays.com\/fr\/wp-json\/wp\/v2\/media?parent=600254"}],"wp:term":[{"taxonomy":"category","embeddable":true,"href":"https:\/\/www.europesays.com\/fr\/wp-json\/wp\/v2\/categories?post=600254"},{"taxonomy":"post_tag","embeddable":true,"href":"https:\/\/www.europesays.com\/fr\/wp-json\/wp\/v2\/tags?post=600254"}],"curies":[{"name":"wp","href":"https:\/\/api.w.org\/{rel}","templated":true}]}}