{"id":600267,"date":"2025-12-15T07:07:13","date_gmt":"2025-12-15T07:07:13","guid":{"rendered":"https:\/\/www.europesays.com\/fr\/600267\/"},"modified":"2025-12-15T07:07:13","modified_gmt":"2025-12-15T07:07:13","slug":"upamecano-evoque-la-possibilite-de-jouer-avec-dembele","status":"publish","type":"post","link":"https:\/\/www.europesays.com\/fr\/600267\/","title":{"rendered":"Upamecano \u00e9voque la possibilit\u00e9 de jouer avec Demb\u00e9l\u00e9"},"content":{"rendered":"<p><img width=\"780\" height=\"470\" src=\"https:\/\/www.europesays.com\/fr\/wp-content\/uploads\/2025\/12\/G6OL6CGITREEBG4Z7FGWDT7ANE-780x470.jpg\" class=\"attachment-jannah-image-post size-jannah-image-post wp-post-image\" alt=\"Dayot Upamecano\" is_main_img=\"1\" decoding=\"async\" fetchpriority=\"high\"\/><\/p>\n<p>En fin de contrat le 30 juin avec le Bayern Munich, Dayot<br \/>\nUpamecano est annonc\u00e9 dans le viseur du PSG. Le d\u00e9fenseur a \u00e9voqu\u00e9<br \/>\nla possibilit\u00e9 d\u2019\u00e9voluer avec Ousmane Demb\u00e9l\u00e9 en club.<\/p>\n<p>Le <strong>PSG<\/strong> veut toujours se renforcer durant les<br \/>\nmercato et cherche les meilleures opportunit\u00e9s pour cela. Ces<br \/>\nderniers jours, le nom de <strong>Dayot Upamecano<\/strong> a \u00e9t\u00e9<br \/>\nassoci\u00e9 au <strong>PSG<\/strong>. Pour renforcer sa d\u00e9fense, le club<br \/>\nde la capitale penserait \u00e0 l\u2019international fran\u00e7ais, qui arrive en<br \/>\nfin de contrat le 30 juin avec le <strong>Bayern Munich<\/strong>.<br \/>\nSelon les derni\u00e8res rumeurs, les champions<br \/>\nd\u2019<strong>Europe<\/strong> ne bougeraient dans ce dossier uniquement<br \/>\nsi le d\u00e9fenseur central ne <a href=\"https:\/\/canal-supporters.com\/le-psg-fera-une-offre-a-dayot-upamecano-a-une-seule-condition\/\" title=\"\" target=\"_blank\" rel=\"noopener\">prolonge pas<\/a> son contrat, lui qui est \u00e9galement dans<br \/>\nle viseur du <strong>Real Madrid<\/strong>.\u00a0<\/p>\n<p>A lire aussi : <a href=\"https:\/\/canal-supporters.com\/negociations-avancees-entre-upamecano-et-le-bayern-pour-une-prolongation\/\" title=\"\" target=\"_blank\" rel=\"noopener\">N\u00e9gociations avanc\u00e9es entre Upamecano et le Bayern pour<br \/>\nune prolongation ?<\/a><\/p>\n<p><a href=\"https:\/\/x.com\/CanalSupporters\" target=\"_blank\" rel=\"noopener\" title=\"\">canalsupporters.com<\/a><\/p>\n<p>\u00ab\u00a0Un r\u00eave<br \/>\nde jouer avec Demb\u00e9l\u00e9 en club un jour ? (Rire!) Pourquoi<br \/>\npas\u00a0\u00bb<\/p>\n<p>Dans une interview accord\u00e9e \u00e0 <a href=\"https:\/\/www.tf1.fr\/tf1\/telefoot\/videos\/les-bleus-upamecano-44879010.html\" target=\"_blank\" rel=\"noopener\" title=\"\">T\u00e9l\u00e9foot<\/a>,<br \/>\nl\u2019international fran\u00e7ais a \u00e9t\u00e9 interrog\u00e9 sur la possibilit\u00e9 dans le<br \/>\nfutur de jouer en club avec <strong>Ousmane Demb\u00e9l\u00e9<\/strong>, eux<br \/>\nqui se connaissent depuis l\u2019enfance. \u00ab\u00a0Un r\u00eave de jouer avec<br \/>\n<strong>Demb\u00e9l\u00e9<\/strong> en club un jour ? (Rire!) Pourquoi<br \/>\npas. Apr\u00e8s, on va dire que l\u2019on n\u2019est pas press\u00e9. \u00c7a veut dire<br \/>\nque je peux aussi rester au <strong>Bayern Munich<\/strong> et<br \/>\nprolonger ? Bien s\u00fbr.\u00a0\u00bb Selon Foot Mercato,<br \/>\nle <strong>PSG<\/strong> a bien fait de <strong>Dayot<br \/>\nUpamecano<\/strong> une cible, tout comme le <strong>Real<br \/>\nMadrid<\/strong>, alors que le <strong>Bayern Munich<\/strong> tient<br \/>\n\u00e0 le <a href=\"https:\/\/canal-supporters.com\/le-president-du-bayern-confiant-sur-une-prolongation-dupamecano\/\" title=\"\" target=\"_blank\" rel=\"noopener\">prolonger<\/a>.\u00a0<\/p><\/p>\n","protected":false},"excerpt":{"rendered":"En fin de contrat le 30 juin avec le Bayern Munich, Dayot Upamecano est annonc\u00e9 dans le viseur&hellip;\n","protected":false},"author":2,"featured_media":600268,"comment_status":"","ping_status":"","sticky":false,"template":"","format":"standard","meta":{"footnotes":""},"categories":[1410],"tags":[13254,4782,81,787,4784,12732,63,1011,27,1434,1435,2782,626,91,92,93,38951,4790,60,96,14395],"class_list":{"0":"post-600267","1":"post","2":"type-post","3":"status-publish","4":"format-standard","5":"has-post-thumbnail","7":"category-football","8":"tag-bayern","9":"tag-bayern-munich","10":"tag-canal-supporters","11":"tag-cs","12":"tag-dayot-upamecano","13":"tag-dembele","14":"tag-football","15":"tag-fr","16":"tag-france","17":"tag-mercato","18":"tag-mercato-psg","19":"tag-ousmane-dembele","20":"tag-paris","21":"tag-paris-saint-germain","22":"tag-paris-sg","23":"tag-psg","24":"tag-real","25":"tag-real-madrid","26":"tag-sports","27":"tag-une","28":"tag-upamecano"},"share_on_mastodon":{"url":"https:\/\/pubeurope.com\/@fr\/115722325626155659","error":""},"_links":{"self":[{"href":"https:\/\/www.europesays.com\/fr\/wp-json\/wp\/v2\/posts\/600267","targetHints":{"allow":["GET"]}}],"collection":[{"href":"https:\/\/www.europesays.com\/fr\/wp-json\/wp\/v2\/posts"}],"about":[{"href":"https:\/\/www.europesays.com\/fr\/wp-json\/wp\/v2\/types\/post"}],"author":[{"embeddable":true,"href":"https:\/\/www.europesays.com\/fr\/wp-json\/wp\/v2\/users\/2"}],"replies":[{"embeddable":true,"href":"https:\/\/www.europesays.com\/fr\/wp-json\/wp\/v2\/comments?post=600267"}],"version-history":[{"count":0,"href":"https:\/\/www.europesays.com\/fr\/wp-json\/wp\/v2\/posts\/600267\/revisions"}],"wp:featuredmedia":[{"embeddable":true,"href":"https:\/\/www.europesays.com\/fr\/wp-json\/wp\/v2\/media\/600268"}],"wp:attachment":[{"href":"https:\/\/www.europesays.com\/fr\/wp-json\/wp\/v2\/media?parent=600267"}],"wp:term":[{"taxonomy":"category","embeddable":true,"href":"https:\/\/www.europesays.com\/fr\/wp-json\/wp\/v2\/categories?post=600267"},{"taxonomy":"post_tag","embeddable":true,"href":"https:\/\/www.europesays.com\/fr\/wp-json\/wp\/v2\/tags?post=600267"}],"curies":[{"name":"wp","href":"https:\/\/api.w.org\/{rel}","templated":true}]}}