{"id":600269,"date":"2025-12-15T07:08:12","date_gmt":"2025-12-15T07:08:12","guid":{"rendered":"https:\/\/www.europesays.com\/fr\/600269\/"},"modified":"2025-12-15T07:08:12","modified_gmt":"2025-12-15T07:08:12","slug":"qui-est-magui-corceiro-la-compagne-de-lando-norris-qui-agace-les-autres-pilotes","status":"publish","type":"post","link":"https:\/\/www.europesays.com\/fr\/600269\/","title":{"rendered":"Qui est Magui Corceiro, la compagne de Lando Norris qui agace les autres pilotes ?"},"content":{"rendered":"<p>\n    Couronn\u00e9 champion du monde, le 7 d\u00e9cembre, \u00e0 Abu Dhabi, Lando Norris a c\u00e9l\u00e9br\u00e9 son sacre dans les bras de Magui Corceiro. Portrait d\u2019une jeune femme \u00e0 la pr\u00e9sence lumineuse (et parfois d\u00e9rangeante) qui partage la vie du pilote depuis 2023.<\/p>\n<p class=\"fig-paragraph\">Quand le premier baiser d\u2019un champion \u00e9clipse presque son troph\u00e9e. Alors que Lando Norris savourait son tout premier titre mondial de Formule 1 sous les projecteurs d\u2019Abu Dhabi, le 7 d\u00e9cembre, une silhouette blonde est apparue dans l\u2019embrasure des stands, captant les regards et les objectifs. Sourire radieux, gestes tendres, l\u2019\u00e9motion \u00e9tait l\u00e0. \u00abTrop l\u00e0\u00bb, diront certains. Car depuis ce moment, Margarida <strong>\u00ab<\/strong>Magui\u00bb Corceiro, 23 ans, fait autant couler d\u2019encre que le sacre historique de son compagnon. Son omnipr\u00e9sence intrigue, agace et divise. Sur les images retransmises dans le monde entier, la jeune Portugaise s\u2019est retrouv\u00e9e partout\u00a0: dans les tribunes, dans le paddock, au c\u0153ur de l\u2019all\u00e9gresse McLaren. Et cette surexposition, combin\u00e9e \u00e0 la popularit\u00e9 d\u00e9j\u00e0 solide de la jeune femme, a fini par susciter quelques crispations chez les rivaux du champion.<\/p>\n<p>                                                                Magui Corceiro, star portugaise en ascension<\/p>\n<p class=\"fig-paragraph\">Si Magui Corceiro semble si \u00e0 l\u2019aise sous les cam\u00e9ras, c\u2019est que ce n\u2019est pas une nouveaut\u00e9 pour elle. N\u00e9e au\u00a0<a href=\"https:\/\/madame.lefigaro.fr\/tag\/portugal\" target=\"_blank\" data-fig-type=\"Keyword\" rel=\"sponsored noopener\" data-gtm-custom-categorie=\"navigation\" data-gtm-custom-action=\"crossclick\" data-gtm-custom-label=\"Contextuel\" data-gtm-event=\"customEventSPE\" data-fig-domain=\"MADAME\">Portugal<\/a>, cette mannequin, influenceuse et actrice s\u2019est fait conna\u00eetre gr\u00e2ce \u00e0 la s\u00e9rie Prisioneira, v\u00e9ritable succ\u00e8s du petit \u00e9cran dans son pays d\u2019origine, avant d\u2019encha\u00eener campagnes de mode et collaborations tr\u00e8s suivies sur les r\u00e9seaux sociaux. 2,4 millions d\u2019abonn\u00e9s la suivent aujourd\u2019hui sur\u00a0<a href=\"https:\/\/www.instagram.com\/magui_corceiro\/\" target=\"_blank\" rel=\"sponsored noopener\" data-gtm-custom-categorie=\"navigation\" data-gtm-custom-action=\"crossclick\" data-gtm-custom-label=\"Contextuel\" data-gtm-event=\"customEventSPE\">Instagram<\/a>, captiv\u00e9s par son rythme de vie effr\u00e9n\u00e9, entre shootings, voyages et tournages.<\/p>\n<p>                                                                <a class=\"fig-a11y-skip\" href=\"#fig-a11y-skip-main-inarticle\" data-module=\"a11y-skip\" data-context=\"was @visible\"><br \/>\n    Passer la publicit\u00e9<br \/>\n<\/a>            <\/p>\n<p class=\"fig-paragraph\">Avant Lando Norris, Magui a fr\u00e9quent\u00e9 le footballeur Jo\u00e3o F\u00e9lix, relation tr\u00e8s m\u00e9diatis\u00e9e au Portugal, et entour\u00e9e de rumeurs de tromperie qu\u2019elle n\u2019a jamais comment\u00e9es. C\u2019est en 2023 que son chemin croise r\u00e9ellement celui du pilote britannique\u00a0: un d\u00e9but d\u2019histoire discret, une rupture rapide &#8211; le temps pour Norris de se recentrer sur sa carri\u00e8re &#8211; puis des retrouvailles ces derniers mois. Le pilote lui-m\u00eame s\u2019est confi\u00e9 \u00e0\u00a0<a href=\"https:\/\/www.vogue.co.uk\/article\/lando-norris-interview?utm_source=chatgpt.com\" target=\"_blank\" rel=\"sponsored noopener\" data-gtm-custom-categorie=\"navigation\" data-gtm-custom-action=\"crossclick\" data-gtm-custom-label=\"Contextuel\" data-gtm-event=\"customEventSPE\">British Vogue<\/a> \u00a0en septembre dernier, \u00e9voquant une relation \u00absimple\u00bb, comme un refuge dans le tourbillon de sa vie. \u00abElle est quelqu\u2019un avec qui je peux \u00eatre moi-m\u00eame en toute libert\u00e9\u00bb, a-t-il d\u00e9clar\u00e9. \u00abElle m\u00e8ne une vie assez folle, mais nous savons nous retrouver, louer un bateau pour la journ\u00e9e ou simplement rentrer nous d\u00e9tendre.\u00bb<\/p>\n<p>                                                                Une pr\u00e9sence qui d\u00e9range<\/p>\n<p class=\"fig-paragraph\">Reste que sa nouvelle visibilit\u00e9 au bord des circuits ne pla\u00eet pas \u00e0 tout le monde. Certaines r\u00e9actions jug\u00e9es excessives &#8211; larmes face cam\u00e9ra, gestes tr\u00e8s d\u00e9monstratifs &#8211; lui ont valu des critiques sur les r\u00e9seaux sociaux, o\u00f9 chaque expression est scrut\u00e9e. Et une petite phrase lanc\u00e9e au sujet de\u00a0<a href=\"http:\/\/madame.lefigaro.fr\/celebrites\/actu-people\/la-famille-royale-des-pays-bas-au-grand-complet-pour-encourager-max-verstappen-au-grand-prix-de-formule-1-20250901\" data-fig-type=\"Article\" data-gtm-custom-categorie=\"navigation\" data-gtm-custom-action=\"crossclick\" data-gtm-custom-label=\"Contextuel\" data-gtm-event=\"customEventSPE\" data-fig-domain=\"MADAME\" target=\"_blank\" rel=\"noopener\">Max Verstappen<\/a>, affirmant qu\u2019il \u00abne gagne que par chance\u00bb, a \u00e9videmment enflamm\u00e9 le paddock.<\/p>\n<p class=\"fig-paragraph\">Sur son compte Instagram, les r\u00e9actions vont du simple \u00e9tonnement \u00e0 la critique virulente. Certains internautes s\u2019interrogent, sous la photo que la jeune femme a post\u00e9e avec son compagnon, la premi\u00e8re sur son compte\u00a0: \u00abQuel autre sport visera-t-elle la prochaine fois\u00a0?\u00bb. Ou soulignent\u00a0: \u00abWow, il est maintenant assez bon pour \u00eatre post\u00e9.\u00bb D\u2019autres rappellent avec ironie\u00a0: \u00abJuste une question de temps avant la rupture\u00bb ou encore \u00abBien s\u00fbr, il fallait poster \u00e7a maintenant apr\u00e8s qu\u2019il a gagn\u00e9 le championnat, et pas quand vous vous \u00eates embrass\u00e9s pour la premi\u00e8re fois publiquement dans le paddock.\u00bb Certains commentaires sont plus directs et critiques\u00a0: \u00abOn dirait que tu t\u2019accroches \u00e0 tout homme qui r\u00e9ussit pour booster ta propre carri\u00e8re, c\u2019est de l\u2019or \u00e0 l\u2019\u00e9tat pur. F\u00e9licitations.\u00bb<\/p>\n<p class=\"fig-paragraph\">S\u2019ajoute \u00e0 cela une tendance lourde\u00a0: les retransmissions filment de plus en plus les compagnes des pilotes, devenues malgr\u00e9 elles des personnages secondaires du spectacle. Carlos Sainz, d\u00e9sormais chez Williams, n\u2019a pas h\u00e9sit\u00e9 \u00e0 qualifier ce choix de \u00abmanque de respect\u00bb envers les pilotes, pointant notamment les images r\u00e9currentes de Magui Corceiro. La principale concern\u00e9e, elle, a calmement r\u00e9pondu que les angles de cam\u00e9ra ne d\u00e9pendaient pas d\u2019elle et qu\u2019elle ne faisait que vivre sa vie aux c\u00f4t\u00e9s de l\u2019homme qu\u2019elle aime. Une mise au point insuffisante pour \u00e9teindre la pol\u00e9mique\u00a0: l\u2019ascension fulgurante de Magui dans l\u2019univers tr\u00e8s cod\u00e9 de la F1 interroge, fascine ou d\u00e9range\u2026 parfois tout \u00e0 la fois.<\/p>\n<p>                                        <script async src=\"\/\/www.instagram.com\/embed.js\"><\/script><\/p>\n","protected":false},"excerpt":{"rendered":"Couronn\u00e9 champion du monde, le 7 d\u00e9cembre, \u00e0 Abu Dhabi, Lando Norris a c\u00e9l\u00e9br\u00e9 son sacre dans les&hellip;\n","protected":false},"author":2,"featured_media":600270,"comment_status":"","ping_status":"","sticky":false,"template":"","format":"standard","meta":{"footnotes":""},"categories":[1359],"tags":[1000,58,59,4651,1011,27,973,9026],"class_list":{"0":"post-600269","1":"post","2":"type-post","3":"status-publish","4":"format-standard","5":"has-post-thumbnail","7":"category-people","8":"tag-celebrites","9":"tag-divertissement","10":"tag-entertainment","11":"tag-femmes","12":"tag-fr","13":"tag-france","14":"tag-people","15":"tag-portrait"},"share_on_mastodon":{"url":"https:\/\/pubeurope.com\/@fr\/115722328836762384","error":""},"_links":{"self":[{"href":"https:\/\/www.europesays.com\/fr\/wp-json\/wp\/v2\/posts\/600269","targetHints":{"allow":["GET"]}}],"collection":[{"href":"https:\/\/www.europesays.com\/fr\/wp-json\/wp\/v2\/posts"}],"about":[{"href":"https:\/\/www.europesays.com\/fr\/wp-json\/wp\/v2\/types\/post"}],"author":[{"embeddable":true,"href":"https:\/\/www.europesays.com\/fr\/wp-json\/wp\/v2\/users\/2"}],"replies":[{"embeddable":true,"href":"https:\/\/www.europesays.com\/fr\/wp-json\/wp\/v2\/comments?post=600269"}],"version-history":[{"count":0,"href":"https:\/\/www.europesays.com\/fr\/wp-json\/wp\/v2\/posts\/600269\/revisions"}],"wp:featuredmedia":[{"embeddable":true,"href":"https:\/\/www.europesays.com\/fr\/wp-json\/wp\/v2\/media\/600270"}],"wp:attachment":[{"href":"https:\/\/www.europesays.com\/fr\/wp-json\/wp\/v2\/media?parent=600269"}],"wp:term":[{"taxonomy":"category","embeddable":true,"href":"https:\/\/www.europesays.com\/fr\/wp-json\/wp\/v2\/categories?post=600269"},{"taxonomy":"post_tag","embeddable":true,"href":"https:\/\/www.europesays.com\/fr\/wp-json\/wp\/v2\/tags?post=600269"}],"curies":[{"name":"wp","href":"https:\/\/api.w.org\/{rel}","templated":true}]}}