{"id":600273,"date":"2025-12-15T07:11:13","date_gmt":"2025-12-15T07:11:13","guid":{"rendered":"https:\/\/www.europesays.com\/fr\/600273\/"},"modified":"2025-12-15T07:11:13","modified_gmt":"2025-12-15T07:11:13","slug":"je-vous-trouve-bien-inelegante-roselyne-bachelot-se-moque-de-jordan-bardella-le-leader-rn-contre-attaque","status":"publish","type":"post","link":"https:\/\/www.europesays.com\/fr\/600273\/","title":{"rendered":"\u00ab\u00a0Je vous trouve bien in\u00e9l\u00e9gante\u00a0\u00bb : Roselyne Bachelot se moque de Jordan Bardella, le leader RN contre-attaque"},"content":{"rendered":"<p data-start=\"0\" data-end=\"516\">Invit\u00e9 de Quelle \u00c9poque ! sur France 2, <strong>Jordan<br \/>\nBardella<\/strong> a v\u00e9cu une s\u00e9quence tendue face \u00e0 L\u00e9a Salam\u00e9 et<br \/>\nRoselyne Bachelot. Le pr\u00e9sident du Rassemblement national s\u2019est<br \/>\nretrouv\u00e9 au c\u0153ur d\u2019\u00e9changes ironiques qui ont rapidement tourn\u00e9 \u00e0<br \/>\nla moquerie. Lors du jeu du \u00ab\u00a0grand photocall\u00a0\u00bb, L\u00e9a Salam\u00e9 invite<br \/>\nson invit\u00e9 \u00e0 improviser des questions face \u00e0 des personnalit\u00e9s<br \/>\npolitiques. \u00c0 la vue de <a href=\"https:\/\/www.closermag.fr\/politique\/nicolas-sarkozy-en-prison-des-temoignages-qui-mont-beaucoup-touche-ses-remerciements-a-pascal-praud-et-laurence-ferrari-3604671\" target=\"_blank\" rel=\"noopener\"><br \/>\nNicolas Sarkozy<\/a>, Jordan Bardella r\u00e9pond : \u00ab\u00a0O\u00f9 est-ce qu&rsquo;il<br \/>\ntrouve toute cette \u00e9nergie ? Qui est, objectivement,<br \/>\nincrevable.\u00a0\u00bb<\/p>\n<p data-start=\"518\" data-end=\"823\">Une question qu&rsquo;il a \u00e9galement<br \/>\npos\u00e9e \u00e0 Donald Trump. \u00ab\u00a0O\u00f9 est-ce qu&rsquo;il trouve toute cette<br \/>\n\u00e9nergie aussi ?\u00a0\u00bb, se r\u00e9p\u00e8te-t-il, ce qui n&rsquo;a pas manqu\u00e9 de<br \/>\nprovoquer quelques ricanements autour de lui. \u00ab\u00a0Vous vous<br \/>\nr\u00e9p\u00e9tez l\u00e0, hein\u00a0\u00bb, glisse la pr\u00e9sentatrice avant de souligner<br \/>\n\u00ab\u00a0un petit manque d&rsquo;imagination\u00a0\u00bb.<\/p>\n<p>Jordan Bardella ridiculis\u00e9 par<br \/>\nRoselyne Bachelot<\/p>\n<p data-start=\"879\" data-end=\"1150\">Au m\u00eame moment, Roselyne<br \/>\nBachelot murmure un petit \u00ab\u00a0Aux secours, le cirage des pompes\u2026\u00a0\u00bb.<br \/>\n\u00ab\u00a0Il cire les pompes \u00e0 Donald Trump ?\u00a0\u00bb demande L\u00e9a Salam\u00e9.<br \/>\nL\u2019ancienne ministre enfonce le clou : \u00ab\u00a0Bah oui, \u00e9videmment<br \/>\n!\u00a0\u00bb. Une remarque qui a imm\u00e9diatement piqu\u00e9 Jordan<br \/>\nBardella.<\/p>\n<p data-start=\"1152\" data-end=\"1479\">\u00ab\u00a0Je vous trouve<br \/>\n<strong>bien in\u00e9l\u00e9gante<\/strong>, madame Bachelot\u00a0\u00bb, s&rsquo;est-il<br \/>\nd\u00e9fendu s\u00e8chement. La s\u00e9quence se poursuit avec une nouvelle photo,<br \/>\ncelle de Vladimir Poutine. Un chroniqueur r\u00e9p\u00e8te alors \u00ab\u00a0O\u00f9<br \/>\ntrouve-t-il toute cette \u00e9nergie\u00a0\u00bb pour se moquer, avant que<br \/>\nJordan Bardella ne change de registre et lance : \u00ab\u00a0Jusqu&rsquo;o\u00f9<br \/>\nva-t-il aller ?\u00a0\u00bb<\/p>\n<blockquote class=\"twitter-tweet\"><p><a class=\"twitter-link\" rel=\"noindex, nofollow noopener\" href=\"https:\/\/twitter.com\/Glupatate\/status\/2000275513840181408\" target=\"_blank\"><\/p><\/blockquote>\n<p>\u00ab\u00a0Des<br \/>\npropos virulents\u00a0\u00bb : Jordan Bardella revient sur la pol\u00e9mique de<br \/>\nBrigitte Macron<\/p>\n<p data-start=\"1573\" data-end=\"2161\">Au cours de l\u2019\u00e9mission, le<br \/>\nleader du RN a \u00e9galement \u00e9t\u00e9 interrog\u00e9 sur la pol\u00e9mique visant<br \/>\nBrigitte Macron, apr\u00e8s la diffusion d\u2019une vid\u00e9o dans laquelle elle<br \/>\n<a href=\"https:\/\/www.closermag.fr\/politique\/sales-cnnes-de-brigitte-macron-la-video-avait-ete-publiee-par-erreur-3603991\" target=\"_blank\" rel=\"noopener\"><br \/>\nqualifie des militantes f\u00e9ministes de \u00ab\u00a0sales connes\u00a0\u00bb<\/a>,<br \/>\n\u00e0 la suite de l\u2019interruption d\u2019un spectacle d\u2019Ary Abittan par<br \/>\nquatre d\u2019entre elles. \u00ab\u00a0Je pense que tout est malheureux dans<br \/>\nl\u2019affaire. Les propos qu\u2019elle a tenus, \u00e9videmment, sont virulents.<br \/>\nEt la vid\u00e9o, sauf erreur de ma part, \u00e9tait une vid\u00e9o priv\u00e9e. Donc,<br \/>\n<strong>je ne veux pas l\u2019accabler<\/strong>\u00ab\u00a0, d\u00e9clare-t-il,<br \/>\navant d\u2019\u00e9largir sa r\u00e9flexion sur la contestation dans les lieux<br \/>\nculturels.<\/p>\n<p data-start=\"2163\" data-end=\"2500\" data-is-last-node=\"\" data-is-only-node=\"\">Le pr\u00e9sident du RN conclut : \u00ab\u00a0Je n\u2019aime<br \/>\npas la fa\u00e7on dont on perturbe des lieux de culture. Je pense que<br \/>\nles lieux de culture devraient \u00eatre des havres de paix o\u00f9 les<br \/>\nquerelles des hommes n\u2019entrent pas. Tout est malheureux. Le fait<br \/>\nque <a href=\"https:\/\/www.closermag.fr\/people\/les-sales-cnnes-brigitte-macron-filmee-en-train-dinsulter-des-militantes-feministes-et-cest-ary-abittan-qui-sen-rejouit-3603465\" target=\"_blank\" rel=\"noopener\"><br \/>\nle spectacle d\u2019Ary Abittan,<\/a> qui a b\u00e9n\u00e9fici\u00e9 d\u2019un non-lieu, soit<br \/>\nperturb\u00e9, me para\u00eet \u00eatre un sujet.\u00a0\u00bb<\/p>\n<p><script async src=\"https:\/\/platform.twitter.com\/widgets.js\" charset=\"utf-8\"><\/script><\/p>\n","protected":false},"excerpt":{"rendered":"Invit\u00e9 de Quelle \u00c9poque ! sur France 2, Jordan Bardella a v\u00e9cu une s\u00e9quence tendue face \u00e0 L\u00e9a&hellip;\n","protected":false},"author":2,"featured_media":600274,"comment_status":"","ping_status":"","sticky":false,"template":"","format":"standard","meta":{"footnotes":""},"categories":[1356],"tags":[21303,58,59,1011,27,1077,70426,58236,252,1364],"class_list":{"0":"post-600273","1":"post","2":"type-post","3":"status-publish","4":"format-standard","5":"has-post-thumbnail","7":"category-television","8":"tag-buzz_nonli","9":"tag-divertissement","10":"tag-entertainment","11":"tag-fr","12":"tag-france","13":"tag-jordan-bardella","14":"tag-marfeel_news","15":"tag-roselyne-bachelot","16":"tag-television","17":"tag-tv"},"share_on_mastodon":{"url":"https:\/\/pubeurope.com\/@fr\/115722340886238716","error":""},"_links":{"self":[{"href":"https:\/\/www.europesays.com\/fr\/wp-json\/wp\/v2\/posts\/600273","targetHints":{"allow":["GET"]}}],"collection":[{"href":"https:\/\/www.europesays.com\/fr\/wp-json\/wp\/v2\/posts"}],"about":[{"href":"https:\/\/www.europesays.com\/fr\/wp-json\/wp\/v2\/types\/post"}],"author":[{"embeddable":true,"href":"https:\/\/www.europesays.com\/fr\/wp-json\/wp\/v2\/users\/2"}],"replies":[{"embeddable":true,"href":"https:\/\/www.europesays.com\/fr\/wp-json\/wp\/v2\/comments?post=600273"}],"version-history":[{"count":0,"href":"https:\/\/www.europesays.com\/fr\/wp-json\/wp\/v2\/posts\/600273\/revisions"}],"wp:featuredmedia":[{"embeddable":true,"href":"https:\/\/www.europesays.com\/fr\/wp-json\/wp\/v2\/media\/600274"}],"wp:attachment":[{"href":"https:\/\/www.europesays.com\/fr\/wp-json\/wp\/v2\/media?parent=600273"}],"wp:term":[{"taxonomy":"category","embeddable":true,"href":"https:\/\/www.europesays.com\/fr\/wp-json\/wp\/v2\/categories?post=600273"},{"taxonomy":"post_tag","embeddable":true,"href":"https:\/\/www.europesays.com\/fr\/wp-json\/wp\/v2\/tags?post=600273"}],"curies":[{"name":"wp","href":"https:\/\/api.w.org\/{rel}","templated":true}]}}