{"id":600275,"date":"2025-12-15T07:12:34","date_gmt":"2025-12-15T07:12:34","guid":{"rendered":"https:\/\/www.europesays.com\/fr\/600275\/"},"modified":"2025-12-15T07:12:34","modified_gmt":"2025-12-15T07:12:34","slug":"omar-bena-apporte-une-touche-marocaine-a-un-groupe-en-coree-du-sud","status":"publish","type":"post","link":"https:\/\/www.europesays.com\/fr\/600275\/","title":{"rendered":"Omar Bena apporte une touche marocaine \u00e0 un groupe en Cor\u00e9e du Sud"},"content":{"rendered":"<p>Depuis son enfance, Omar Bena savait qu&rsquo;il voulait devenir musicien. Cependant, le manque d&rsquo;opportunit\u00e9s et la pression de ses parents l&rsquo;ont emp\u00each\u00e9 de poursuivre son r\u00eave au Maroc, jusqu&rsquo;\u00e0 ce qu&rsquo;une possibilit\u00e9 d&rsquo;\u00e9tudier \u00e0 l&rsquo;\u00e9tranger se pr\u00e9sente en 2006. Cens\u00e9 initialement \u00e9tudier \u00e0 Ta\u00efwan, des complications l&rsquo;ont men\u00e9 en Tha\u00eflande, en Malaisie, \u00e0 Hong Kong, en Chine et, finalement, en Cor\u00e9e. C&rsquo;est l\u00e0 qu&rsquo;il a commenc\u00e9 son parcours de musicien.<\/p>\n<p>\u00abQuand je suis all\u00e9 en Asie, j&rsquo;ai eu plus de libert\u00e9 pour explorer cet aspect de moi-m\u00eame\u00bb, a-t-il confi\u00e9 \u00e0 Yabiladi. \u00abDonc, j&rsquo;ai fini par jouer plus de musique.\u00bb<\/p>\n<p><img decoding=\"async\" src=\"https:\/\/www.europesays.com\/fr\/wp-content\/uploads\/2025\/12\/WhatsApp Image 2025-12-11 at 17-08-55 (1).jpg\" alt=\"\" width=\"100%\" height=\"auto\" \/><\/p>\n<p>Originaire de Casablanca, Bena vit en Cor\u00e9e depuis 2007, soit pr\u00e8s de deux d\u00e9cennies depuis son arriv\u00e9e dans le pays. Il a lanc\u00e9 divers projets, dont un groupe qu&rsquo;il a form\u00e9 en 2018 et qui fait parler de lui.<\/p>\n<p>Avec une basse lourde et un son groovy, <a href=\"https:\/\/www.yabiladi.com\/admin\/articles\/open.spotify.com\/artist\/5rciwgeklixuadwjskdqen?go=1&amp;sp_cid=b7004c4e9eda653ef6058a9233c40db8&amp;utm_source=embed_player_p&amp;utm_medium=desktop&amp;nd=1&amp;dlsi=34cf1aca04094148\" target=\"_blank\" rel=\"noopener\">Omar and the Eastern Power<\/a> combine gnaoua, sahel, rock psych\u00e9d\u00e9lique et afro-beats avec une touche cor\u00e9enne. Le groupe est compos\u00e9 de Bena, d&rsquo;un percussionniste \u00e9gyptien et de trois musiciens cor\u00e9ens. Autant la musicalit\u00e9 unique attire, autant Bena a l&rsquo;impression que le groupe se trouve au bon endroit au bon moment.<\/p>\n<p>\u00abJ&rsquo;ai eu la chance d&rsquo;arriver \u00e0 cette \u00e9poque en Cor\u00e9e, o\u00f9 le pays s&rsquo;ouvrait davantage \u00e0 la musique underground\u00bb, a-t-il d\u00e9clar\u00e9.<\/p>\n<p><strong>Se faire un nom<\/strong><\/p>\n<p><img decoding=\"async\" src=\"https:\/\/www.europesays.com\/fr\/wp-content\/uploads\/2025\/12\/WhatsApp Image 2025-12-11 at 12-27-52.jpg\" alt=\"\" width=\"100%\" height=\"auto\" \/><\/p>\n<p>Le groupe a \u00e9largi son public cette ann\u00e9e en jouant lors de concerts importants, comme \u00e0 des festivals cor\u00e9ens notables tels que l&rsquo;Incheon Pentaport Rock Festival et le Block Party Music &amp; Arts Festival, selon Bena.<\/p>\n<p>Un grand jalon a \u00e9t\u00e9 atteint, avec une participation \u00e0 Visa for Music de cette ann\u00e9e, qui promeut les artistes africains et moyen-orientaux \u00e0 travers des concerts \u00e0 Rabat.<\/p>\n<p>\u00abL&rsquo;ann\u00e9e derni\u00e8re, nous avons \u00e9t\u00e9 invit\u00e9s, mais nous n&rsquo;avons pas pu venir, donc tout le monde nous attendait avec impatience\u00bb, a d\u00e9clar\u00e9 Bena. \u00abDe plus, comme nous n&rsquo;avons pas beaucoup d&rsquo;occasions de jouer en dehors de la Cor\u00e9e, c&rsquo;\u00e9tait vraiment excitant. En m\u00eame temps, j&rsquo;\u00e9tais nerveux de jouer au Maroc parce que c&rsquo;est mon pays d&rsquo;origine.\u00bb<\/p>\n<p>L&rsquo;\u00e9v\u00e9nement marque la premi\u00e8re date du groupe au Maroc, gr\u00e2ce au soutien du sponsor Wijhat (ou Destinations), un programme qui aide \u00e0 financer les artistes arabes dans le cadre d&rsquo;opportunit\u00e9s cr\u00e9atives. Malgr\u00e9 le trac, Bena affirme que le groupe a pass\u00e9 un excellent moment et que le public a \u00e9t\u00e9 r\u00e9ceptif \u00e0 sa musique.<\/p>\n<p>\u00abLe th\u00e9\u00e2tre \u00e9tait plein, les gens attendaient que nous jouions et le spectacle \u00e9tait g\u00e9nial. Nous pouvions voir les gens danser, appr\u00e9cier notre musique. C&rsquo;\u00e9tait une belle sensation, comme une tr\u00e8s bonne r\u00e9compense, car nous avons travaill\u00e9 dur sur notre musique ces derni\u00e8res ann\u00e9es. Ensuite, beaucoup de gens sont venus nous voir apr\u00e8s et ont dit : \u00ab\u00a0o\u00f9 vous cachiez-vous tout ce temps ?\u00a0\u00bb\u00bb<\/p>\n<p><img decoding=\"async\" src=\"https:\/\/www.europesays.com\/fr\/wp-content\/uploads\/2025\/12\/WhatsApp Image 2025-12-11 at 12-26-45 (1).jpg\" alt=\"\" width=\"100%\" height=\"auto\" \/><\/p>\n<p><strong>Un \u00e9change culturel<\/strong><\/p>\n<p>Bena dit que le groupe \u00aba vraiment appr\u00e9ci\u00e9 le Maroc\u00bb et qu&rsquo;il souhaite revenir avec pour se produire dans d&rsquo;autres festivals. Il essaie de retourner au moins une fois par an, surtout pendant les hivers cor\u00e9ens froids.<\/p>\n<p>\u00abChaque fois que je reviens au Maroc, je me reconnecte avec mes racines et ma culture. Je recharge les batteries, puis je retourne en Cor\u00e9e pour continuer \u00e0 faire de la musique et trouver de nouvelles inspirations.\u00bb<\/p>\n<p>Omar Bena<\/p>\n<p>Bena a r\u00e9cemment d\u00e9m\u00e9nag\u00e9 de l&rsquo;\u00eele de Jeju, au large de la c\u00f4te sud de la p\u00e9ninsule cor\u00e9enne, pour revenir \u00e0 S\u00e9oul, la ville o\u00f9 il a d\u00e9couvert la Cor\u00e9e pour la premi\u00e8re fois.<\/p>\n<\/p>\n<p>\u00abJe l&rsquo;aime plus qu&rsquo;avant parce qu&rsquo;\u00e0 l&rsquo;\u00e9poque, je ne parlais pas beaucoup le cor\u00e9en. Maintenant, je ma\u00eetrise la langue et je suis content de red\u00e9couvrir la ville, aborder les gens, les personnes \u00e2g\u00e9es, les passants et les commer\u00e7ants. On est plus en immersion dans la culture du pays\u00bb, nous dit-il.<\/p>\n<p>Alors que de nombreux pays connaissent une mont\u00e9e du discours anti-migration, Bena esp\u00e8re qu&rsquo;Omar and the Eastern Power serve d&rsquo;exemple illustrant comment le multiculturalisme profite \u00e0 la cr\u00e9ativit\u00e9 et rapproche des univers diff\u00e9rents.<\/p>\n<p>\u00abDes personnes de nationalit\u00e9s ou d&rsquo;origines diff\u00e9rentes qui se r\u00e9unissent et cr\u00e9ent quelque ensemble, c&rsquo;est l&rsquo;une des meilleures choses que vous puissiez montrer et partager avec le reste du monde\u00bb, a-t-il d\u00e9clar\u00e9.<\/p>\n<p><img decoding=\"async\" src=\"https:\/\/www.europesays.com\/fr\/wp-content\/uploads\/2025\/12\/WhatsApp Image 2025-12-11 at 17-08-55.jpg\" alt=\"\" width=\"100%\" height=\"auto\" \/><\/p>\n<p>Actuellement, le groupe travaille sur un nouvel EP, qui comprendra quatre chansons et dont la sortie est pr\u00e9vue pour 2026.<\/p>\n<p>\u00abElles parlent essentiellement de nos histoires, de ces derni\u00e8res ann\u00e9es en Cor\u00e9e, en tant qu&rsquo;identit\u00e9 d&rsquo;un migrant vivant dans un pays \u00e9tranger, et aussi du fait de ne pas appartenir \u00e0 100% \u00e0 ce pays\u00bb, a-t-il dit.<\/p>\n","protected":false},"excerpt":{"rendered":"Depuis son enfance, Omar Bena savait qu&rsquo;il voulait devenir musicien. Cependant, le manque d&rsquo;opportunit\u00e9s et la pression de&hellip;\n","protected":false},"author":2,"featured_media":600276,"comment_status":"","ping_status":"","sticky":false,"template":"","format":"standard","meta":{"footnotes":""},"categories":[1355],"tags":[58,59,1011,27,1361,873],"class_list":{"0":"post-600275","1":"post","2":"type-post","3":"status-publish","4":"format-standard","5":"has-post-thumbnail","7":"category-musique","8":"tag-divertissement","9":"tag-entertainment","10":"tag-fr","11":"tag-france","12":"tag-music","13":"tag-musique"},"share_on_mastodon":{"url":"https:\/\/pubeurope.com\/@fr\/115722345365701684","error":""},"_links":{"self":[{"href":"https:\/\/www.europesays.com\/fr\/wp-json\/wp\/v2\/posts\/600275","targetHints":{"allow":["GET"]}}],"collection":[{"href":"https:\/\/www.europesays.com\/fr\/wp-json\/wp\/v2\/posts"}],"about":[{"href":"https:\/\/www.europesays.com\/fr\/wp-json\/wp\/v2\/types\/post"}],"author":[{"embeddable":true,"href":"https:\/\/www.europesays.com\/fr\/wp-json\/wp\/v2\/users\/2"}],"replies":[{"embeddable":true,"href":"https:\/\/www.europesays.com\/fr\/wp-json\/wp\/v2\/comments?post=600275"}],"version-history":[{"count":0,"href":"https:\/\/www.europesays.com\/fr\/wp-json\/wp\/v2\/posts\/600275\/revisions"}],"wp:featuredmedia":[{"embeddable":true,"href":"https:\/\/www.europesays.com\/fr\/wp-json\/wp\/v2\/media\/600276"}],"wp:attachment":[{"href":"https:\/\/www.europesays.com\/fr\/wp-json\/wp\/v2\/media?parent=600275"}],"wp:term":[{"taxonomy":"category","embeddable":true,"href":"https:\/\/www.europesays.com\/fr\/wp-json\/wp\/v2\/categories?post=600275"},{"taxonomy":"post_tag","embeddable":true,"href":"https:\/\/www.europesays.com\/fr\/wp-json\/wp\/v2\/tags?post=600275"}],"curies":[{"name":"wp","href":"https:\/\/api.w.org\/{rel}","templated":true}]}}