{"id":600279,"date":"2025-12-15T07:14:10","date_gmt":"2025-12-15T07:14:10","guid":{"rendered":"https:\/\/www.europesays.com\/fr\/600279\/"},"modified":"2025-12-15T07:14:10","modified_gmt":"2025-12-15T07:14:10","slug":"selon-une-etude-japonaise-avoir-les-cheveux-gris-pourrait-etre-une-bonne-nouvelle-pour-votre-sante-voici-pourquoi","status":"publish","type":"post","link":"https:\/\/www.europesays.com\/fr\/600279\/","title":{"rendered":"Selon une \u00e9tude japonaise, avoir les cheveux gris pourrait \u00eatre une bonne nouvelle pour votre sant\u00e9, voici pourquoi"},"content":{"rendered":"<p>Cheveux gris et cancer : une bonne nouvelle qui change le<br \/>\nregard<\/p>\n<p>Les m\u00e8ches argent\u00e9es font souvent grimacer devant le miroir.<br \/>\nPourtant, une \u00e9quipe de l\u2019Institut des Sciences M\u00e9dicales de<br \/>\nl\u2019Universit\u00e9 de Tokyo avance une id\u00e9e inattendue : le grisonnement<br \/>\npourrait signaler que l\u2019organisme active une d\u00e9fense naturelle<br \/>\ncontre certains cancers cutan\u00e9s. Publi\u00e9e en octobre 2025 dans la<br \/>\nrevue Nature Cell Biology, l\u2019\u00e9tude relie <strong>cheveux<br \/>\ngris<\/strong>, vieillissement et surveillance cellulaire.<\/p>\n<p>Le constat part du follicule pileux, l\u00e0 o\u00f9 na\u00eet la couleur des<br \/>\ncheveux. \u00c0 cet endroit discret, des cellules souches pigmentaires<br \/>\nd\u00e9cident du sort des fibres capillaires et, parfois, de leur<br \/>\nteinte. Les chercheurs montrent qu\u2019en situation de stress<br \/>\ng\u00e9n\u00e9tique, ces cellules ne r\u00e9agissent pas toutes pareil. La suite<br \/>\nsurprend.<\/p>\n<p>Cheveux gris cancer : ce que r\u00e9v\u00e8le l\u2019\u00e9tude japonaise<\/p>\n<p>Au sein du follicule, les cellules souches m\u00e9lanocytaires<br \/>\n(McSCs) donnent naissance aux m\u00e9lanocytes qui produisent la<br \/>\nm\u00e9lanine. Quand des dommages de l\u2019ADN surviennent, dont des<br \/>\ncassures double brin, un programme s\u2019active via la voie<br \/>\n<strong>p53\u2013p21<\/strong>. Les chercheurs d\u00e9crivent une<br \/>\n<strong>s\u00e9nodiff\u00e9renciation<\/strong> : les McSCs se diff\u00e9rencient<br \/>\nde fa\u00e7on irr\u00e9versible puis s\u2019\u00e9teignent, appauvrissant la<br \/>\npigmentation et conduisant aux <strong>cheveux blancs<\/strong>. \u00ab\u00a0Ce<br \/>\nprocessus, pilot\u00e9 par l\u2019activation de la voie p53\u2013p21, au cours<br \/>\nduquel les cellules se diff\u00e9rencient de mani\u00e8re irr\u00e9versible avant<br \/>\nd\u2019\u00eatre perdues, entra\u00eene le grisonnement des cheveux et prot\u00e8ge<br \/>\nefficacement contre le m\u00e9lanome, cancer de la peau\u00a0\u00bb, ont not\u00e9 les<br \/>\nchercheurs de l\u2019Universit\u00e9 de Tokyo, cit\u00e9s par Doctissimo.<\/p>\n<p>La d\u00e9monstration a \u00e9t\u00e9 men\u00e9e chez la souris, gr\u00e2ce au tra\u00e7age de<br \/>\nlign\u00e9es in vivo et \u00e0 l\u2019analyse d\u2019expression g\u00e9n\u00e9tique. Expos\u00e9es \u00e0<br \/>\ndes rayons X au bon moment du cycle pilaire, les cellules<br \/>\nendommag\u00e9es ont enclench\u00e9 ce retrait contr\u00f4l\u00e9. Le grisonnement<br \/>\ndevient alors un indicateur visible d\u2019un nettoyage cellulaire, au<br \/>\nprofit d\u2019une stabilit\u00e9 tissulaire qui limite le risque de<br \/>\n<strong>cancer<\/strong> pigmentaire.<\/p>\n<p>Quand UVB, DMBA et KITL court-circuitent la protection<\/p>\n<p>Tout ne va pas toujours dans ce sens. Sous l\u2019effet d\u2019agents<br \/>\ncanc\u00e9rog\u00e8nes comme le DMBA ou les rayons UVB, les McSCs contournent<br \/>\nce programme et gardent leur auto-renouvellement malgr\u00e9 un ADN<br \/>\nab\u00eem\u00e9, soutenues par le <strong>KIT ligand (KITL)<\/strong> s\u00e9cr\u00e9t\u00e9<br \/>\npar la <strong>niche folliculaire<\/strong> et l\u2019\u00e9piderme. La voie<br \/>\nKIT inhibe p53\u2013p21, ce qui accro\u00eet le risque de l\u00e9sions<br \/>\npr\u00e9-m\u00e9lanomateuses. Des mod\u00e8les murins l\u2019ont confirm\u00e9 : la<br \/>\nsurexpression de KITL maintient des McSCs endommag\u00e9es, sa<br \/>\nsuppression renforce p53, accentue le grisonnement, mais r\u00e9duit le<br \/>\nrisque de m\u00e9lanome.<\/p>\n<p>Cette bascule illustre des destins antagonistes gouvern\u00e9s par le<br \/>\nmicroenvironnement. \u00ab\u00a0Nos r\u00e9sultats montrent qu\u00a0\u00bbune m\u00eame population<br \/>\nde cellules souches peut suivre deux destins oppos\u00e9s selon les<br \/>\nsignaux qu&rsquo;elle re\u00e7oit : l&rsquo;\u00e9puisement ou l&rsquo;expansion\u00a0\u00bb, explique Emi<br \/>\nNishimura. \u00ab\u00a0Cela permet de repenser le grisonnement des cheveux et<br \/>\nle m\u00e9lanome non pas comme des \u00e9v\u00e9nements ind\u00e9pendants, mais comme<br \/>\ndes r\u00e9sultats divergents des r\u00e9ponses des cellules souches au<br \/>\nstress\u00a0\u00bb, a-t-il estim\u00e9.<\/p>\n<p>Cheveux gris et cancer : que signifie<br \/>\nvraiment pour vous ?<\/p>\n<p>Le vieillissement de la niche complique le tableau. Chez la<br \/>\nsouris \u00e2g\u00e9e, l\u2019activit\u00e9 p53 baisse dans les cellules voisines, la<br \/>\nd\u00e9tection des dommages faiblit et des voies m\u00e9taboliques, dont<br \/>\nl\u2019acide arachidonique, s\u2019emballent. Les McSCs deviennent moins<br \/>\nenclines \u00e0 la s\u00e9nodiff\u00e9renciation, plus promptes \u00e0 persister malgr\u00e9<br \/>\nl\u2019ADN alt\u00e9r\u00e9. R\u00e9sultat, les cheveux gris ne refl\u00e8tent pas toujours,<br \/>\navec l\u2019\u00e2ge, une \u00e9limination efficace des cellules \u00e0 risque.<\/p>\n<p>Pour \u00e9viter les extrapolations, quelques rep\u00e8res s\u2019imposent.<br \/>\nL\u2019\u00e9tude a \u00e9t\u00e9 r\u00e9alis\u00e9e chez la souris et publi\u00e9e en octobre 2025<br \/>\ndans Nature Cell Biology, la validation chez l\u2019humain reste \u00e0<br \/>\n\u00e9tablir. Voir des cheveux blancs peut correspondre \u00e0 un \u00ab\u00a0nettoyage\u00a0\u00bb<br \/>\ncellulaire, sans \u00eatre un bouclier ni une garantie de risque moindre<br \/>\nde <strong>m\u00e9lanome<\/strong>. Des canc\u00e9rog\u00e8nes tels que les<br \/>\n<strong>rayons UVB<\/strong> et le <strong>DMBA<\/strong>, via des<br \/>\nsignaux comme KIT ligand (KITL), peuvent neutraliser ce programme<br \/>\nprotecteur. Le rapport <strong>cheveux gris cancer<\/strong> d\u00e9pend<br \/>\ndonc des signaux locaux et de l\u2019\u00e9tat du tissu, pas d\u2019une r\u00e8gle<br \/>\ng\u00e9n\u00e9rale.<\/p>\n","protected":false},"excerpt":{"rendered":"Cheveux gris et cancer : une bonne nouvelle qui change le regard Les m\u00e8ches argent\u00e9es font souvent grimacer&hellip;\n","protected":false},"author":2,"featured_media":600280,"comment_status":"","ping_status":"","sticky":false,"template":"","format":"standard","meta":{"footnotes":""},"categories":[10],"tags":[6661,11690,11288,1086,7078,1011,27,71293,72,59776,151,2043,471,7555,2864,71,15298,96,6013,15161],"class_list":{"0":"post-600279","1":"post","2":"type-post","3":"status-publish","4":"format-standard","5":"has-post-thumbnail","7":"category-sante","8":"tag-avoir","9":"tag-bonne","10":"tag-cheveux","11":"tag-etre","12":"tag-etude","13":"tag-fr","14":"tag-france","15":"tag-gris","16":"tag-health","17":"tag-japonaise","18":"tag-les","19":"tag-nouvelle","20":"tag-pour","21":"tag-pourquoi","22":"tag-pourrait","23":"tag-sante","24":"tag-selon","25":"tag-une","26":"tag-voici","27":"tag-votre"},"share_on_mastodon":{"url":"https:\/\/pubeurope.com\/@fr\/115722352334016734","error":""},"_links":{"self":[{"href":"https:\/\/www.europesays.com\/fr\/wp-json\/wp\/v2\/posts\/600279","targetHints":{"allow":["GET"]}}],"collection":[{"href":"https:\/\/www.europesays.com\/fr\/wp-json\/wp\/v2\/posts"}],"about":[{"href":"https:\/\/www.europesays.com\/fr\/wp-json\/wp\/v2\/types\/post"}],"author":[{"embeddable":true,"href":"https:\/\/www.europesays.com\/fr\/wp-json\/wp\/v2\/users\/2"}],"replies":[{"embeddable":true,"href":"https:\/\/www.europesays.com\/fr\/wp-json\/wp\/v2\/comments?post=600279"}],"version-history":[{"count":0,"href":"https:\/\/www.europesays.com\/fr\/wp-json\/wp\/v2\/posts\/600279\/revisions"}],"wp:featuredmedia":[{"embeddable":true,"href":"https:\/\/www.europesays.com\/fr\/wp-json\/wp\/v2\/media\/600280"}],"wp:attachment":[{"href":"https:\/\/www.europesays.com\/fr\/wp-json\/wp\/v2\/media?parent=600279"}],"wp:term":[{"taxonomy":"category","embeddable":true,"href":"https:\/\/www.europesays.com\/fr\/wp-json\/wp\/v2\/categories?post=600279"},{"taxonomy":"post_tag","embeddable":true,"href":"https:\/\/www.europesays.com\/fr\/wp-json\/wp\/v2\/tags?post=600279"}],"curies":[{"name":"wp","href":"https:\/\/api.w.org\/{rel}","templated":true}]}}