{"id":600287,"date":"2025-12-15T07:19:10","date_gmt":"2025-12-15T07:19:10","guid":{"rendered":"https:\/\/www.europesays.com\/fr\/600287\/"},"modified":"2025-12-15T07:19:10","modified_gmt":"2025-12-15T07:19:10","slug":"en-direct-guerre-en-ukraine-de-nouveaux-pourparlers-americano-ukrainiens-prevus-ce-lundi-apres-un-dimanche-de-negociations-le-figaro","status":"publish","type":"post","link":"https:\/\/www.europesays.com\/fr\/600287\/","title":{"rendered":"EN DIRECT &#8211; Guerre en Ukraine : de nouveaux pourparlers am\u00e9ricano-ukrainiens pr\u00e9vus ce lundi, apr\u00e8s un dimanche de n\u00e9gociations &#8211; Le Figaro"},"content":{"rendered":"<ol>\n<li><a href=\"https:\/\/news.google.com\/rss\/articles\/CBMi_gFBVV95cUxOS0E3UW0tVWRrZS1MaHJ1VXZYVGNiYnVLWDVzWU5JWnZpbDI3aGliYU1LLUVnVVJMWXZMRndCRXo5bDZKYWFwQUxneWJlbVYtTWd5OHVmQW1jVFRiVExlSmZBQ0dLbDZzXzRMS01wTW1ITzFPeWs1QUFqY0syOEZkTVZpWDRFNW9WWHVTUXJydXE0WEtUT0dCcXFNZC1yY1hMeXNiZm1YOFZ5U0tJVjhrcHkxUk9PUUdHcnQ0cDlVeU81UEZ2YUlQRDRiclVrN1hEOTlzYXJYQllGVmV0akZsQkNsZkFjVzBobnp4emZwX3NncG9falo0ZDZmX2EzQQ?oc=5\" target=\"_blank\" rel=\"noopener\">EN DIRECT &#8211; Guerre en Ukraine : de nouveaux pourparlers am\u00e9ricano-ukrainiens pr\u00e9vus ce lundi, apr\u00e8s un dimanche de n\u00e9gociations<\/a>&nbsp;&nbsp;Le Figaro<\/li>\n<li><a href=\"https:\/\/news.google.com\/rss\/articles\/CBMijAJBVV95cUxPZzBoVGYyMWtDXzZ0SEl2XzdYcFlqd3VwaXM5UklmakRwV3BmYlUtS19abS1QTE9pM214ZTh4MXFyY1dDQWRRUzl2em1KcWl6VnI2c3JIVXA5Nml2MUJXVnY4bm9LamROYUZUdU1ldkw0MVVOWUVnT1JvU2daQUVFOE4ydlR3UmczNVRDWjFnSFRMeGRWMkNGVUR6QjByajYtSlNMMXdUS3M5VFpWVUFLOWswVXQxME9nSXFvTDVrYUhBT2kyd2dqYkJTWVVfSTg1dEV1YXQ1YTRJaHR4eE5LZ3NVVWphNWV0NjEyOXl6bVdTd1F1RXdfVHdqN3ZPTTFCb0RmOXNzRkl6VTlQ?oc=5\" target=\"_blank\" rel=\"noopener\">EN DIRECT, guerre en Ukraine : les d\u00e9l\u00e9gations ukrainienne et am\u00e9ricaine sont re\u00e7ues \u00e0 la chancellerie allemande<\/a>&nbsp;&nbsp;Le Monde.fr<\/li>\n<li><a href=\"https:\/\/news.google.com\/rss\/articles\/CBMihAJBVV95cUxQWG5sN3I3N3RoOFp5SFJZVGExRFd4SXN3ZXAyMHRyLXZHVllidWlNNHJVZk15dl9pRkFGTldxZWpmNzhEQ0ZxeEdVWmpUMncxS0IzUERlaGxYWHdlSVppYjcwcV9iMWVIWVR5aGJSQThXMnR1aEhUb2NGTmp4UkkwQ0xqU2d0M0g5ZTdzeFA3amVseDV5a0lQc3NxOWQ1RnV0WHY4SU9DQW9oVXdwcXhCYm5VZ1JrN3dkdXRZV1c3azBlb1BwQlFlOUVLLVFRb3BNbzVvTkdCb0xGaTdWVUV4U1EyNU5Rbm01LUxTRTA5akFIQUNLMGplTTFiZTdCSWNUUVhKRQ?oc=5\" target=\"_blank\" rel=\"noopener\">Guerre en Ukraine : \u00ab\u00a0c\u2019est d\u00e9j\u00e0 un compromis de notre part\u00a0\u00bb\u2026 Volodymyr Zelensky est pr\u00eat \u00e0 renoncer \u00e0 une adh\u00e9sion \u00e0 l\u2019OTAN<\/a>&nbsp;&nbsp;Actualit\u00e9s \u2013 Orange<\/li>\n<li><a href=\"https:\/\/news.google.com\/rss\/articles\/CBMi8gFBVV95cUxQaW5nRGJxeXhTZ0hlTHJmc3JZLXdOeG5XZlZZWF84M0tXT0RWSnpISXBCZklwVG9DRTJZX3o0Z1M0c1N5dVVEYm82TEVjR2dSRWZ3VXd1WGxIejJfc3RJNXRUWmVKbzROZHZuOWIteEhIVjdSMW9tVllGdGJraWNCUW1jcnVldVdDTWVzVzRrV0s2VzJybFVWMm42VWYtLU9IUnA1TDRsd3dVSUxMZDNidTM4ZURyVVZIN3JzOWw5TzVtV3N6dGtJMWdQNHNFT3hiMGExeHZyRllRdVp6UkprVEJHOHp6WXVEeUFzNlc1d1hEUQ?oc=5\" target=\"_blank\" rel=\"noopener\">Volodymyr Zelensky c\u00e8de sur l\u2019Otan mais r\u00e9clame une contrepartie aux \u00c9tats-Unis et aux Europ\u00e9ens<\/a>&nbsp;&nbsp;Le HuffPost<\/li>\n<li><a href=\"https:\/\/news.google.com\/rss\/articles\/CBMiqAJBVV95cUxONHBvTlJUbl9mMGxPNmpaM0pELTdBV3JDMDZrZ2ROOEQyZjk4b3FmYUd5V2gwWjl2bG1SUURYcm9vam5XTUttaTVLdWU4b1o4VEtlOXRpcFZFbXJfWHpwTkxZVzZFLU1Vd1hTcXZEVEFfdmhaM0Rjd2FnRUtNWEQtTVJuX1R3ZTl4UnVaeVpuaEF3YXBVaFJqU01ndTNIRllWUlBwdk5CaFVSZ0k1aE9ua0gyMjZHaUQxbTFSOUJ0clFsT2o5SDJPX2FxMzVaRGY4LWRBZ21ZTkxMLXdfLWRFaGlNSzlBeTZKLVJJMW5EVUFxcWNvUUV2bzk1SngtQlU3Ums1WTlqWUNSVTFUWEpzcGtSTWZ2NWUxNVJMNFpEYjRRZENvRW82OQ?oc=5\" target=\"_blank\" rel=\"noopener\">Guerre en Ukraine: Steve Witkoff \u00e9voque \u00ab\u00a0beaucoup de progr\u00e8s\u00a0\u00bb,\u00a0\u00bb apr\u00e8s sa rencontre ce dimanche avec Volodymyr Zelensky<\/a>&nbsp;&nbsp;BFM<\/li>\n<\/ol>\n","protected":false},"excerpt":{"rendered":"EN DIRECT &#8211; Guerre en Ukraine : de nouveaux pourparlers am\u00e9ricano-ukrainiens pr\u00e9vus ce lundi, apr\u00e8s un dimanche de&hellip;\n","protected":false},"author":2,"featured_media":395849,"comment_status":"","ping_status":"","sticky":false,"template":"","format":"standard","meta":{"footnotes":""},"categories":[5],"tags":[11,1011,27,14,12,28],"class_list":{"0":"post-600287","1":"post","2":"type-post","3":"status-publish","4":"format-standard","5":"has-post-thumbnail","7":"category-international","8":"tag-actualites","9":"tag-fr","10":"tag-france","11":"tag-international","12":"tag-news","13":"tag-world"},"share_on_mastodon":{"url":"https:\/\/pubeurope.com\/@fr\/115722371959240710","error":""},"_links":{"self":[{"href":"https:\/\/www.europesays.com\/fr\/wp-json\/wp\/v2\/posts\/600287","targetHints":{"allow":["GET"]}}],"collection":[{"href":"https:\/\/www.europesays.com\/fr\/wp-json\/wp\/v2\/posts"}],"about":[{"href":"https:\/\/www.europesays.com\/fr\/wp-json\/wp\/v2\/types\/post"}],"author":[{"embeddable":true,"href":"https:\/\/www.europesays.com\/fr\/wp-json\/wp\/v2\/users\/2"}],"replies":[{"embeddable":true,"href":"https:\/\/www.europesays.com\/fr\/wp-json\/wp\/v2\/comments?post=600287"}],"version-history":[{"count":0,"href":"https:\/\/www.europesays.com\/fr\/wp-json\/wp\/v2\/posts\/600287\/revisions"}],"wp:featuredmedia":[{"embeddable":true,"href":"https:\/\/www.europesays.com\/fr\/wp-json\/wp\/v2\/media\/395849"}],"wp:attachment":[{"href":"https:\/\/www.europesays.com\/fr\/wp-json\/wp\/v2\/media?parent=600287"}],"wp:term":[{"taxonomy":"category","embeddable":true,"href":"https:\/\/www.europesays.com\/fr\/wp-json\/wp\/v2\/categories?post=600287"},{"taxonomy":"post_tag","embeddable":true,"href":"https:\/\/www.europesays.com\/fr\/wp-json\/wp\/v2\/tags?post=600287"}],"curies":[{"name":"wp","href":"https:\/\/api.w.org\/{rel}","templated":true}]}}