{"id":60029,"date":"2025-04-28T19:42:13","date_gmt":"2025-04-28T19:42:13","guid":{"rendered":"https:\/\/www.europesays.com\/fr\/60029\/"},"modified":"2025-04-28T19:42:13","modified_gmt":"2025-04-28T19:42:13","slug":"25-interpellations-dans-une-vaste-operation-de-police","status":"publish","type":"post","link":"https:\/\/www.europesays.com\/fr\/60029\/","title":{"rendered":"25 interpellations dans une vaste op\u00e9ration de police"},"content":{"rendered":"<p>L&rsquo;op\u00e9ration lanc\u00e9e \u00e0 6H00 lundi s&rsquo;est d\u00e9roul\u00e9e en r\u00e9gion parisienne, \u00e0 Marseille, Lyon et Bordeaux, selon une source proche du dossier. <\/p>\n<p>Dans un communiqu\u00e9, le Parquet national antiterroriste (Pnat), qui s&rsquo;est saisi du dossier, en raison notamment du caract\u00e8re coordonn\u00e9 des actions, a ajout\u00e9 que des perquisitions \u00e9taient en cours.<\/p>\n<p>Le Pnat a annonc\u00e9 dans un premier temps dans un communiqu\u00e9 22 interpellations. Auxquelles se sont ajout\u00e9es \u00ab\u00a0trois interpellations suppl\u00e9mentaires\u00a0\u00bb plus tard dans la matin\u00e9e, a-t-il pr\u00e9cis\u00e9 peu avant 10H00.<\/p>\n<p>Parmi elles, cinq \u00e9taient d\u00e9tenues et ont \u00e9t\u00e9 extraites de leur cellule, selon le Pnat. Les gardes \u00e0 vue peuvent durer jusqu&rsquo;\u00e0 96 heures.<\/p>\n<p>Les investigations ont permis des \u00ab\u00a0avanc\u00e9es significatives\u00a0\u00bb quant \u00e0 l&rsquo;identification des personnes ayant pu commettre les faits et sur les \u00ab\u00a0commanditaires\u00a0\u00bb, affirme le Pnat.<\/p>\n<p>\u00ab\u00a0Il y aura, sans doute, d&rsquo;autres interpellations\u00a0\u00bb, a affirm\u00e9 sur TF1 le garde des Sceaux, G\u00e9rald Darmanin, promettant en outre l'\u00a0\u00bbanonymisation\u00a0\u00bb des identit\u00e9s des agents p\u00e9nitentiaires.<\/p>\n<p><img alt=\"Le ministre de la Justice G\u00e9rald Darmanin devant la prison de Toulon-La Farl\u00e8de, pr\u00e8s de Toulon, le 15 avril 2025\" loading=\"lazy\" decoding=\"async\" data-nimg=\"fill\" class=\" TwicCore_img__i9TC1 undefined  undefined\" style=\"position:absolute;height:100%;width:100%;left:0;top:0;right:0;bottom:0;color:transparent;background-size:cover;background-position:50% 50%;background-repeat:no-repeat;background-image:url(&quot;data:image\/svg+xml;charset=utf-8,%3Csvg xmlns='http:\/\/www.w3.org\/2000\/svg' %3E%3Cfilter id='b' color-interpolation-filters='sRGB'%3E%3CfeGaussianBlur stdDeviation='20'\/%3E%3CfeColorMatrix values='1 0 0 0 0 0 1 0 0 0 0 0 1 0 0 0 0 0 100 -1' result='s'\/%3E%3CfeFlood x='0' y='0' width='100%25' height='100%25'\/%3E%3CfeComposite operator='out' in='s'\/%3E%3CfeComposite in2='SourceGraphic'\/%3E%3CfeGaussianBlur stdDeviation='20'\/%3E%3C\/filter%3E%3Cimage width='100%25' height='100%25' x='0' y='0' preserveAspectRatio='none' style='filter: url(%23b);' href='https:\/\/pictures.laprovence.com\/cdn-cgi\/image\/blur=250\/media\/afp\/47b4c4bc05ff531f197e2944a68b4713c2c7b536.jpg'\/%3E%3C\/svg%3E&quot;)\"   src=\"https:\/\/www.europesays.com\/fr\/wp-content\/uploads\/2025\/04\/47b4c4bc05ff531f197e2944a68b4713c2c7b536.jpg\"\/>Le ministre de la Justice G\u00e9rald Darmanin devant la prison de Toulon-La Farl\u00e8de, pr\u00e8s de Toulon, le 15 avril 2025 PHOTO AFP \/ Miguel MEDINA<\/p>\n<p>Le parquet antiterroriste recense une quinzaine de faits entre le 13 et le 21 avril, mais d&rsquo;autres faits ont vis\u00e9 d&rsquo;autres \u00e9tablissements p\u00e9nitentiaires, sans que des \u00ab\u00a0liens\u00a0\u00bb puissent \u00ab\u00a0n\u00e9cessairement\u00a0\u00bb \u00eatre \u00e9tablis \u00ab\u00a0\u00e0 ce stade\u00a0\u00bb avec cette enqu\u00eate, a soulign\u00e9 le Pnat, qui a \u00e9t\u00e9 n\u00e9anmoins avis\u00e9 par les parquets locaux.<\/p>\n<p>Le coup de filet intervient alors que le S\u00e9nat puis l&rsquo;Assembl\u00e9e nationale s&rsquo;appr\u00eatent \u00e0 voter cette semaine une proposition de loi destin\u00e9e \u00e0 renforcer la lutte contre les narcotrafiquants pour une adoption d\u00e9finitive.<\/p>\n<p>Alors que les ministres de l&rsquo;Int\u00e9rieur, Bruno Retailleau, et de la Justice, ont d\u00e8s le d\u00e9but de ces attaques myst\u00e9rieuses vu la main des narcotrafiquants, le Pnat et la Junalco (Juridiction nationale de lutte contre la criminalit\u00e9 organis\u00e9e) ont relev\u00e9 dans leur communiqu\u00e9 commun que les faits \u00e9taient \u00ab\u00a0susceptibles de s&rsquo;inscrire\u00a0\u00bb dans la \u00ab\u00a0tr\u00e8s grande criminalit\u00e9 organis\u00e9e\u00a0\u00bb.<\/p>\n<p>Dans un message sur le r\u00e9seau social X, Bruno Retailleau a salu\u00e9 l&rsquo;action des \u00ab\u00a0magistrats et des enqu\u00eateurs\u00a0\u00bb qui ont \u00ab\u00a0fait preuve d&rsquo;un grand professionnalisme\u00a0\u00bb. \u00ab\u00a0Force reste \u00e0 la loi et \u00e0 la R\u00e9publique dans notre lutte implacable contre le narcotrafic\u00a0\u00bb, a \u00e9crit sur X G\u00e9rald Darmanin.<\/p>\n<p>Le 13 avril \u00e0 Agen \u00e9tait apparu pour la premi\u00e8re fois le tag \u00ab\u00a0DDPF\u00a0\u00bb (D\u00e9fense des prisonniers fran\u00e7ais) pr\u00e8s de sept voitures incendi\u00e9es sur le parking de l&rsquo;Ecole nationale de l&rsquo;administration p\u00e9nitentiaire (Enap).<\/p>\n<p>S&rsquo;en \u00e9tait suivie une s\u00e9rie d&rsquo;incendies de voitures de personnels p\u00e9nitentiaires un peu partout en France, des tirs de mortiers d&rsquo;artifices sur des prisons, voire des tirs de kalachnikov comme \u00e0 Toulon.<\/p>\n<p>Le Pnat s&rsquo;est saisi de ces faits, ainsi que des tirs par arme \u00e0 feu et des jets de deux cocktails Molotov ayant vis\u00e9 le 21 avril un lotissement \u00e0 Villefontaine (Is\u00e8re) o\u00f9 r\u00e9sident des agents p\u00e9nitentiaires, non loin de la prison de Saint-Quentin-Fallavier. Des tags \u00ab\u00a0DDPF\u00a0\u00bb avaient \u00e9galement \u00e9t\u00e9 retrouv\u00e9s. <\/p>\n<p>Le Premier ministre, Fran\u00e7ois Bayrou, s&rsquo;\u00e9tait rendu le surlendemain dans ce centre p\u00e9nitentiaire, en soutien aux personnels p\u00e9nitentiaires, accompagn\u00e9 de M. Darmanin et de M. Retailleau. <\/p>\n<p>Il avait \u00e9galement point\u00e9 du doigt la criminalit\u00e9 organis\u00e9e. \u00ab\u00a0Ces attaques montrent que l&rsquo;action du gouvernement et de l&rsquo;\u00c9tat touche juste\u00a0\u00bb, avait d\u00e9clar\u00e9 M. Bayrou devant la presse, en \u00e9voquant des \u00ab\u00a0r\u00e9seaux\u00a0\u00bb qui se \u00ab\u00a0croyaient en situation d&rsquo;impunit\u00e9\u00a0\u00bb et \u00ab\u00a0tout d&rsquo;un coup, voient la perspective de sanctions plus s\u00e9v\u00e8res, plus rigoureuses, sans les moyens de continuer \u00e0 exercer leurs activit\u00e9s n\u00e9fastes depuis la prison\u00a0\u00bb.<\/p>\n<p>Le groupe \u00ab\u00a0DDPF\u00a0\u00bb totalement inconnu avait publi\u00e9 vid\u00e9o et menaces sur la messagerie crypt\u00e9e Telegram, qui les a ensuite supprim\u00e9s et ferm\u00e9 le canal.<\/p>\n<p>Si le mode op\u00e9ratoire de certains faits porte les marques de la criminalit\u00e9 organis\u00e9e, d&rsquo;autres actions faisaient davantage penser \u00e0 l&rsquo;ultragauche, avait relev\u00e9 une source polici\u00e8re, pour qui certains militants ont pu se greffer sur la campagne initiale.<\/p>\n","protected":false},"excerpt":{"rendered":"L&rsquo;op\u00e9ration lanc\u00e9e \u00e0 6H00 lundi s&rsquo;est d\u00e9roul\u00e9e en r\u00e9gion parisienne, \u00e0 Marseille, Lyon et Bordeaux, selon une source&hellip;\n","protected":false},"author":2,"featured_media":60030,"comment_status":"","ping_status":"","sticky":false,"template":"","format":"standard","meta":{"footnotes":""},"categories":[9619],"tags":[17,1111,11,9821,1446,1777,674,1011,27,329,15516,12,1476,899,882,25,2310,96,15512],"class_list":{"0":"post-60029","1":"post","2":"type-post","3":"status-publish","4":"format-standard","5":"has-post-thumbnail","7":"category-toulon","8":"tag-17","9":"tag-actu","10":"tag-actualites","11":"tag-attaques","12":"tag-dans","13":"tag-eu","14":"tag-europe","15":"tag-fr","16":"tag-france","17":"tag-france-monde","18":"tag-interpellations","19":"tag-news","20":"tag-operation","21":"tag-prisons","22":"tag-provence-alpes-cote-dazur","23":"tag-republique-francaise","24":"tag-toulon","25":"tag-une","26":"tag-vaste"},"share_on_mastodon":{"url":"https:\/\/pubeurope.com\/@fr\/114417299868122805","error":""},"_links":{"self":[{"href":"https:\/\/www.europesays.com\/fr\/wp-json\/wp\/v2\/posts\/60029","targetHints":{"allow":["GET"]}}],"collection":[{"href":"https:\/\/www.europesays.com\/fr\/wp-json\/wp\/v2\/posts"}],"about":[{"href":"https:\/\/www.europesays.com\/fr\/wp-json\/wp\/v2\/types\/post"}],"author":[{"embeddable":true,"href":"https:\/\/www.europesays.com\/fr\/wp-json\/wp\/v2\/users\/2"}],"replies":[{"embeddable":true,"href":"https:\/\/www.europesays.com\/fr\/wp-json\/wp\/v2\/comments?post=60029"}],"version-history":[{"count":0,"href":"https:\/\/www.europesays.com\/fr\/wp-json\/wp\/v2\/posts\/60029\/revisions"}],"wp:featuredmedia":[{"embeddable":true,"href":"https:\/\/www.europesays.com\/fr\/wp-json\/wp\/v2\/media\/60030"}],"wp:attachment":[{"href":"https:\/\/www.europesays.com\/fr\/wp-json\/wp\/v2\/media?parent=60029"}],"wp:term":[{"taxonomy":"category","embeddable":true,"href":"https:\/\/www.europesays.com\/fr\/wp-json\/wp\/v2\/categories?post=60029"},{"taxonomy":"post_tag","embeddable":true,"href":"https:\/\/www.europesays.com\/fr\/wp-json\/wp\/v2\/tags?post=60029"}],"curies":[{"name":"wp","href":"https:\/\/api.w.org\/{rel}","templated":true}]}}