{"id":600291,"date":"2025-12-15T07:23:12","date_gmt":"2025-12-15T07:23:12","guid":{"rendered":"https:\/\/www.europesays.com\/fr\/600291\/"},"modified":"2025-12-15T07:23:12","modified_gmt":"2025-12-15T07:23:12","slug":"pas-de-train-jusqua-mercredi-entre-saint-etienne-et-le-puy-en-velay","status":"publish","type":"post","link":"https:\/\/www.europesays.com\/fr\/600291\/","title":{"rendered":"pas de train jusqu&rsquo;\u00e0 mercredi entre Saint-Etienne et Le Puy-en-Velay"},"content":{"rendered":"<p>La SNCF l&rsquo;annonce ce lundi matin dans un post sur le r\u00e9seau social X\u00a0: \u00ab\u00a0Le trafic est interrompu entre Le Puy-en-Velay et Saint-Etienne jusqu&rsquo;\u00e0 mardi 16 d\u00e9cembre inclus\u00a0\u00bb, pr\u00e9cisant \u00a0: \u00ab\u00a0La reprise est pr\u00e9vue mercredi matin.\u00a0\u00bb<\/p>\n<p>Ce contenu est bloqu\u00e9 car vous n&rsquo;avez pas accept\u00e9 les cookies et autres traceurs.<\/p>\n<p>En cliquant sur \u00ab J\u2019accepte \u00bb, les cookies et autres traceurs seront d\u00e9pos\u00e9s et vous pourrez visualiser les contenus  (<a href=\"\" class=\"consentModule_policy\" target=\"_blank\" title=\"Consulter la politique de protection des donn\u00e9es du fournisseur\">plus d&rsquo;informations<\/a>).<\/p>\n<p>En cliquant sur \u00ab J\u2019accepte tous les cookies \u00bb, vous autorisez des d\u00e9p\u00f4ts de cookies et autres traceurs pour le stockage de vos donn\u00e9es sur nos sites et applications \u00e0 des fins de personnalisation et de ciblage publicitaire.<\/p>\n<p class=\"consentModule_secondaryText\">Vous gardez la possibilit\u00e9 de retirer votre consentement \u00e0 tout moment en consultant notre <a href=\"https:\/\/www.leprogres.fr\/protection-des-donnees\" target=\"_blank\" title=\"Consulter notre politique de protection des donn\u00e9es\" rel=\"noopener\">politique de protection des donn\u00e9es<\/a>. <br \/>&#13;<br \/>\n            <a href=\"https:\/\/www.leprogres.fr\/transport\/2025\/12\/15\/javascript:Didomi.notice.show()\" class=\"consentModule_cmp\" target=\"_blank\" rel=\"noopener\">G\u00e9rer mes choix<\/a>&#13;\n        <\/p>\n<p>&#13;<br \/>\n                        J&rsquo;accepte&#13;<br \/>\n            J&rsquo;accepte tous les cookies&#13;\n        <\/p>\n<p>La cause de cette interruption est \u00ab\u00a0un d\u00e9rangement affectant les voies\u00a0\u00bb et \u00ab\u00a0l&rsquo;intervention des \u00e9quipes SNCF est en cours\u00a0\u00bb.<\/p>\n<p>Il est \u00e9galement pr\u00e9cis\u00e9 que la recherche d&rsquo;autocars est en cours, pour remplacer les trains pendant ces deux jours. \u00c0 7 heures ce lundi matin, un car rempla\u00e7ant un TER \u00e9tait d\u00e9j\u00e0 annonc\u00e9 au d\u00e9part de Ch\u00e2teaucreux, dans le sens Saint-Etienne\/Le Puy, \u00e0 14\u00a0h\u00a025.<\/p>\n<p>Dans l&rsquo;autre sens, un seul est annonc\u00e9 au d\u00e9part du Puy, \u00e0 18\u00a0h\u00a029.<\/p>\n<p>Cette interruption ne concerne pas la portion Saint-Etienne\/Firminy de la ligne, o\u00f9 les TER circulent normalement.<\/p>\n","protected":false},"excerpt":{"rendered":"La SNCF l&rsquo;annonce ce lundi matin dans un post sur le r\u00e9seau social X\u00a0: \u00ab\u00a0Le trafic est interrompu&hellip;\n","protected":false},"author":2,"featured_media":600292,"comment_status":"","ping_status":"","sticky":false,"template":"","format":"standard","meta":{"footnotes":""},"categories":[9653],"tags":[1111,11,2430,3542,7539,1777,674,107,1011,27,4002,3367,12,25,4001,2803],"class_list":{"0":"post-600291","1":"post","2":"type-post","3":"status-publish","4":"format-standard","5":"has-post-thumbnail","7":"category-saint-etienne","8":"tag-actu","9":"tag-actualites","10":"tag-auvergne-rhone-alpes","11":"tag-circulation","12":"tag-edition-loire-sud","13":"tag-eu","14":"tag-europe","15":"tag-fil-info","16":"tag-fr","17":"tag-france","18":"tag-haute-loire","19":"tag-loire","20":"tag-news","21":"tag-republique-francaise","22":"tag-saint-etienne","23":"tag-transport"},"share_on_mastodon":{"url":"https:\/\/pubeurope.com\/@fr\/115722387741160649","error":""},"_links":{"self":[{"href":"https:\/\/www.europesays.com\/fr\/wp-json\/wp\/v2\/posts\/600291","targetHints":{"allow":["GET"]}}],"collection":[{"href":"https:\/\/www.europesays.com\/fr\/wp-json\/wp\/v2\/posts"}],"about":[{"href":"https:\/\/www.europesays.com\/fr\/wp-json\/wp\/v2\/types\/post"}],"author":[{"embeddable":true,"href":"https:\/\/www.europesays.com\/fr\/wp-json\/wp\/v2\/users\/2"}],"replies":[{"embeddable":true,"href":"https:\/\/www.europesays.com\/fr\/wp-json\/wp\/v2\/comments?post=600291"}],"version-history":[{"count":0,"href":"https:\/\/www.europesays.com\/fr\/wp-json\/wp\/v2\/posts\/600291\/revisions"}],"wp:featuredmedia":[{"embeddable":true,"href":"https:\/\/www.europesays.com\/fr\/wp-json\/wp\/v2\/media\/600292"}],"wp:attachment":[{"href":"https:\/\/www.europesays.com\/fr\/wp-json\/wp\/v2\/media?parent=600291"}],"wp:term":[{"taxonomy":"category","embeddable":true,"href":"https:\/\/www.europesays.com\/fr\/wp-json\/wp\/v2\/categories?post=600291"},{"taxonomy":"post_tag","embeddable":true,"href":"https:\/\/www.europesays.com\/fr\/wp-json\/wp\/v2\/tags?post=600291"}],"curies":[{"name":"wp","href":"https:\/\/api.w.org\/{rel}","templated":true}]}}