{"id":600301,"date":"2025-12-15T07:29:11","date_gmt":"2025-12-15T07:29:11","guid":{"rendered":"https:\/\/www.europesays.com\/fr\/600301\/"},"modified":"2025-12-15T07:29:11","modified_gmt":"2025-12-15T07:29:11","slug":"la-laicite-en-fresque-sur-le-mur-exterieur-de-lecole","status":"publish","type":"post","link":"https:\/\/www.europesays.com\/fr\/600301\/","title":{"rendered":"La la\u00efcit\u00e9 en fresque sur le mur ext\u00e9rieur de l\u2019\u00e9cole"},"content":{"rendered":"<p>Le 9 d\u00e9cembre, journ\u00e9e nationale de la la\u00efcit\u00e9 et des 120 ans de la loi de 1905, la municipalit\u00e9 de Clapiers tr\u00e8s attach\u00e9e \u00e0 ce principe qui figure en bonne place apr\u00e8s libert\u00e9 \u00e9galit\u00e9 et fraternit\u00e9, a convi\u00e9 les \u00e9coliers au d\u00e9voilement de la fresque cr\u00e9\u00e9e par l\u2019artiste Borja Sanchez.<\/p>\n<p>Impossible de le manquer car cet artiste europ\u00e9en venu de Barcelone et dont le projet a \u00e9t\u00e9 retenu par un jury apr\u00e8s un appel d\u2019offres est arriv\u00e9 dans une tenue couverte de peintures de toutes les couleurs, une fresque \u00e0 lui tout seul.<\/p>\n<p>Les enfants de l\u2019\u00e9cole Victor-Hugo sous le regard bienveillant du directeur de l\u2019\u00e9cole Luc Grandet ont suivi ces travaux tout au long du chantier et ils ont eu la joie de couper le ruban bleu blanc rouge avec de grands ciseaux en or.<\/p>\n<p>\u00c9taient aussi pr\u00e9sents le maire \u00c9ric Penso, deux conseillers municipaux en charge de la jeunesse, Renaud Calvat, maire de Jacou, venu en voisin, enfant de Clapiers, mais aussi conseiller g\u00e9n\u00e9ral et vice-pr\u00e9sident de la M\u00e9troppole. On notait aussi la pr\u00e9sence de Pierre Maurel, l\u2019ancien maire de Clapiers et Jacqueline Markovic conseill\u00e8re d\u00e9partementale, tous fondamentalement li\u00e9s \u00e0 cette valeur qui est \u00ab\u00a0une loi de paix, de concorde\u00a0\u00bb comme cela a pu \u00eatre dit lors des discours pr\u00e9c\u00e9dant la d\u00e9couverte de la fameuse fresque.<\/p>\n<p>Correspondante Midi Libre : 06 66 87 43 47<\/p>\n","protected":false},"excerpt":{"rendered":"Le 9 d\u00e9cembre, journ\u00e9e nationale de la la\u00efcit\u00e9 et des 120 ans de la loi de 1905, la&hellip;\n","protected":false},"author":2,"featured_media":600302,"comment_status":"","ping_status":"","sticky":false,"template":"","format":"standard","meta":{"footnotes":""},"categories":[9599],"tags":[1111,11,71294,1777,674,1011,27,7089,2208,12,2680,316,25],"class_list":{"0":"post-600301","1":"post","2":"type-post","3":"status-publish","4":"format-standard","5":"has-post-thumbnail","7":"category-montpellier","8":"tag-actu","9":"tag-actualites","10":"tag-clapiers","11":"tag-eu","12":"tag-europe","13":"tag-fr","14":"tag-france","15":"tag-herault","16":"tag-montpellier","17":"tag-news","18":"tag-occitanie","19":"tag-politique","20":"tag-republique-francaise"},"share_on_mastodon":{"url":"https:\/\/pubeurope.com\/@fr\/115722411375349686","error":""},"_links":{"self":[{"href":"https:\/\/www.europesays.com\/fr\/wp-json\/wp\/v2\/posts\/600301","targetHints":{"allow":["GET"]}}],"collection":[{"href":"https:\/\/www.europesays.com\/fr\/wp-json\/wp\/v2\/posts"}],"about":[{"href":"https:\/\/www.europesays.com\/fr\/wp-json\/wp\/v2\/types\/post"}],"author":[{"embeddable":true,"href":"https:\/\/www.europesays.com\/fr\/wp-json\/wp\/v2\/users\/2"}],"replies":[{"embeddable":true,"href":"https:\/\/www.europesays.com\/fr\/wp-json\/wp\/v2\/comments?post=600301"}],"version-history":[{"count":0,"href":"https:\/\/www.europesays.com\/fr\/wp-json\/wp\/v2\/posts\/600301\/revisions"}],"wp:featuredmedia":[{"embeddable":true,"href":"https:\/\/www.europesays.com\/fr\/wp-json\/wp\/v2\/media\/600302"}],"wp:attachment":[{"href":"https:\/\/www.europesays.com\/fr\/wp-json\/wp\/v2\/media?parent=600301"}],"wp:term":[{"taxonomy":"category","embeddable":true,"href":"https:\/\/www.europesays.com\/fr\/wp-json\/wp\/v2\/categories?post=600301"},{"taxonomy":"post_tag","embeddable":true,"href":"https:\/\/www.europesays.com\/fr\/wp-json\/wp\/v2\/tags?post=600301"}],"curies":[{"name":"wp","href":"https:\/\/api.w.org\/{rel}","templated":true}]}}