{"id":600303,"date":"2025-12-15T07:30:18","date_gmt":"2025-12-15T07:30:18","guid":{"rendered":"https:\/\/www.europesays.com\/fr\/600303\/"},"modified":"2025-12-15T07:30:18","modified_gmt":"2025-12-15T07:30:18","slug":"pour-lagglo-de-sete-le-fructueux-echange-poubelles-contre-biodechets-avec-la-metropole-de-montpellier","status":"publish","type":"post","link":"https:\/\/www.europesays.com\/fr\/600303\/","title":{"rendered":"Pour l\u2019Agglo de S\u00e8te, le fructueux \u00e9change poubelles contre biod\u00e9chets avec la M\u00e9tropole de Montpellier"},"content":{"rendered":"<p>\n                                                                Apr\u00e8s la validation de l\u2019ouverture d\u2019une enqu\u00eate publique par l\u2019Agglo de S\u00e8te, la M\u00e9tropole de Montpellier a vot\u00e9 le fait d\u2019envoyer \u00e0 l\u2019incin\u00e9rateur de l\u2019\u00cele singuli\u00e8re quelque 40\u00a0000 tonnes de d\u00e9chets par an.\n                            <\/p>\n<p>L\u2019enqu\u00eate publique, valid\u00e9e par<a href=\"https:\/\/www.midilibre.fr\/2025\/09\/30\/quand-lagglo-de-montpellier-envoie-ses-dechets-a-lincinerateur-de-celle-de-sete-12960224.php\" target=\"_self\" rel=\"noopener\"> l\u2019Agglo de S\u00e8te en septembre dernier<\/a>, est encore en cours. Mais l\u2019affaire est bien lanc\u00e9e puisque, dans sa session de d\u00e9but d\u00e9cembre, la <a href=\"https:\/\/www.midilibre.fr\/2025\/12\/10\/montpellier-va-incinerer-40-000-tonnes-de-ses-dechets-a-sete-a-compter-du-1er-mars-2026-13100676.php\" target=\"_self\" rel=\"noopener\">M\u00e9tropole de Montpellier a adopt\u00e9 la convention<\/a> de coop\u00e9ration sur les d\u00e9chets avec l\u2019institution supra communale du bassin de Thau. Quel en est le sujet\u00a0? La structure montpelli\u00e9raine va utiliser, d\u00e8s mars\u00a02026, l\u2019incin\u00e9rateur s\u00e9tois pour \u00e9liminer 40\u00a0000 tonnes de ses d\u00e9chets par an. En contrepartie, celle du bassin de Thau recevra 1,3 M\u20ac et enverra 4\u00a0000 tonnes de biod\u00e9chets \u00e0 l\u2019usine Am\u00e9tyst du Clapas.<\/p>\n<p>Un seul incin\u00e9rateur entre B\u00e9ziers et Montpellier<\/p>\n<p>\u00ab\u00a0C\u2019est l\u2019un des plus beaux projets que j\u2019ai pu piloter dans mes mandats, confie Laurence Magne, l\u2019ancienne d\u00e9l\u00e9gu\u00e9e aux d\u00e9chets de\u00a0l\u2019Agglo. On y travaille depuis plusieurs ann\u00e9es avec les Montpelli\u00e9rains. C\u2019est rare de voir un partenariat tr\u00e8s positif pour les deux collectivit\u00e9s.\u00a0\u00bb Avec \u00e0 la base, un constat simple\u00a0: entre B\u00e9ziers et Montpellier, il n\u2019y a qu\u2019un seul incin\u00e9rateur, c\u2019est celui de S\u00e8te. \u00ab\u00a0Et \u00e0 celui de Lunel, il y a eu un choix politique de r\u00e9duire les quantit\u00e9s de 120\u00a0000\u00a0\u00e0 90\u00a0000 tonnes\u00a0\u00bb, pr\u00e9cise-t-elle.<\/p>\n<p>Un choix strat\u00e9gique pour quatre ans<\/p>\n<p>Envoyant historiquement ses d\u00e9chets ailleurs, la M\u00e9tropole montpelli\u00e9raine a donc \u00e9t\u00e9 sensible au fait qu\u2019entre l\u2019ancien incin\u00e9rateur et le nouveau, l\u2019Agglo de S\u00e8te avait la capacit\u00e9 d\u2019absorber une partie de ses flux. Apr\u00e8s validation des services de l\u2019Etat, \u00ab\u00a0ils ont fait ce choix strat\u00e9gique pour les quatre ans \u00e0 venir, explique l\u2019\u00e9lue. Ils n\u2019auront pas l\u2019usine trop loin, cela leur fera des \u00e9conomies, et si on arrive \u00e0 pousser la logique jusqu\u2019au bout, ce serait super. Que les camions venant d\u00e9charger ici repartent avec nos biod\u00e9chets que l\u2019on n\u2019arrive pas \u00e0 \u00e9couler en grande quantit\u00e9.\u00a0\u00bb\u00a0La M\u00e9tropole de Montpellier a estim\u00e9, en effet, que cette op\u00e9ration lui permettra d\u2019\u00e9conomiser 4\u00a0M\u20ac par an. Pour information, ses camions envoyant les d\u00e9chets \u00e0 l\u2019enfouissement parcourent 800\u00a0000\u00a0km par an.<\/p>\n<p>Am\u00e9liorer la collecte des biod\u00e9chets\u00a0?<\/p>\n<p>Pour am\u00e9liorer la collecte des biod\u00e9chets autour du bassin de Thau car les dispositifs compost ne seraient pas des plus efficients, Laurence Magne, qui va quitter toute responsabilit\u00e9 apr\u00e8s le prochain scrutin municipal, imagine que les \u00ab\u00a0foyers soient dot\u00e9s de sacs sp\u00e9cifiques orange \u00e0 mettre dans les bacs gris, sacs qui seraient ensuite dirig\u00e9s dans la bonne direction gr\u00e2ce \u00e0 un lecteur optique au moment du d\u00e9chargement. Cela se fait ailleurs et cela marche tr\u00e8s bien\u00a0\u00bb, estime-t-elle. \u00c0 suivre.<\/p>\n<p>Plus d\u2019entr\u00e9es et donc plus de valorisation<\/p>\n<p>Reste que ce partenariat entre les deux collectivit\u00e9s aura aussi une grande incidence sur le fonctionnement des deux incin\u00e9rateurs. Avec ce surplus d\u2019activit\u00e9, les deux sites vont \u00eatre amen\u00e9s \u00e0 produire plus de vapeur \u2013 <a href=\"https:\/\/www.midilibre.fr\/2024\/10\/31\/la-modernisation-de-lincinerateur-de-sete-passe-par-un-chantier-titanesque-12286216.php\" target=\"_self\" rel=\"noopener\">ce qui int\u00e9resse en premier lieu Saipol<\/a> \u2013 et plus d\u2019\u00e9lectricit\u00e9 pour la distribution locale. \u00ab\u00a0C\u2019est gr\u00e2ce \u00e0 tous ces dispositifs que la taxe sur les ordures m\u00e9nag\u00e8res (la fameuse TEOM, NDLR) n\u2019a pas boug\u00e9 ces derni\u00e8res ann\u00e9es, glisse Laurence Magne. Ces taxes explosent ailleurs depuis cinq ans. Notre syst\u00e8me de valorisation permet de r\u00e9cup\u00e9rer des fonds pour r\u00e9gler les charges fixes d\u2019exploitation. Et les apports de Montpellier seront encore\u00a0vertueux en ce sens.\u00a0\u00bb\u00a0Bref pour r\u00e9sumer, c\u2019est poubelle la vie pour l\u2019Agglo de S\u00e8te.<\/p>\n","protected":false},"excerpt":{"rendered":"Apr\u00e8s la validation de l\u2019ouverture d\u2019une enqu\u00eate publique par l\u2019Agglo de S\u00e8te, la M\u00e9tropole de Montpellier a vot\u00e9&hellip;\n","protected":false},"author":2,"featured_media":600304,"comment_status":"","ping_status":"","sticky":false,"template":"","format":"standard","meta":{"footnotes":""},"categories":[9599],"tags":[1111,11,436,1777,674,1011,27,7089,2208,12,2680,25,14042],"class_list":{"0":"post-600303","1":"post","2":"type-post","3":"status-publish","4":"format-standard","5":"has-post-thumbnail","7":"category-montpellier","8":"tag-actu","9":"tag-actualites","10":"tag-environnement","11":"tag-eu","12":"tag-europe","13":"tag-fr","14":"tag-france","15":"tag-herault","16":"tag-montpellier","17":"tag-news","18":"tag-occitanie","19":"tag-republique-francaise","20":"tag-sete"},"share_on_mastodon":{"url":"https:\/\/pubeurope.com\/@fr\/115722415204868142","error":""},"_links":{"self":[{"href":"https:\/\/www.europesays.com\/fr\/wp-json\/wp\/v2\/posts\/600303","targetHints":{"allow":["GET"]}}],"collection":[{"href":"https:\/\/www.europesays.com\/fr\/wp-json\/wp\/v2\/posts"}],"about":[{"href":"https:\/\/www.europesays.com\/fr\/wp-json\/wp\/v2\/types\/post"}],"author":[{"embeddable":true,"href":"https:\/\/www.europesays.com\/fr\/wp-json\/wp\/v2\/users\/2"}],"replies":[{"embeddable":true,"href":"https:\/\/www.europesays.com\/fr\/wp-json\/wp\/v2\/comments?post=600303"}],"version-history":[{"count":0,"href":"https:\/\/www.europesays.com\/fr\/wp-json\/wp\/v2\/posts\/600303\/revisions"}],"wp:featuredmedia":[{"embeddable":true,"href":"https:\/\/www.europesays.com\/fr\/wp-json\/wp\/v2\/media\/600304"}],"wp:attachment":[{"href":"https:\/\/www.europesays.com\/fr\/wp-json\/wp\/v2\/media?parent=600303"}],"wp:term":[{"taxonomy":"category","embeddable":true,"href":"https:\/\/www.europesays.com\/fr\/wp-json\/wp\/v2\/categories?post=600303"},{"taxonomy":"post_tag","embeddable":true,"href":"https:\/\/www.europesays.com\/fr\/wp-json\/wp\/v2\/tags?post=600303"}],"curies":[{"name":"wp","href":"https:\/\/api.w.org\/{rel}","templated":true}]}}