{"id":600305,"date":"2025-12-15T07:32:13","date_gmt":"2025-12-15T07:32:13","guid":{"rendered":"https:\/\/www.europesays.com\/fr\/600305\/"},"modified":"2025-12-15T07:32:13","modified_gmt":"2025-12-15T07:32:13","slug":"melissa-mere-dun-jeune-enfant-se-sent-en-danger-pres-de-rouen","status":"publish","type":"post","link":"https:\/\/www.europesays.com\/fr\/600305\/","title":{"rendered":"Melissa, m\u00e8re d&rsquo;un jeune enfant, se sent en danger pr\u00e8s de Rouen"},"content":{"rendered":"<p>                    Par<br \/>\n        <strong><br \/>\n            <a href=\"https:\/\/actu.fr\/auteur\/adrien-filoche\" title=\"Consulter tous les articles de Adrien Filoche\" target=\"_blank\" rel=\"noopener\">Adrien Filoche<\/a><br \/>\n                    <\/strong><\/p>\n<p>        Publi\u00e9 le<\/p>\n<p>            15 d\u00e9c. 2025 \u00e0 8h14        <\/p>\n<p>\u00ab\u2009Nous sommes envahis par la <strong>moisissure<\/strong> et ce n\u2019est clairement pas rassurant pour moi et mon fils.\u2009\u00bb <strong>Melissa<\/strong>, m\u00e8re d\u2019un jeune enfant de 17 mois, a emm\u00e9nag\u00e9 en ao\u00fbt 2025 dans une r\u00e9sidence de la rue d\u2019Houppeville, sur la commune du <strong>Houlme (Seine-Maritime)<\/strong>, pr\u00e8s de <a href=\"https:\/\/actu.fr\/normandie\/rouen_76540\" target=\"_blank\" rel=\"noopener\">Rouen<\/a>. Probl\u00e8me\u2009: la VMC (Ventilation m\u00e9canique contr\u00f4l\u00e9e) de son appartement dysfonctionne. \u00ab\u2009On m\u2019a dit que cela serait r\u00e9par\u00e9 d\u2019ici deux ou trois semaines, mais aujourd\u2019hui, toujours rien\u2009\u00bb, s\u2019impatiente la locataire. Le 22\u00a0novembre dernier, Melissa a constat\u00e9 <strong>une infiltration d\u2019eau au niveau du plafond de sa salle de bain.<\/strong> Depuis la moisissure envahit petit \u00e0 petit son habitation et les contacts avec Log\u00e9o Seine, son bailleur, ne lui donne pas satisfaction.<\/p>\n<p>De l\u2019eau au niveau des gaines \u00e9lectriques<\/p>\n<p class=\" wall-content\">Le 25\u00a0novembre, une entreprise est intervenue chez elle pour son probl\u00e8me d\u2019infiltration. \u00ab\u2009Ils m\u2019ont dit qu\u2019il y avait de l\u2019eau partout, jusque dans les gaines \u00e9lectriques\u2009\u00bb, soutient la locataire.<\/p>\n<p class=\" wall-content\">Chez elle,<strong> les murs sont humides et froids.<\/strong> De la condensation se forme sur les fen\u00eatres. Mais le plus probl\u00e9matique, c\u2019est l\u2019arriv\u00e9e<strong> de tra\u00een\u00e9es de moisissures sur ses murs.<\/strong><\/p>\n<p>    <img   decoding=\"async\" loading=\"lazy\" src=\"https:\/\/www.europesays.com\/fr\/wp-content\/uploads\/2025\/12\/moisissure-le-houlme-960x640.jpg\" alt=\"La moisissure a envahi plusieurs pi\u00e8ces de sa maison : salle de bain, placard du compteur \u00e9lectrique, chambre de son fils, salon, etc.\" width=\"960\" height=\"640\"\/><br \/>\n    La moisissure a envahi plusieurs pi\u00e8ces de sa maison\u2009: salle de bain, placard du compteur \u00e9lectrique, chambre de son fils, salon, etc. (\u00a9AF\/76actu)<\/p>\n<p class=\" wall-content\">\u00ab\u2009Il y en a dans la salle de bain, au niveau de l\u2019infiltration, dans le salon, sur le mur du placard de la chambre de mon fils, mais \u00e9galement<strong> au niveau du compteur \u00e9lectrique<\/strong>\u2009\u00bb, s\u2019alarme la jeune maman. Et d\u2019ajouter\u2009: \u00ab\u2009On se sent en danger. Ce n\u2019est pas normal.\u2009\u00bb<\/p>\n<blockquote class=\"ac-article-quote wall-content\">\n<p>Je veux bien a\u00e9rer pour la condensation et l\u2019humidit\u00e9, mais en hiver, ce n\u2019est pas vraiment la solution.<\/p>\n<p>    <strong>M\u00e9lissa<\/strong><br \/>\n        la locataire    <\/p><\/blockquote>\n<p class=\" wall-content\">Face \u00e0 cette situation, Melissa <strong>a pris contact \u00e0 plusieurs reprises avec son bailleur<\/strong>, Log\u00e9o Seine. \u00ab\u2009On me balade. La situation n\u2019a pas l\u2019air de les inqui\u00e9ter. On n\u2019a re\u00e7u aucune visite. Soit on ne me r\u00e9pond pas, soit on me dit qu\u2019on va me rappeler, mais on ne me rappelle pas\u2009\u00bb, s\u2019agace-t-elle.<\/p>\n<p>Votre r\u00e9gion, votre actu !<\/p>\n<p>Recevez chaque jour les infos qui comptent pour vous.<\/p>\n<p>\t<a href=\"https:\/\/actu.fr\/newsletter\" class=\"ac-btn ac-btn--corner ac-btn--medium ac-btn--blue800\" target=\"_blank\" rel=\"noopener\">S&rsquo;incrire<\/a><br \/>\nDes voisins sont victimes du m\u00eame probl\u00e8me<\/p>\n<p class=\" wall-content\">Pour \u00ab\u2009faire bouger les choses\u2009\u00bb, M\u00e9lissa a mis un mot dans l\u2019immeuble pour signaler ce qu\u2019elle traverse. \u00ab\u2009J\u2019ai eu six voisins qui m\u2019ont dit qu\u2019ils avaient aussi des probl\u00e8mes de condensation ou de moisissures\u2009\u00bb, souligne la locataire.<\/p>\n<p class=\" wall-content\">Apr\u00e8s avoir discut\u00e9 avec un habitant qui vit au premier \u00e9tage, \u00ab\u2009j\u2019ai appris qu\u2019il y avait d\u00e9j\u00e0 eu des probl\u00e8mes d\u2019humidit\u00e9 et de moisissures dans le logement les ann\u00e9es pr\u00e9c\u00e9dentes\u2009\u00bb. Une situation anormale, d\u2019autant plus dans une r\u00e9sidence qui a moins de 10\u00a0ans.<\/p>\n<p class=\" wall-content\">M\u00e9lissa est d\u00e9termin\u00e9e \u00e0 ne pas se laisser faire. Le 8\u00a0d\u00e9cembre, une employ\u00e9e de la mairie est pass\u00e9e chez elle afin de constater la situation et <strong>monter un dossier afin de faire reconna\u00eetre le logement comme insalubre.<\/strong> Aujourd\u2019hui, la jeune femme qui ne se sent plus en s\u00e9curit\u00e9, souhaite quitter son appartement\u2009: \u00ab\u2009On paye quand m\u00eame 730 euros par mois. Ce n\u2019est pas normal. Je suis rest\u00e9 quatre mois, \u00e7a m\u2019a suffi\u2009\u00bb.<\/p>\n<p>La r\u00e9ponse du bailleur<\/p>\n<p class=\" wall-content\">Contact\u00e9 par 76actu, Log\u00e9o Seine confirme qu\u2019un probl\u00e8me de VMC touche l\u2019ensemble de la r\u00e9sidence et indique : \u00ab\u00a0L\u2019intervention initialement pr\u00e9vue mardi 16 d\u00e9cembre a pu \u00eatre r\u00e9alis\u00e9e avec succ\u00e8s ce vendredi 12 d\u00e9cembre. Par la suite, tous les travaux n\u00e9cessaires \u00e0 la remise en bon \u00e9tat des logements seront pris en charge par Logeo Seine\u00a0\u00bb.<\/p>\n<blockquote class=\"ac-article-quote wall-content\">\n<p> Nous avons parfaitement conscience que la qualit\u00e9 de service n&rsquo;est pas au niveau attendu des habitants. Logeo Seine a pu exprimer \u00e0 plusieurs reprises son m\u00e9contentement aupr\u00e8s de ses prestataires de services charg\u00e9s de ce dossier. <\/p>\n<p>    <strong>Log\u00e9o Seine<\/strong><br \/>\n        le bailleur    <\/p><\/blockquote>\n<p class=\" wall-content\">Concernant le retard pris, Log\u00e9o Seine souligne que \u00ab\u00a0le chantier de remplacement du syst\u00e8me de ventilation de l\u2019immeuble a rencontr\u00e9 une succession d\u2019al\u00e9as (retard de livraison des pi\u00e8ces, difficult\u00e9s d\u2019acc\u00e8s, travaux compl\u00e9mentaires\u2026) qui n\u2019a pas permis de r\u00e9tablir le bon fonctionnement dans le d\u00e9lai attendu\u00a0\u00bb.<\/p>\n<p class=\" wall-content\">Reste \u00e0 voir si l\u2019intervention du 12 d\u00e9cembre permettra un retour \u00e0 la normale sur la dur\u00e9e. De son c\u00f4t\u00e9, Melissa, bien d\u00e9cid\u00e9 \u00e0 quitter son logement, a d\u00e9j\u00e0 constat\u00e9 les d\u00e9g\u00e2ts\u2009: \u00ab\u2009J\u2019ai des meubles qui sont neufs et qui commencent d\u00e9j\u00e0 \u00e0 se d\u00e9t\u00e9riorer. Et en attendant, on vit avec la moisissure\u2009\u00bb.<\/p>\n<p>Suivez l\u2019actualit\u00e9 de Rouen sur <a href=\"https:\/\/www.whatsapp.com\/channel\/0029VaKfnf99hXF2ddApFB1D\" target=\"_blank\" rel=\"noopener\">notre cha\u00eene WhatsApp<\/a> et sur <a href=\"https:\/\/www.tiktok.com\/@76actu.fr?lang=fr\" target=\"_blank\" rel=\"noopener\">notre compte TikTok<\/a><\/p>\n<p class=\" wall-content\">Personnalisez votre actualit\u00e9 en ajoutant vos villes et m\u00e9dias en favori avec <a href=\"https:\/\/moncompte.actu.fr\" title=\"D\u00e9couvez Mon Actu\" rel=\"nofollow noopener\" data-trk=\"{&quot;cta&quot;:{&quot;action&quot;:&quot;https:\\\/\\\/moncompte.actu.fr&quot;,&quot;category&quot;:&quot;mon compte&quot;,&quot;from&quot;:&quot;article footer&quot;,&quot;name&quot;:&quot;Mon actu&quot;,&quot;type&quot;:&quot;cta&quot;}}\" target=\"_blank\">Mon Actu<\/a>.<\/p>\n<p>                    <script async src=\"\/\/www.tiktok.com\/embed.js\"><\/script><\/p>\n","protected":false},"excerpt":{"rendered":"Par Adrien Filoche Publi\u00e9 le 15 d\u00e9c. 2025 \u00e0 8h14 \u00ab\u2009Nous sommes envahis par la moisissure et ce&hellip;\n","protected":false},"author":2,"featured_media":600306,"comment_status":"","ping_status":"","sticky":false,"template":"","format":"standard","meta":{"footnotes":""},"categories":[9587],"tags":[1111,11,1777,674,1011,27,1908,12,5161,25,9590,104,240],"class_list":{"0":"post-600305","1":"post","2":"type-post","3":"status-publish","4":"format-standard","5":"has-post-thumbnail","7":"category-rouen","8":"tag-actu","9":"tag-actualites","10":"tag-eu","11":"tag-europe","12":"tag-fr","13":"tag-france","14":"tag-logement","15":"tag-news","16":"tag-normandie","17":"tag-republique-francaise","18":"tag-rouen","19":"tag-societe","20":"tag-temoignage"},"share_on_mastodon":{"url":"https:\/\/pubeurope.com\/@fr\/115722423903302242","error":""},"_links":{"self":[{"href":"https:\/\/www.europesays.com\/fr\/wp-json\/wp\/v2\/posts\/600305","targetHints":{"allow":["GET"]}}],"collection":[{"href":"https:\/\/www.europesays.com\/fr\/wp-json\/wp\/v2\/posts"}],"about":[{"href":"https:\/\/www.europesays.com\/fr\/wp-json\/wp\/v2\/types\/post"}],"author":[{"embeddable":true,"href":"https:\/\/www.europesays.com\/fr\/wp-json\/wp\/v2\/users\/2"}],"replies":[{"embeddable":true,"href":"https:\/\/www.europesays.com\/fr\/wp-json\/wp\/v2\/comments?post=600305"}],"version-history":[{"count":0,"href":"https:\/\/www.europesays.com\/fr\/wp-json\/wp\/v2\/posts\/600305\/revisions"}],"wp:featuredmedia":[{"embeddable":true,"href":"https:\/\/www.europesays.com\/fr\/wp-json\/wp\/v2\/media\/600306"}],"wp:attachment":[{"href":"https:\/\/www.europesays.com\/fr\/wp-json\/wp\/v2\/media?parent=600305"}],"wp:term":[{"taxonomy":"category","embeddable":true,"href":"https:\/\/www.europesays.com\/fr\/wp-json\/wp\/v2\/categories?post=600305"},{"taxonomy":"post_tag","embeddable":true,"href":"https:\/\/www.europesays.com\/fr\/wp-json\/wp\/v2\/tags?post=600305"}],"curies":[{"name":"wp","href":"https:\/\/api.w.org\/{rel}","templated":true}]}}