{"id":600314,"date":"2025-12-15T07:40:18","date_gmt":"2025-12-15T07:40:18","guid":{"rendered":"https:\/\/www.europesays.com\/fr\/600314\/"},"modified":"2025-12-15T07:40:18","modified_gmt":"2025-12-15T07:40:18","slug":"courrier-des-lecteurs-la-magie-de-noel-a-tout-prix-un-motard-accidente-remercie-ses-sauveurs-cest-vous-qui-le-dites","status":"publish","type":"post","link":"https:\/\/www.europesays.com\/fr\/600314\/","title":{"rendered":"Courrier des lecteurs. La magie de No\u00ebl \u00e0 tout prix, un motard accident\u00e9 remercie ses \u00ab\u00a0sauveurs\u00a0\u00bb&#8230; c&rsquo;est vous qui le dites"},"content":{"rendered":"<p><strong>Philippe Colet, Strasbourg\u00a0:<\/strong><\/p>\n<p>\u00ab\u00a0Je tiens \u00e0 remercier les quatre personnes, deux hommes et deux femmes, qui ne se connaissaient pas et ont pr\u00eat\u00e9 assistance \u00e0 un motard accident\u00e9, jeudi 6\u00a0novembre \u00e0 l\u2019embranchement vers le Wacken pr\u00e8s du march\u00e9 gare de Cronenbourg.<\/p>\n<p>Le motard, c\u2019est moi et je ne me rappelle de rien \u2013 j\u2019ai repris conscience aux urgences \u00e0 Hautepierre en me demandant ce que je faisais l\u00e0 \u2013 l\u2019ami motard qui \u00e9tait devant moi, m\u2019a dit que ces quatre personnes qui se sont arr\u00eat\u00e9es ont \u00e9t\u00e9 formidables.<\/p>\n<p>Elles ont plac\u00e9 une voiture pour s\u00e9curiser la zone et sont rest\u00e9es jusqu\u2019\u00e0 l\u2019arriv\u00e9e de la police et de l\u2019ambulance. Je ne vous connais pas et ne me rappelle de rien, mais je ne vous oublierai pas.<\/p>\n<p>J\u2019esp\u00e8re que vous aurez connaissance de ce petit mot qui t\u00e9moigne de toute ma reconnaissance et de vos magnifiques qualit\u00e9s.<\/p>\n<p>Merci aussi, bien s\u00fbr, aux pompiers et au secouriste qui m\u2019a parl\u00e9 dans l\u2019ambulance, m\u00eame si je disais n\u2019importe quoi, et aux services, scanner, radio (qui se sont r\u00e9v\u00e9l\u00e9s rassurants) de Hautepierre ce soir-l\u00e0.\u00a0\u00bb<\/p>\n<p><strong>Mobilisation g\u00e9n\u00e9rale\u00a0: le march\u00e9 de No\u00ebl en vue<\/strong><\/p>\n<p><strong>Marie-Antoinette Meyer, Strasbourg\u00a0:<\/strong><\/p>\n<p>\u00ab\u00a07\u00a0h jeudi 13\u00a0novembre, les machines jaunes et bruyantes se sont mises en branle aux aurores. Il s\u2019agit d\u2019activer au plus vite le rebouchage des trous, bitumer, peindre en blanc le goudron \u00e0 peine sec, ranger les barri\u00e8res place des Halles, place d\u2019Austerlitz, panser les plaies au plus vite pour faire place nette aux camions qui d\u00e9poseront des chalets, aux cars qui achemineront les hordes de touristes.<\/p>\n<p>Place aux jeux, au grand barnum de No\u00ebl. Malheureux Strasbourgeois que nous sommes, il nous faudra faire bonne figure. Nous habitons <a href=\"https:\/\/www.dna.fr\/d\/marche-de-noel-de-strasbourg-2d5b077a-71b9-45ee-a451-f9f5e5836c19\" target=\"_blank\" rel=\"noopener\">la capitale de No\u00ebl<\/a> , que diable. Alors attention aux feuilles non ramass\u00e9es, aux v\u00e9los non \u00e9clair\u00e9s, aux embouteillages tellement pr\u00e9visibles. Place \u00e0 la magie de No\u00ebl\u00a0!\u00a0\u00bb<\/p>\n<p>  Je ne comprends pas, j\u2019aimerais qu\u2019on m\u2019explique\u2026<\/p>\n<p><strong>Nadine Muller, habitante de la Krutenau \u00e0 Strasbourg\u00a0:<\/strong><\/p>\n<p>\u00ab\u00a0Pourquoi les stations \u201cBroglie\u201d \u201cAlt Winm\u00e4rik\u201d et \u201cLangstross\u201d <a href=\"https:\/\/www.dna.fr\/economie\/2025\/11\/24\/securite-du-marche-de-noel-voici-le-dispositif-de-l-edition-2025\" target=\"_blank\" rel=\"noopener\"> sont ferm\u00e9es<\/a> et que toute la foule se retrouve concentr\u00e9e (ou plut\u00f4t parqu\u00e9e, avec des barri\u00e8res) place de l\u2019Homme de Fer\u00a0?<\/p>\n<p>Pourquoi la place des Halles est desservie par les trams mais plus par le bus C6\u00a0?<\/p>\n<p>Pourquoi la ligne 10 est coup\u00e9e en deux et ne dessert plus les stations entre le pont Saint-Nicolas et la Gallia\u00a0?<\/p>\n<p>Comment doit faire une personne qui vient \u00e0 Strasbourg pour passer les f\u00eates en famille, arrive \u00e0 la gare et doit se rendre rue des Orphelins\u00a0?<\/p>\n<p>Elle devra \u00eatre cherch\u00e9e en voiture\u00a0\u00a0!<\/p>\n<p>\u00c0 Strasbourg, on oublie trop souvent que tous les habitants ne sont pas des cyclistes, et les pi\u00e9tons, pas forc\u00e9ment de bons marcheurs\u00a0!\u00a0\u00bb<\/p>\n","protected":false},"excerpt":{"rendered":"Philippe Colet, Strasbourg\u00a0: \u00ab\u00a0Je tiens \u00e0 remercier les quatre personnes, deux hommes et deux femmes, qui ne se&hellip;\n","protected":false},"author":2,"featured_media":600315,"comment_status":"","ping_status":"","sticky":false,"template":"","format":"standard","meta":{"footnotes":""},"categories":[2820],"tags":[1111,11,4406,130,1687,33,2880,1777,674,1011,27,775,12,25,104,640,2879,602],"class_list":{"0":"post-600314","1":"post","2":"type-post","3":"status-publish","4":"format-standard","5":"has-post-thumbnail","7":"category-strasbourg","8":"tag-actu","9":"tag-actualites","10":"tag-commerce-et-services","11":"tag-consommation","12":"tag-culture-loisirs","13":"tag-economie","14":"tag-edition-strasbourg","15":"tag-eu","16":"tag-europe","17":"tag-fr","18":"tag-france","19":"tag-grand-est","20":"tag-news","21":"tag-republique-francaise","22":"tag-societe","23":"tag-strasbourg","24":"tag-strasbourg-ville","25":"tag-tourisme"},"share_on_mastodon":{"url":"https:\/\/pubeurope.com\/@fr\/115722454655214568","error":""},"_links":{"self":[{"href":"https:\/\/www.europesays.com\/fr\/wp-json\/wp\/v2\/posts\/600314","targetHints":{"allow":["GET"]}}],"collection":[{"href":"https:\/\/www.europesays.com\/fr\/wp-json\/wp\/v2\/posts"}],"about":[{"href":"https:\/\/www.europesays.com\/fr\/wp-json\/wp\/v2\/types\/post"}],"author":[{"embeddable":true,"href":"https:\/\/www.europesays.com\/fr\/wp-json\/wp\/v2\/users\/2"}],"replies":[{"embeddable":true,"href":"https:\/\/www.europesays.com\/fr\/wp-json\/wp\/v2\/comments?post=600314"}],"version-history":[{"count":0,"href":"https:\/\/www.europesays.com\/fr\/wp-json\/wp\/v2\/posts\/600314\/revisions"}],"wp:featuredmedia":[{"embeddable":true,"href":"https:\/\/www.europesays.com\/fr\/wp-json\/wp\/v2\/media\/600315"}],"wp:attachment":[{"href":"https:\/\/www.europesays.com\/fr\/wp-json\/wp\/v2\/media?parent=600314"}],"wp:term":[{"taxonomy":"category","embeddable":true,"href":"https:\/\/www.europesays.com\/fr\/wp-json\/wp\/v2\/categories?post=600314"},{"taxonomy":"post_tag","embeddable":true,"href":"https:\/\/www.europesays.com\/fr\/wp-json\/wp\/v2\/tags?post=600314"}],"curies":[{"name":"wp","href":"https:\/\/api.w.org\/{rel}","templated":true}]}}