{"id":600320,"date":"2025-12-15T07:44:13","date_gmt":"2025-12-15T07:44:13","guid":{"rendered":"https:\/\/www.europesays.com\/fr\/600320\/"},"modified":"2025-12-15T07:44:13","modified_gmt":"2025-12-15T07:44:13","slug":"une-voiture-a-failli-tomber-dans-la-loire-un-homme-en-fuite-et-un-blesse","status":"publish","type":"post","link":"https:\/\/www.europesays.com\/fr\/600320\/","title":{"rendered":"une voiture a failli tomber dans la Loire, un homme en fuite et un bless\u00e9"},"content":{"rendered":"<p>                    Par<br \/>\n        <strong><br \/>\n            <a href=\"https:\/\/actu.fr\/auteur\/gwendal-lepriellec\" title=\"Consulter tous les articles de Gwendal Le Priellec\" target=\"_blank\" rel=\"noopener\">Gwendal Le Priellec<\/a><br \/>\n                    <\/strong><\/p>\n<p>        Publi\u00e9 le<\/p>\n<p>            15 d\u00e9c. 2025 \u00e0 8h37        <\/p>\n<p>Un <b>accident <\/b>s\u2019est produit \u00e0 <b>Rez\u00e9 <\/b>(Loire-Atlantique), sur le quai L\u00e9on S\u00e9cher, en <b>bordure de Loire<\/b>, ce lundi 15\u00a0d\u00e9cembre 2025 vers 1\u2009h du matin.<\/p>\n<p>Accident pr\u00e8s de Nantes\u2009: un homme en fuite et un bless\u00e9<\/p>\n<p class=\" wall-content\">Une <b>seule voiture<\/b> est en cause dans cet accident. Elle a <b>tap\u00e9 <\/b>contre du mobilier urbain (un garde-corps), et s\u2019est retrouv\u00e9e en <b>\u00e9quilibre sur le quai<\/b>, mena\u00e7ant ainsi de <b>tomber dans la Loire<\/b>.<\/p>\n<p class=\" wall-content\">Un <b>jeune <\/b>homme de 18\u00a0ans a \u00e9t\u00e9 l\u00e9g\u00e8rement <b>bless\u00e9 <\/b>dans l\u2019accident, ayant eu sa jambe coinc\u00e9e Il a \u00e9t\u00e9 transport\u00e9 au <b>CHU <\/b>(Centre hospitalier universitaire) de <b>Nantes<\/b>. Une autre personne a <b>pris la fuite<\/b> avant l\u2019arriv\u00e9e des secours.<\/p>\n<p class=\" wall-content\">Des secours qui avaient mobilis\u00e9 une ambulance, un engin de balisage et un v\u00e9hicule de commandement. La <b>gendarmerie <\/b>et la <b>police <\/b>\u00e9taient \u00e9galement pr\u00e9sents sur place.<\/p>\n<p class=\" wall-content\">Personnalisez votre actualit\u00e9 en ajoutant vos villes et m\u00e9dias en favori avec <a href=\"https:\/\/moncompte.actu.fr\" title=\"D\u00e9couvez Mon Actu\" rel=\"nofollow noopener\" data-trk=\"{&quot;cta&quot;:{&quot;action&quot;:&quot;https:\\\/\\\/moncompte.actu.fr&quot;,&quot;category&quot;:&quot;mon compte&quot;,&quot;from&quot;:&quot;article footer&quot;,&quot;name&quot;:&quot;Mon actu&quot;,&quot;type&quot;:&quot;cta&quot;}}\" target=\"_blank\">Mon Actu<\/a>.<\/p>\n","protected":false},"excerpt":{"rendered":"Par Gwendal Le Priellec Publi\u00e9 le 15 d\u00e9c. 2025 \u00e0 8h37 Un accident s\u2019est produit \u00e0 Rez\u00e9 (Loire-Atlantique),&hellip;\n","protected":false},"author":2,"featured_media":600321,"comment_status":"","ping_status":"","sticky":false,"template":"","format":"standard","meta":{"footnotes":""},"categories":[2818],"tags":[119,1111,11,1777,674,118,1011,27,3381,766,12,2636,1311,25],"class_list":{"0":"post-600320","1":"post","2":"type-post","3":"status-publish","4":"format-standard","5":"has-post-thumbnail","7":"category-nantes","8":"tag-accident","9":"tag-actu","10":"tag-actualites","11":"tag-eu","12":"tag-europe","13":"tag-faits-divers","14":"tag-fr","15":"tag-france","16":"tag-gendarmerie","17":"tag-nantes","18":"tag-news","19":"tag-pays-de-la-loire","20":"tag-pompiers","21":"tag-republique-francaise"},"share_on_mastodon":{"url":"https:\/\/pubeurope.com\/@fr\/115722470343091655","error":""},"_links":{"self":[{"href":"https:\/\/www.europesays.com\/fr\/wp-json\/wp\/v2\/posts\/600320","targetHints":{"allow":["GET"]}}],"collection":[{"href":"https:\/\/www.europesays.com\/fr\/wp-json\/wp\/v2\/posts"}],"about":[{"href":"https:\/\/www.europesays.com\/fr\/wp-json\/wp\/v2\/types\/post"}],"author":[{"embeddable":true,"href":"https:\/\/www.europesays.com\/fr\/wp-json\/wp\/v2\/users\/2"}],"replies":[{"embeddable":true,"href":"https:\/\/www.europesays.com\/fr\/wp-json\/wp\/v2\/comments?post=600320"}],"version-history":[{"count":0,"href":"https:\/\/www.europesays.com\/fr\/wp-json\/wp\/v2\/posts\/600320\/revisions"}],"wp:featuredmedia":[{"embeddable":true,"href":"https:\/\/www.europesays.com\/fr\/wp-json\/wp\/v2\/media\/600321"}],"wp:attachment":[{"href":"https:\/\/www.europesays.com\/fr\/wp-json\/wp\/v2\/media?parent=600320"}],"wp:term":[{"taxonomy":"category","embeddable":true,"href":"https:\/\/www.europesays.com\/fr\/wp-json\/wp\/v2\/categories?post=600320"},{"taxonomy":"post_tag","embeddable":true,"href":"https:\/\/www.europesays.com\/fr\/wp-json\/wp\/v2\/tags?post=600320"}],"curies":[{"name":"wp","href":"https:\/\/api.w.org\/{rel}","templated":true}]}}