{"id":600330,"date":"2025-12-15T07:52:16","date_gmt":"2025-12-15T07:52:16","guid":{"rendered":"https:\/\/www.europesays.com\/fr\/600330\/"},"modified":"2025-12-15T07:52:16","modified_gmt":"2025-12-15T07:52:16","slug":"direct-autour-de-toulouse-plusieurs-autoroutes-et-grands-axes-coupes-bouchons-monstres-les-blocages-en-cours","status":"publish","type":"post","link":"https:\/\/www.europesays.com\/fr\/600330\/","title":{"rendered":"Direct. Autour de Toulouse. Plusieurs autoroutes et grands axes coup\u00e9s, bouchons monstres : les blocages en cours"},"content":{"rendered":"<p>                    Par<br \/>\n        <strong><br \/>\n            <a href=\"https:\/\/actu.fr\/auteur\/guillaume-laurens\" title=\"Consulter tous les articles de Guillaume Laurens\" target=\"_blank\" rel=\"noopener\">Guillaume Laurens<\/a><br \/>\n                    <\/strong><\/p>\n<p>        Publi\u00e9 le<\/p>\n<p>            15 d\u00e9c. 2025 \u00e0 7h58<br \/>\n        ; mis \u00e0 jour le 15 d\u00e9c. 2025 \u00e0 8h12    <\/p>\n<p>Sans surprise, la situation est chaotique ce lundi 15 d\u00e9cembre 2025 sur les <strong>autoroutes<\/strong> et grands axes autour de Toulouse, en raison des <a href=\"https:\/\/actu.fr\/societe\/direct-4e-jour-de-blocage-en-occitanie-voici-les-secteurs-occupes-par-les-agriculteurs-ce-dimanche_63574103.html\" target=\"_blank\" rel=\"noopener\">mobilisations d\u2019agriculteurs <\/a>contre les abattages massifs de bovins face \u00e0 la Dermatose nodulaire contagieuse (DNC). \u00c0 cela s\u2019ajoutent un <strong>accident<\/strong> et des <strong>difficult\u00e9s habituelles<\/strong> \u00e0 l\u2019heure de pointe sur la route du travail. Le point.<\/p>\n<p>8h08. D\u2019autres difficult\u00e9s sur le p\u00e9riph\u00e9rique<\/p>\n<p class=\" wall-content\">Ailleurs autour de Toulouse, d\u2019autres difficult\u00e9s sont signal\u00e9es :<\/p>\n<ul class=\" wall-content\">\n<li><strong>P\u00e9riph\u00e9rique sud<\/strong> (A620) : 10 km de bouchons<\/li>\n<li><strong>P\u00e9riph\u00e9rique nord<\/strong> (A62) : 5 km de bouchons<\/li>\n<li><strong>A64<\/strong> : 8 km de bouchons entre Muret et Toulouse<\/li>\n<li><strong>A624<\/strong> : 3 km de bouchons \u00e0 l\u2019ouest de Toulouse<\/li>\n<\/ul>\n<p>8h00. Accident sur le p\u00e9riph\u00e9rique est<\/p>\n<p class=\" wall-content\">Outre ces manifestations d\u2019agriculteurs, des difficult\u00e9s plus classiques sont signal\u00e9es sur les routes toulousaines, notamment sur le p\u00e9riph\u00e9rique, o\u00f9 <strong>un accident<\/strong> a \u00e9t\u00e9 signal\u00e9 \u00e0 8 heures \u00e0 hauteur de <strong>La Roseraie.<\/strong> Il impacte la voie de droite et la bande d\u2019arr\u00eat d\u2019urgence. R\u00e9sultat : Vinci Autoroutes recense d\u00e9j\u00e0 8 km de bouchons sur le p\u00e9riph\u00e9rique \u00e0 hauteur de Balma, et les embouteillages remontent jusque sur l\u2019A68 (environ 3 km).<\/p>\n<p>7h55. Quatre principaux points de blocage autour de Toulouse<\/p>\n<p class=\" wall-content\">Autour de Toulouse, quatre principaux points de blocage sont recens\u00e9s par Bison Fut\u00e9 en Haute-Garonne et dans les d\u00e9partements limitrophes.<\/p>\n<p>Vid\u00e9os : en ce moment sur Actu<\/p>\n<ul class=\" wall-content\">\n<li><strong>A64<\/strong> : autoroute entre Bayonne et Toulouse ferm\u00e9e dans les deux sens entre Lafitte-Vigordane et Carbonne (Haute-Garonne)<\/li>\n<li><strong>RN22<\/strong> : route entre le Pas-de-la-Case et Toulouse ferm\u00e9e dans les deux sens \u00e0 L\u2019Hospitalet-pr\u00e8s-l\u2019Andorre (Ari\u00e8ge)<\/li>\n<li><strong>RN88<\/strong> : route \u00e0 2X2 voies ferm\u00e9es entre Albi et Toulouse dans les deux sens au S\u00e9questre (Tarn)<\/li>\n<li><strong>N21<\/strong> : route ferm\u00e9e \u00e0 Louey dans le sens Lourdes-Agen\u00a0<\/li>\n<\/ul>\n<p><strong>A64. L\u2019autoroute coup\u00e9e \u00e0 Carbonne, 180 km impraticables<\/strong><\/p>\n<p class=\" wall-content\">C\u2019est l\u2019\u00e9picentre de la contestation agricole depuis vendredi : plusieurs manifestations d\u2019agriculteurs paralysent toujours <strong>l\u2019A64, <\/strong>qui est quasiment impraticable sur 180 km entre Bayonne et Toulouse.<\/p>\n<p>Votre r\u00e9gion, votre actu !<\/p>\n<p>Recevez chaque jour les infos qui comptent pour vous.<\/p>\n<p>\t<a href=\"https:\/\/actu.fr\/newsletter\" class=\"ac-btn ac-btn--corner ac-btn--medium ac-btn--blue800\" target=\"_blank\" rel=\"noopener\">S&rsquo;incrire<\/a><\/p>\n<p class=\" wall-content\">Hors r\u00e9seau Vinci Autoroutes, la coupure initiale de l\u2019A64 est donc toujours install\u00e9e pour une dur\u00e9e ind\u00e9termin\u00e9e \u00e0 hauteur de Carbonne, compliquant les itin\u00e9raires alternatifs pour rejoindre Toulouse.<\/p>\n<p class=\" wall-content\">Plus au sud, plusi<strong>eurs portions de l\u2019autoroute<\/strong> sont totalement coup\u00e9es\u202f: \u00e0 l\u2019est de Bayonne au PK 16 pr\u00e8s d\u2019Urt et au PK 103 (Lescar) pr\u00e8s de Pau, ce qui signifie que la circulation est interrompue dans les deux sens sur ces points strat\u00e9giques.<\/p>\n<p class=\" wall-content\">\u00c0 ces coupures s\u2019ajoutent des fermetures d\u2019\u00e9changeurs en cascade\u202f: Urt (n\u00b04), Peyrehorade (n\u00b06), Salies-de-B\u00e9arn (n\u00b07), Orthez (n\u00b08), Artix (n\u00b09), Lescar (n\u00b09.1), Pau (n\u00b010), Soumoulou (n\u00b011), Tarbes Ouest (n\u00b012), Tarbes Est (n\u00b013), Tournay (n\u00b014), Capvern (n\u00b015) et Lannemezan (n\u00b016). Certaines zones ont vu des actions spectaculaires, comme le d\u00e9versement de fumier \u00e0 Pau et la pr\u00e9sence de dizaines de tracteurs.<\/p>\n<p class=\" wall-content\">\u00ab\u00a0Ces restrictions resteront en vigueur tant que les blocages persistent\u00a0\u00bb, annonce Vinci Autoroutes. Les usagers sont invit\u00e9s \u00e0 anticiper leurs d\u00e9placements et \u00e0 consulter les mises \u00e0 jour en temps r\u00e9el sur <a href=\"https:\/\/www.bison-fute.gouv.fr\/toulouse,10265.html\" target=\"_blank\" rel=\"noopener\">Bison Fut\u00e9.<\/a><\/p>\n<p class=\" wall-content\">Personnalisez votre actualit\u00e9 en ajoutant vos villes et m\u00e9dias en favori avec <a href=\"https:\/\/moncompte.actu.fr\" title=\"D\u00e9couvez Mon Actu\" rel=\"nofollow noopener\" data-trk=\"{&quot;cta&quot;:{&quot;action&quot;:&quot;https:\\\/\\\/moncompte.actu.fr&quot;,&quot;category&quot;:&quot;mon compte&quot;,&quot;from&quot;:&quot;article footer&quot;,&quot;name&quot;:&quot;Mon actu&quot;,&quot;type&quot;:&quot;cta&quot;}}\" target=\"_blank\">Mon Actu<\/a>.<\/p>\n","protected":false},"excerpt":{"rendered":"Par Guillaume Laurens Publi\u00e9 le 15 d\u00e9c. 2025 \u00e0 7h58 ; mis \u00e0 jour le 15 d\u00e9c. 2025&hellip;\n","protected":false},"author":2,"featured_media":600331,"comment_status":"","ping_status":"","sticky":false,"template":"","format":"standard","meta":{"footnotes":""},"categories":[2816],"tags":[1111,11,327,1777,674,1011,27,1272,12,2680,25,104,2312],"class_list":{"0":"post-600330","1":"post","2":"type-post","3":"status-publish","4":"format-standard","5":"has-post-thumbnail","7":"category-toulouse","8":"tag-actu","9":"tag-actualites","10":"tag-agriculture","11":"tag-eu","12":"tag-europe","13":"tag-fr","14":"tag-france","15":"tag-manifestations","16":"tag-news","17":"tag-occitanie","18":"tag-republique-francaise","19":"tag-societe","20":"tag-toulouse"},"share_on_mastodon":{"url":"","error":""},"_links":{"self":[{"href":"https:\/\/www.europesays.com\/fr\/wp-json\/wp\/v2\/posts\/600330","targetHints":{"allow":["GET"]}}],"collection":[{"href":"https:\/\/www.europesays.com\/fr\/wp-json\/wp\/v2\/posts"}],"about":[{"href":"https:\/\/www.europesays.com\/fr\/wp-json\/wp\/v2\/types\/post"}],"author":[{"embeddable":true,"href":"https:\/\/www.europesays.com\/fr\/wp-json\/wp\/v2\/users\/2"}],"replies":[{"embeddable":true,"href":"https:\/\/www.europesays.com\/fr\/wp-json\/wp\/v2\/comments?post=600330"}],"version-history":[{"count":0,"href":"https:\/\/www.europesays.com\/fr\/wp-json\/wp\/v2\/posts\/600330\/revisions"}],"wp:featuredmedia":[{"embeddable":true,"href":"https:\/\/www.europesays.com\/fr\/wp-json\/wp\/v2\/media\/600331"}],"wp:attachment":[{"href":"https:\/\/www.europesays.com\/fr\/wp-json\/wp\/v2\/media?parent=600330"}],"wp:term":[{"taxonomy":"category","embeddable":true,"href":"https:\/\/www.europesays.com\/fr\/wp-json\/wp\/v2\/categories?post=600330"},{"taxonomy":"post_tag","embeddable":true,"href":"https:\/\/www.europesays.com\/fr\/wp-json\/wp\/v2\/tags?post=600330"}],"curies":[{"name":"wp","href":"https:\/\/api.w.org\/{rel}","templated":true}]}}