{"id":600358,"date":"2025-12-15T08:13:14","date_gmt":"2025-12-15T08:13:14","guid":{"rendered":"https:\/\/www.europesays.com\/fr\/600358\/"},"modified":"2025-12-15T08:13:14","modified_gmt":"2025-12-15T08:13:14","slug":"comment-la-france-est-en-train-de-ceder-a-lallemagne-liberation","status":"publish","type":"post","link":"https:\/\/www.europesays.com\/fr\/600358\/","title":{"rendered":"comment la France est en train de c\u00e9der \u00e0 l\u2019Allemagne \u2013 Lib\u00e9ration"},"content":{"rendered":"<p class=\"sc-cPiKLX AiZTS text-element\">Le couple franco-allemand se fracture au sujet de l\u2019industrie. Au c\u0153ur de la dispute : l\u2019automobile. Il faut dire que, de l\u2019autre c\u00f4t\u00e9 du Rhin, la question de la pr\u00e9f\u00e9rence europ\u00e9enne porte moins qu\u2019en France, pour des raisons id\u00e9ologiques mais aussi de commerce ext\u00e9rieur, les constructeurs allemands \u00e9tant bien plus tourn\u00e9s vers la Chine. Mais la question s\u2019est cristallis\u00e9e, aussi, sur la remise en cause des r\u00e8gles sur les \u00e9missions de CO2 qui pr\u00e9voient<a href=\"https:\/\/www.liberation.fr\/international\/europe\/lue-valide-la-fin-des-moteurs-thermiques-en-2035-20230328_COJ7BUMNYVE4JFYCESJBEZLZCE\/\" target=\"_blank\" rel=\"noreferrer nofollow noopener\" title=\"https:\/\/www.liberation.fr\/international\/europe\/lue-valide-la-fin-des-moteurs-thermiques-en-2035-20230328_COJ7BUMNYVE4JFYCESJBEZLZCE\/\"> la fin de la vente de v\u00e9hicules neufs thermiques et hybrides \u00e0 partir de 2035<\/a>. La France, avec l\u2019Espagne, s\u2019opposait \u00e0 une r\u00e9vision trop drastique. A l\u2019inverse, l\u2019Allemagne, l\u2019Italie et certains pays d\u2019Europe de l\u2019Est, se faisant les porte-voix des constructeurs, pr\u00f4nent pour que soient autoris\u00e9es des solutions qui sont loin d\u2019en \u00eatre au vu de l\u2019urgence climatique. Apr\u00e8s un report d\u2019une semaine, l\u2019issue de cette joute est maintenant fix\u00e9e au mardi 16 d\u00e9cembre.<\/p>\n<p class=\"sc-cPiKLX AiZTS text-element\">Voil\u00e0 pr\u00e8s d\u2019un an que <a href=\"https:\/\/www.liberation.fr\/economie\/transports\/automobile-les-constructeurs-europeens-veulent-envoyer-dans-le-decor-la-fin-des-moteurs-thermiques-en-2035-20250910_RZVJZS7GWVHCBKGKM7WHITCJ4Q\/?redirected=1\" target=\"_blank\" rel=\"&lt;\/p nofollow noopener\"><\/p>\n","protected":false},"excerpt":{"rendered":"Le couple franco-allemand se fracture au sujet de l\u2019industrie. Au c\u0153ur de la dispute : l\u2019automobile. Il faut&hellip;\n","protected":false},"author":2,"featured_media":600359,"comment_status":"","ping_status":"","sticky":false,"template":"","format":"standard","meta":{"footnotes":""},"categories":[1587],"tags":[11,672,646,1804,2196,1805,1803,1777,674,1801,10805,12,1802,364,3889],"class_list":{"0":"post-600358","1":"post","2":"type-post","3":"status-publish","4":"format-standard","5":"has-post-thumbnail","7":"category-allemagne","8":"tag-actualites","9":"tag-allemagne","10":"tag-automobile","11":"tag-bundesrepublik-deutschland","12":"tag-commission-europeenne","13":"tag-de","14":"tag-deutschland","15":"tag-eu","16":"tag-europe","17":"tag-germany","18":"tag-industries","19":"tag-news","20":"tag-republique-federale-dallemagne","21":"tag-union-europeenne","22":"tag-voitures-electriques"},"share_on_mastodon":{"url":"https:\/\/pubeurope.com\/@fr\/115722584400581844","error":""},"_links":{"self":[{"href":"https:\/\/www.europesays.com\/fr\/wp-json\/wp\/v2\/posts\/600358","targetHints":{"allow":["GET"]}}],"collection":[{"href":"https:\/\/www.europesays.com\/fr\/wp-json\/wp\/v2\/posts"}],"about":[{"href":"https:\/\/www.europesays.com\/fr\/wp-json\/wp\/v2\/types\/post"}],"author":[{"embeddable":true,"href":"https:\/\/www.europesays.com\/fr\/wp-json\/wp\/v2\/users\/2"}],"replies":[{"embeddable":true,"href":"https:\/\/www.europesays.com\/fr\/wp-json\/wp\/v2\/comments?post=600358"}],"version-history":[{"count":0,"href":"https:\/\/www.europesays.com\/fr\/wp-json\/wp\/v2\/posts\/600358\/revisions"}],"wp:featuredmedia":[{"embeddable":true,"href":"https:\/\/www.europesays.com\/fr\/wp-json\/wp\/v2\/media\/600359"}],"wp:attachment":[{"href":"https:\/\/www.europesays.com\/fr\/wp-json\/wp\/v2\/media?parent=600358"}],"wp:term":[{"taxonomy":"category","embeddable":true,"href":"https:\/\/www.europesays.com\/fr\/wp-json\/wp\/v2\/categories?post=600358"},{"taxonomy":"post_tag","embeddable":true,"href":"https:\/\/www.europesays.com\/fr\/wp-json\/wp\/v2\/tags?post=600358"}],"curies":[{"name":"wp","href":"https:\/\/api.w.org\/{rel}","templated":true}]}}