{"id":600368,"date":"2025-12-15T08:18:14","date_gmt":"2025-12-15T08:18:14","guid":{"rendered":"https:\/\/www.europesays.com\/fr\/600368\/"},"modified":"2025-12-15T08:18:14","modified_gmt":"2025-12-15T08:18:14","slug":"le-musee-du-louvre-menace-de-fermeture-en-raison-dune-greve-du-personnel","status":"publish","type":"post","link":"https:\/\/www.europesays.com\/fr\/600368\/","title":{"rendered":"le mus\u00e9e du Louvre menac\u00e9 de fermeture en raison d\u2019une gr\u00e8ve du personnel"},"content":{"rendered":"<p style=\"text-align:justify;\">AA \/ Istanbul \/ Seyma Erkul Dayanc<\/p>\n<p style=\"text-align:justify;\">Le mus\u00e9e du Louvre pourrait \u00eatre contraint de fermer ses portes lundi en raison d\u2019un mouvement de gr\u00e8ve lanc\u00e9 par plusieurs syndicats, qui d\u00e9noncent une d\u00e9gradation continue des conditions de travail et de l\u2019accueil du public.<\/p>\n<p style=\"text-align:justify;\">Les salari\u00e9s du mus\u00e9e du Louvre devaient se r\u00e9unir en assembl\u00e9e g\u00e9n\u00e9rale lundi \u00e0 partir de 9 heures, heure locale, pour voter l\u2019ampleur de la mobilisation, avec un verdict attendu vers 10 heures, selon des sources syndicales cit\u00e9es par franceinfo, le m\u00e9dia d\u2019information en continu du service public fran\u00e7ais.<\/p>\n<p style=\"text-align:justify;\">Les organisations syndicales CFDT (Conf\u00e9d\u00e9ration fran\u00e7aise d\u00e9mocratique du travail), CGT (Conf\u00e9d\u00e9ration g\u00e9n\u00e9rale du travail) et SUD (Solidaires, unitaires et d\u00e9mocratiques) ont d\u00e9pos\u00e9 un pr\u00e9avis de gr\u00e8ve reconductible, estimant que la situation sociale au sein du plus grand mus\u00e9e fran\u00e7ais est devenue \u00ab ing\u00e9rable \u00bb. \u00ab L\u2019ensemble du personnel, toutes cat\u00e9gories confondues, n\u2019en peut plus \u00bb, a d\u00e9clar\u00e9 Val\u00e9rie Baud, d\u00e9l\u00e9gu\u00e9e CFDT du mus\u00e9e.<\/p>\n<p style=\"text-align:justify;\">Selon les syndicats, la mobilisation concerne aussi bien les agents d\u2019accueil et de surveillance que les personnels scientifiques, les r\u00e9gisseurs et les documentalistes. Christian Galani, repr\u00e9sentant de la CGT Culture au Louvre, a indiqu\u00e9 que de nombreux agents \u00e9taient pr\u00eats \u00e0 \u00ab perdre une journ\u00e9e de salaire \u00bb pour faire entendre leurs revendications professionnelles.<\/p>\n<p style=\"text-align:justify;\">Le malaise social s\u2019est accentu\u00e9 \u00e0 la suite d\u2019une s\u00e9rie d\u2019incidents r\u00e9cents. Le cambriolage de la galerie d\u2019Apollon, survenu le dimanche 19 octobre en plein jour, a marqu\u00e9 un tournant, selon la CGT, qui estime que l\u2019\u00e9tablissement a depuis \u00e9t\u00e9 fragilis\u00e9 sur le plan de la s\u00e9curit\u00e9. D\u2019autres \u00e9v\u00e9nements ont suivi, notamment la fermeture temporaire de la galerie Campana \u00e0 la mi-novembre pour des raisons structurelles, puis une fuite d\u2019eau ayant endommag\u00e9 plusieurs centaines d\u2019ouvrages de la biblioth\u00e8que des antiquit\u00e9s \u00e9gyptiennes, a pr\u00e9cis\u00e9 le mus\u00e9e.<\/p>\n<p style=\"text-align:justify;\">Dans un courrier adress\u00e9 \u00e0 la ministre de la Culture, Rachida Dati, les syndicats d\u00e9noncent une p\u00e9nurie chronique d\u2019effectifs, des fermetures fr\u00e9quentes d\u2019espaces mus\u00e9ographiques et la v\u00e9tust\u00e9 de certaines infrastructures. Ils \u00e9voquent \u00e9galement une \u00ab mont\u00e9e en fl\u00e8che des risques psychosociaux \u00bb, un constat partag\u00e9 par la CGT.<\/p>\n<p style=\"text-align:justify;\">Les repr\u00e9sentants du personnel r\u00e9clament notamment la cr\u00e9ation urgente de postes dans les fili\u00e8res accueil et surveillance, ainsi que la titularisation et l\u2019augmentation du temps de travail des agents contractuels, selon le contenu de la lettre.<\/p>\n<p style=\"text-align:justify;\">Les syndicats s\u2019appuient \u00e9galement sur un rapport r\u00e9cent de la Cour des comptes, qui a alert\u00e9 d\u00e9but novembre sur une \u00ab d\u00e9gradation acc\u00e9l\u00e9r\u00e9e \u00bb du mus\u00e9e. Ils demandent que certaines ressources financi\u00e8res, notamment celles issues de la licence de marque \u00ab Louvre Abu Dhabi \u00bb, soient prioritairement utilis\u00e9es pour la r\u00e9novation et la s\u00e9curisation de l\u2019\u00e9tablissement, plut\u00f4t que pour de nouveaux projets architecturaux.<\/p>\n<p style=\"text-align:justify;\">Les critiques visent aussi la pr\u00e9sidente-directrice du mus\u00e9e, Laurence des Cars. La CGT \u00e9voque des relations \u00ab tr\u00e8s distantes \u00bb avec la direction depuis son arriv\u00e9e en septembre 2021. Les syndicats estiment que leurs alertes internes n\u2019ont pas \u00e9t\u00e9 suivies d\u2019effet et souhaitent d\u00e9sormais dialoguer directement avec le minist\u00e8re de la Culture.<\/p>\n<p style=\"text-align:justify;\">De son c\u00f4t\u00e9, Laurence des Cars a contest\u00e9 les conclusions s\u00e9v\u00e8res de la Cour des comptes lors d\u2019une pr\u00e9c\u00e9dente intervention sur franceinfo, affirmant que le Louvre avait besoin de transformations et de modernisation pour r\u00e9pondre aux enjeux d\u2019un mus\u00e9e du XXI\u1d49 si\u00e8cle.<\/p>\n<p>                            &#13;<br \/>\n                                <a href=\"https:\/\/www.aa.com.tr\/fr\/p\/abonnement\/1001\" target=\"_blank\" style=\"font-size:12px; color:#444; text-decoration:none;\" rel=\"noopener\">&#13;<br \/>\n                                    Seulement une partie des d\u00e9p\u00eaches, que l&rsquo;Agence Anadolu diffuse \u00e0 ses abonn\u00e9s via le Syst\u00e8me de Diffusion interne (HAS), est diffus\u00e9e sur le site de l&rsquo;AA, de mani\u00e8re r\u00e9sum\u00e9e. <b style=\"color:#1897F7\">Contactez-nous s&rsquo;il vous pla\u00eet pour vous abonner.<\/b>&#13;<br \/>\n                                <\/a>&#13;<\/p>\n","protected":false},"excerpt":{"rendered":"AA \/ Istanbul \/ Seyma Erkul Dayanc Le mus\u00e9e du Louvre pourrait \u00eatre contraint de fermer ses portes&hellip;\n","protected":false},"author":2,"featured_media":600369,"comment_status":"","ping_status":"","sticky":false,"template":"","format":"standard","meta":{"footnotes":""},"categories":[4],"tags":[11,1785,71301,1011,27,71302,12,25],"class_list":{"0":"post-600368","1":"post","2":"type-post","3":"status-publish","4":"format-standard","5":"has-post-thumbnail","7":"category-france","8":"tag-actualites","9":"tag-anadolu-ajansi","10":"tag-assemble-gnrale-des-salaris","11":"tag-fr","12":"tag-france","13":"tag-muse-du-louvre","14":"tag-news","15":"tag-republique-francaise"},"share_on_mastodon":{"url":"https:\/\/pubeurope.com\/@fr\/115722603896341553","error":""},"_links":{"self":[{"href":"https:\/\/www.europesays.com\/fr\/wp-json\/wp\/v2\/posts\/600368","targetHints":{"allow":["GET"]}}],"collection":[{"href":"https:\/\/www.europesays.com\/fr\/wp-json\/wp\/v2\/posts"}],"about":[{"href":"https:\/\/www.europesays.com\/fr\/wp-json\/wp\/v2\/types\/post"}],"author":[{"embeddable":true,"href":"https:\/\/www.europesays.com\/fr\/wp-json\/wp\/v2\/users\/2"}],"replies":[{"embeddable":true,"href":"https:\/\/www.europesays.com\/fr\/wp-json\/wp\/v2\/comments?post=600368"}],"version-history":[{"count":0,"href":"https:\/\/www.europesays.com\/fr\/wp-json\/wp\/v2\/posts\/600368\/revisions"}],"wp:featuredmedia":[{"embeddable":true,"href":"https:\/\/www.europesays.com\/fr\/wp-json\/wp\/v2\/media\/600369"}],"wp:attachment":[{"href":"https:\/\/www.europesays.com\/fr\/wp-json\/wp\/v2\/media?parent=600368"}],"wp:term":[{"taxonomy":"category","embeddable":true,"href":"https:\/\/www.europesays.com\/fr\/wp-json\/wp\/v2\/categories?post=600368"},{"taxonomy":"post_tag","embeddable":true,"href":"https:\/\/www.europesays.com\/fr\/wp-json\/wp\/v2\/tags?post=600368"}],"curies":[{"name":"wp","href":"https:\/\/api.w.org\/{rel}","templated":true}]}}