{"id":600370,"date":"2025-12-15T08:21:12","date_gmt":"2025-12-15T08:21:12","guid":{"rendered":"https:\/\/www.europesays.com\/fr\/600370\/"},"modified":"2025-12-15T08:21:12","modified_gmt":"2025-12-15T08:21:12","slug":"asbh-touche-a-la-cheville-clement-doumenc-va-se-faire-operer-de-la-cheville-et-sera-absent-plusieurs-mois","status":"publish","type":"post","link":"https:\/\/www.europesays.com\/fr\/600370\/","title":{"rendered":"ASBH\u00a0: touch\u00e9 \u00e0 la cheville, Cl\u00e9ment Doumenc va se faire op\u00e9rer de la cheville et sera absent plusieurs mois"},"content":{"rendered":"<p>\n                                                                Le troisi\u00e8me ligne de l\u2019ASBH, Cl\u00e9ment Doumenc, va se faire op\u00e9rer de la cheville et sera absent les trois prochains mois.\n                            <\/p>\n<p>Une mauvaise nouvelle de plus pour <a href=\"https:\/\/www.midilibre.fr\/sport\/rugby-xv\/asbh\/\" target=\"_blank\" rel=\"noopener\">l\u2019ASBH<\/a>. Son troisi\u00e8me ligne, Cl\u00e9ment Doumenc, va se faire op\u00e9rer de la cheville ce mardi. Il \u00e9tait sorti touch\u00e9 en premi\u00e8re mi-temps, <a href=\"https:\/\/www.midilibre.fr\/2025\/11\/28\/direct-oyonnax-asbh-apres-avoir-releve-la-tete-beziers-doit-enfin-decoller-a-lexterieur-ce-vendredi-a-19-h-30-13080239.php\" target=\"_blank\" rel=\"noopener\">lors du d\u00e9placement \u00e0 Oyonnax (35-24)<\/a> il y a\u00a0quinze jours.<\/p>\n<p>Trois mois d\u2019absence<\/p>\n<p>Le joueur de 28 ans, un des leaders du vestiaire biterrois depuis deux ans, devrait manquer au moins trois mois de comp\u00e9tition. Une bien mauvaise nouvelle pour le club h\u00e9raultais, 14e de Pro D2.<\/p>\n","protected":false},"excerpt":{"rendered":"Le troisi\u00e8me ligne de l\u2019ASBH, Cl\u00e9ment Doumenc, va se faire op\u00e9rer de la cheville et sera absent les&hellip;\n","protected":false},"author":2,"featured_media":600371,"comment_status":"","ping_status":"","sticky":false,"template":"","format":"standard","meta":{"footnotes":""},"categories":[1416],"tags":[37552,1011,27,7089,479,1468,65087,517,60],"class_list":{"0":"post-600370","1":"post","2":"type-post","3":"status-publish","4":"format-standard","5":"has-post-thumbnail","7":"category-rugby","8":"tag-beziers","9":"tag-fr","10":"tag-france","11":"tag-herault","12":"tag-rugby","13":"tag-rugby-football","14":"tag-rugby-xv","15":"tag-sport","16":"tag-sports"},"share_on_mastodon":{"url":"https:\/\/pubeurope.com\/@fr\/115722617076318981","error":""},"_links":{"self":[{"href":"https:\/\/www.europesays.com\/fr\/wp-json\/wp\/v2\/posts\/600370","targetHints":{"allow":["GET"]}}],"collection":[{"href":"https:\/\/www.europesays.com\/fr\/wp-json\/wp\/v2\/posts"}],"about":[{"href":"https:\/\/www.europesays.com\/fr\/wp-json\/wp\/v2\/types\/post"}],"author":[{"embeddable":true,"href":"https:\/\/www.europesays.com\/fr\/wp-json\/wp\/v2\/users\/2"}],"replies":[{"embeddable":true,"href":"https:\/\/www.europesays.com\/fr\/wp-json\/wp\/v2\/comments?post=600370"}],"version-history":[{"count":0,"href":"https:\/\/www.europesays.com\/fr\/wp-json\/wp\/v2\/posts\/600370\/revisions"}],"wp:featuredmedia":[{"embeddable":true,"href":"https:\/\/www.europesays.com\/fr\/wp-json\/wp\/v2\/media\/600371"}],"wp:attachment":[{"href":"https:\/\/www.europesays.com\/fr\/wp-json\/wp\/v2\/media?parent=600370"}],"wp:term":[{"taxonomy":"category","embeddable":true,"href":"https:\/\/www.europesays.com\/fr\/wp-json\/wp\/v2\/categories?post=600370"},{"taxonomy":"post_tag","embeddable":true,"href":"https:\/\/www.europesays.com\/fr\/wp-json\/wp\/v2\/tags?post=600370"}],"curies":[{"name":"wp","href":"https:\/\/api.w.org\/{rel}","templated":true}]}}