{"id":600374,"date":"2025-12-15T08:26:13","date_gmt":"2025-12-15T08:26:13","guid":{"rendered":"https:\/\/www.europesays.com\/fr\/600374\/"},"modified":"2025-12-15T08:26:13","modified_gmt":"2025-12-15T08:26:13","slug":"un-reve-de-petite-fille-qui-se-realise-pour-laly-pichon-actualite","status":"publish","type":"post","link":"https:\/\/www.europesays.com\/fr\/600374\/","title":{"rendered":"\u00ab Un r\u00eave de petite fille \u00bb qui se r\u00e9alise pour Laly Pichon &#8211; Actualit\u00e9"},"content":{"rendered":"<p style=\"text-align: justify;\">Laly Pichon n\u2019a pas gagn\u00e9 \u00e0 Ouistreham, mais elle est tout de m\u00eame mont\u00e9e sur la plus haute marche du podium lors de la c\u00e9r\u00e9monie protocolaire. <strong><a href=\"https:\/\/www.directvelo.com\/actualite\/125892\/cc-coupe-de-france-ouistreham-u19-femmes-classement\" target=\"_blank\" rel=\"noopener\">Domin\u00e9e par la Championne du Monde Lise Revol sur le sable des plages du D\u00e9barquement<\/a><\/strong>, la soci\u00e9taire du Comit\u00e9 de Bretagne l\u2019a emport\u00e9 au classement g\u00e9n\u00e9ral final de la Coupe de France, alors que son adversaire vauclusienne n\u2019a pas disput\u00e9e toutes les manches de la comp\u00e9tition nationale ces derni\u00e8res semaines. \u201cC\u2019est un r\u00eave de petite fille. Quand j\u2019ai commenc\u00e9 le cyclo-cross, je trouvais incroyable de pouvoir gagner ce genre de courses alors je suis super contente\u201d, se f\u00e9licitait-elle \u00e0 chaud aupr\u00e8s de DirectVelo.<\/p>\n<p style=\"text-align: justify;\">La jeune femme assure n\u2019avoir aucun regret quant au sc\u00e9nario de la course de ce dimanche. \u201cJe suis tr\u00e8s contente de ma performance. J\u2019ai essay\u00e9 de faire un bon d\u00e9part. J\u2019ai \u00e9t\u00e9 bloqu\u00e9e mais une fois que j\u2019ai pu me d\u00e9gager et faire ma course, je n\u2019ai pas perdu beaucoup de temps sur Lise. J\u2019ai r\u00e9ussi \u00e0 pratiquement stabiliser l\u2019\u00e9cart tout le long en me donnant \u00e0 fond jusqu\u2019au bout et franchement, c\u2019est tr\u00e8s bien\u201d. <br \/><strong>\u00ab ON DOIT FAIRE FACE \u00c0 LA CHAMPIONNE DU MONDE \u00bb <\/strong><strong><br \/><\/strong><strong><br \/><\/strong>Laly Pichon consid\u00e8re avoir bien g\u00e9r\u00e9 sa course et fait les bons choix entre les parties \u00e0 pied et celles sur sa machine. \u201cSur le sable, je descendais du v\u00e9lo quand il le fallait pour ne pas me planter d\u2019un coup et forcer pour rien. J\u2019avais bien rep\u00e9r\u00e9 les parties qu\u2019il fallait passer en v\u00e9lo ou non\u201d. <strong><a href=\"https:\/\/www.directvelo.com\/actualite\/125923\/cc-coupe-de-france-5-u19-femmes-classement-general-final\" target=\"_blank\" rel=\"noopener\">Et ainsi assurer sa victoire finale au challenge de la r\u00e9gularit\u00e9<\/a><\/strong>.<br \/>Place d\u00e9sormais aux prochaines manches de Coupe du Monde puis au Championnat de France \u00e0 Troyes. \u201cJ\u2019avais couru l\u00e0-bas la saison derni\u00e8re et j\u2019avais bien aim\u00e9\u201d. Difficile tout de m\u00eame de pr\u00e9tendre ambitionner le titre face \u00e0 cette m\u00eame Lise Revol. \u201cC\u2019est s\u00fbr que ce sera compliqu\u00e9, on doit faire face \u00e0 la Championne du Monde, mais je vais tout donner au moins pour un podium\u201d.\u00a0\u00a0<\/p>\n<p>\u00a0<\/p>\n","protected":false},"excerpt":{"rendered":"Laly Pichon n\u2019a pas gagn\u00e9 \u00e0 Ouistreham, mais elle est tout de m\u00eame mont\u00e9e sur la plus haute&hellip;\n","protected":false},"author":2,"featured_media":600375,"comment_status":"","ping_status":"","sticky":false,"template":"","format":"standard","meta":{"footnotes":""},"categories":[1411],"tags":[834,828,836,829,837,827,83,826,824,823,1154,207,814,817,815,816,822,821,832,211,839,1011,27,820,818,819,835,831,830,833,838,60,212,208,825],"class_list":{"0":"post-600374","1":"post","2":"type-post","3":"status-publish","4":"format-standard","5":"has-post-thumbnail","7":"category-cyclisme","8":"tag-attaque","9":"tag-belgique","10":"tag-braquet","11":"tag-bretagne","12":"tag-chute","13":"tag-competition","14":"tag-coupe-de-france","15":"tag-coureur","16":"tag-course-cyclisme","17":"tag-course-cycliste","18":"tag-cycling","19":"tag-cyclisme","20":"tag-direct","21":"tag-direct-velo","22":"tag-directvelo","23":"tag-directvelo-com","24":"tag-epreuve","25":"tag-epreuve-cycliste","26":"tag-federation-francaise-de-cyclisme","27":"tag-ffc","28":"tag-flandres","29":"tag-fr","30":"tag-france","31":"tag-live","32":"tag-live-course","33":"tag-live-epreuve","34":"tag-peloton","35":"tag-radio-peloton","36":"tag-radio-tour","37":"tag-ravitaillement","38":"tag-relance","39":"tag-sports","40":"tag-uci","41":"tag-velo","42":"tag-velos"},"share_on_mastodon":{"url":"https:\/\/pubeurope.com\/@fr\/115722635462927792","error":""},"_links":{"self":[{"href":"https:\/\/www.europesays.com\/fr\/wp-json\/wp\/v2\/posts\/600374","targetHints":{"allow":["GET"]}}],"collection":[{"href":"https:\/\/www.europesays.com\/fr\/wp-json\/wp\/v2\/posts"}],"about":[{"href":"https:\/\/www.europesays.com\/fr\/wp-json\/wp\/v2\/types\/post"}],"author":[{"embeddable":true,"href":"https:\/\/www.europesays.com\/fr\/wp-json\/wp\/v2\/users\/2"}],"replies":[{"embeddable":true,"href":"https:\/\/www.europesays.com\/fr\/wp-json\/wp\/v2\/comments?post=600374"}],"version-history":[{"count":0,"href":"https:\/\/www.europesays.com\/fr\/wp-json\/wp\/v2\/posts\/600374\/revisions"}],"wp:featuredmedia":[{"embeddable":true,"href":"https:\/\/www.europesays.com\/fr\/wp-json\/wp\/v2\/media\/600375"}],"wp:attachment":[{"href":"https:\/\/www.europesays.com\/fr\/wp-json\/wp\/v2\/media?parent=600374"}],"wp:term":[{"taxonomy":"category","embeddable":true,"href":"https:\/\/www.europesays.com\/fr\/wp-json\/wp\/v2\/categories?post=600374"},{"taxonomy":"post_tag","embeddable":true,"href":"https:\/\/www.europesays.com\/fr\/wp-json\/wp\/v2\/tags?post=600374"}],"curies":[{"name":"wp","href":"https:\/\/api.w.org\/{rel}","templated":true}]}}