{"id":600376,"date":"2025-12-15T08:27:11","date_gmt":"2025-12-15T08:27:11","guid":{"rendered":"https:\/\/www.europesays.com\/fr\/600376\/"},"modified":"2025-12-15T08:27:11","modified_gmt":"2025-12-15T08:27:11","slug":"cest-termine-pour-hakimi-le-psg-annonce-deja-son-remplacant","status":"publish","type":"post","link":"https:\/\/www.europesays.com\/fr\/600376\/","title":{"rendered":"C&rsquo;est termin\u00e9 pour Hakimi : Le PSG annonce d\u00e9j\u00e0 son rempla\u00e7ant !"},"content":{"rendered":"<p>                    Arthur Montagne<br \/>\n                        &#8211;<\/p>\n<p>Journaliste<\/p>\n<p>Affam\u00e9 de sport, il a grandi au son des moteurs de Formule 1 et des exploits de Ronaldinho. Aujourd\u2019hui, diplom\u00e9 d&rsquo;un Master de journalisme de sport, il ne rate plus un Grand Prix de F1 ni un match du PSG, ses deux passions et sp\u00e9cialit\u00e9s<\/p>\n<p class=\"heading\">Toujours bless\u00e9 \u00e0 la cheville, Achraf Hakimi ne reviendra pas avec le PSG avant la fin du mois de janvier. En son absence, c&rsquo;est Warren Za\u00efre-Emery qui occupe le poste de lat\u00e9ral droit. Et Luis Enrique confirme qu&rsquo;il est pleinement convaincu par l&rsquo;international fran\u00e7ais \u00e0 ce poste. <\/p>\n<p>Victime d&rsquo;une grosse entorse \u00e0 la cheville lors du choc contre le <strong>Bayern Munich<\/strong>, <strong>Achraf Hakimi<\/strong> n&rsquo;a toujours pas repris la comp\u00e9tition. Et alors qu&rsquo;il participera \u00e0 la CAN, l&rsquo;international marocain ne devrait pas faire son retour avec le <strong>PSG <\/strong>d&rsquo;ici la fin du mois de janvier. En attendant, c&rsquo;est <strong>Warren Za\u00efre-Emery<\/strong> qui occupe le poste de lat\u00e9ral droit. Et <strong>Luis Enrique<\/strong> le voit encore longtemps occuper ce r\u00f4le.<\/p>\n<p>                                            Luis Enrique valide le nouveau poste de Za\u00efre-Emery<\/p>\n<p>\u00ab Tr\u00e8s, tr\u00e8s positif. Je pense qu&rsquo;il a montr\u00e9 sa capacit\u00e9 \u00e0 jouer dans diff\u00e9rentes positions. Et en ce moment, pour nous, avec la blessure de Hakimi, on a besoin d&rsquo;un joueur avec cette capacit\u00e9 physique et technique \u00bb, a-t-il confi\u00e9 en conf\u00e9rence de presse avant d&rsquo;en rajouter une couche.<\/p>\n<p>                                            \u00abJe pense qu&rsquo;il continue \u00e0 faire de bons matchs, tout le temps\u00bb<\/p>\n<p>\u00ab Et je pense qu&rsquo;il continue \u00e0 faire de bons matchs, tout le temps. Il est tr\u00e8s \u00e9quilibrant (NDLR : il dit \u00ab\u00a0\u00e9quilibr\u00e9\u00a0\u00bb mais nous avons corrig\u00e9) et je suis tr\u00e8s content de sa performance aujourd&rsquo;hui. Et c&rsquo;est un vrai plaisir d&rsquo;avoir un joueur comme Warren Za\u00efre-Emery \u00bb, ajoute <strong>Luis Enrique<\/strong>, rapport\u00e9 par CulturePSG.<\/p>\n","protected":false},"excerpt":{"rendered":"Arthur Montagne &#8211; Journaliste Affam\u00e9 de sport, il a grandi au son des moteurs de Formule 1 et&hellip;\n","protected":false},"author":2,"featured_media":600377,"comment_status":"","ping_status":"","sticky":false,"template":"","format":"standard","meta":{"footnotes":""},"categories":[1410],"tags":[63,1011,27,60],"class_list":{"0":"post-600376","1":"post","2":"type-post","3":"status-publish","4":"format-standard","5":"has-post-thumbnail","7":"category-football","8":"tag-football","9":"tag-fr","10":"tag-france","11":"tag-sports"},"share_on_mastodon":{"url":"https:\/\/pubeurope.com\/@fr\/115722639613381455","error":""},"_links":{"self":[{"href":"https:\/\/www.europesays.com\/fr\/wp-json\/wp\/v2\/posts\/600376","targetHints":{"allow":["GET"]}}],"collection":[{"href":"https:\/\/www.europesays.com\/fr\/wp-json\/wp\/v2\/posts"}],"about":[{"href":"https:\/\/www.europesays.com\/fr\/wp-json\/wp\/v2\/types\/post"}],"author":[{"embeddable":true,"href":"https:\/\/www.europesays.com\/fr\/wp-json\/wp\/v2\/users\/2"}],"replies":[{"embeddable":true,"href":"https:\/\/www.europesays.com\/fr\/wp-json\/wp\/v2\/comments?post=600376"}],"version-history":[{"count":0,"href":"https:\/\/www.europesays.com\/fr\/wp-json\/wp\/v2\/posts\/600376\/revisions"}],"wp:featuredmedia":[{"embeddable":true,"href":"https:\/\/www.europesays.com\/fr\/wp-json\/wp\/v2\/media\/600377"}],"wp:attachment":[{"href":"https:\/\/www.europesays.com\/fr\/wp-json\/wp\/v2\/media?parent=600376"}],"wp:term":[{"taxonomy":"category","embeddable":true,"href":"https:\/\/www.europesays.com\/fr\/wp-json\/wp\/v2\/categories?post=600376"},{"taxonomy":"post_tag","embeddable":true,"href":"https:\/\/www.europesays.com\/fr\/wp-json\/wp\/v2\/tags?post=600376"}],"curies":[{"name":"wp","href":"https:\/\/api.w.org\/{rel}","templated":true}]}}