{"id":600380,"date":"2025-12-15T08:29:16","date_gmt":"2025-12-15T08:29:16","guid":{"rendered":"https:\/\/www.europesays.com\/fr\/600380\/"},"modified":"2025-12-15T08:29:16","modified_gmt":"2025-12-15T08:29:16","slug":"construire-de-facon-frugale-et-creative-cest-lobjet-dune-exposition-et-dune-conference","status":"publish","type":"post","link":"https:\/\/www.europesays.com\/fr\/600380\/","title":{"rendered":"Construire de fa\u00e7on frugale et cr\u00e9ative\u00a0: c\u2019est l\u2019objet d\u2019une exposition et d\u2019une conf\u00e9rence"},"content":{"rendered":"<p>\n                                                                    l&rsquo;essentiel<br \/>\n                                                                \u00ab\u00a0Architectures frugales heureuses et cr\u00e9atives en Occitanie\u00a0\u00bb, voil\u00e0 le th\u00e8me d\u2019une exposition et d\u2019une conf\u00e9rence, organis\u00e9es \u00e0 Cahors.\n                            <\/p>\n<p>La conf\u00e9rence \u00ab\u00a0Architectures frugales heureuses et cr\u00e9atives en Occitanie\u00a0\u00bb avec Dominique Gauzin-M\u00fcller, architecte-chercheuse, aura lieu le mardi 16\u00a0d\u00e9cembre \u00e0 18\u00a0heures, dans la salle Henri-Martin de la cit\u00e9 Bessi\u00e8res \u00e0 Cahors.<\/p>\n<p>Auteure de 25 ouvrages<\/p>\n<p>Dominique Gauzin-M\u00fcller travaille depuis quarante ans \u00e0 promouvoir une architecture \u00e9coresponsable sous tous ses aspects. Professeure honoraire de la chaire Unesco \u00ab\u00a0Architectures de terre, cultures constructives et d\u00e9veloppement durable\u00a0\u00bb, elle intervient dans plusieurs universit\u00e9s \u00e0 travers le monde. Elle a \u00e9crit 25 ouvrages et collabore avec de nombreuses revues d\u2019architecture et maisons d\u2019\u00e9dition internationales. En 2018, cette architecte-chercheuse a enfin lanc\u00e9 le Mouvement pour une frugalit\u00e9 heureuse et cr\u00e9ative dans l\u2019architecture et le m\u00e9nagement des territoires.<\/p>\n<p>Cette conf\u00e9rence accompagne l\u2019exposition pr\u00e9sent\u00e9e par le d\u00e9partement, jusqu\u2019au 19\u00a0d\u00e9cembre, dans le hall d\u2019exposition de la cit\u00e9 Bessi\u00e8res \u00e0 <a href=\"https:\/\/www.ladepeche.fr\/communes\/cahors,46042\/\" target=\"_self\" rel=\"noopener\">Cahors<\/a> (pr\u00e8s du cin\u00e9ma), en partenariat avec le CAUE du <a href=\"https:\/\/www.ladepeche.fr\/communes\/lot,46\/\" target=\"_self\" rel=\"noopener\">Lot<\/a>.<\/p>\n<p>L\u2019exposition est en visite libre et gratuite, du lundi au vendredi, de 8\u00a0h\u00a030 \u00e0 12\u00a0heures et de 13\u00a0h\u00a030 \u00e0 16\u00a0h\u00a030. La conf\u00e9rence est sur entr\u00e9e gratuite mais avec une inscription conseill\u00e9e sur la page Plan\u00e8te Lot <a href=\"https:\/\/lot.fr\/programme-planete-lot\" target=\"_self\" rel=\"noopener\">lot.fr\/programme-planete-lot<\/a><\/p>\n","protected":false},"excerpt":{"rendered":"l&rsquo;essentiel \u00ab\u00a0Architectures frugales heureuses et cr\u00e9atives en Occitanie\u00a0\u00bb, voil\u00e0 le th\u00e8me d\u2019une exposition et d\u2019une conf\u00e9rence, organis\u00e9es \u00e0&hellip;\n","protected":false},"author":2,"featured_media":600381,"comment_status":"","ping_status":"","sticky":false,"template":"","format":"standard","meta":{"footnotes":""},"categories":[1358],"tags":[1348,1384,1385,70521,71303,872,1386,58,59,1011,27,20064],"class_list":{"0":"post-600380","1":"post","2":"type-post","3":"status-publish","4":"format-standard","5":"has-post-thumbnail","7":"category-arts-et-design","8":"tag-arts","9":"tag-arts-and-design","10":"tag-arts-et-design","11":"tag-cahors","12":"tag-colloques-et-confu00e9rences","13":"tag-culture-et-loisirs","14":"tag-design","15":"tag-divertissement","16":"tag-entertainment","17":"tag-fr","18":"tag-france","19":"tag-lot"},"share_on_mastodon":{"url":"https:\/\/pubeurope.com\/@fr\/115722647213036933","error":""},"_links":{"self":[{"href":"https:\/\/www.europesays.com\/fr\/wp-json\/wp\/v2\/posts\/600380","targetHints":{"allow":["GET"]}}],"collection":[{"href":"https:\/\/www.europesays.com\/fr\/wp-json\/wp\/v2\/posts"}],"about":[{"href":"https:\/\/www.europesays.com\/fr\/wp-json\/wp\/v2\/types\/post"}],"author":[{"embeddable":true,"href":"https:\/\/www.europesays.com\/fr\/wp-json\/wp\/v2\/users\/2"}],"replies":[{"embeddable":true,"href":"https:\/\/www.europesays.com\/fr\/wp-json\/wp\/v2\/comments?post=600380"}],"version-history":[{"count":0,"href":"https:\/\/www.europesays.com\/fr\/wp-json\/wp\/v2\/posts\/600380\/revisions"}],"wp:featuredmedia":[{"embeddable":true,"href":"https:\/\/www.europesays.com\/fr\/wp-json\/wp\/v2\/media\/600381"}],"wp:attachment":[{"href":"https:\/\/www.europesays.com\/fr\/wp-json\/wp\/v2\/media?parent=600380"}],"wp:term":[{"taxonomy":"category","embeddable":true,"href":"https:\/\/www.europesays.com\/fr\/wp-json\/wp\/v2\/categories?post=600380"},{"taxonomy":"post_tag","embeddable":true,"href":"https:\/\/www.europesays.com\/fr\/wp-json\/wp\/v2\/tags?post=600380"}],"curies":[{"name":"wp","href":"https:\/\/api.w.org\/{rel}","templated":true}]}}